{"id":11750,"date":"2020-06-25T00:26:56","date_gmt":"2020-06-25T03:26:56","guid":{"rendered":"https:\/\/temucotelevision.cl\/web\/?p=11750"},"modified":"2020-06-25T00:26:58","modified_gmt":"2020-06-25T03:26:58","slug":"senadora-aravena-reitera-llamado-a-apelar-y-postular-al-ingreso-familiar-de-emergencia%ef%bb%bf","status":"publish","type":"post","link":"https:\/\/temucotelevision.cl\/web\/2020\/06\/25\/senadora-aravena-reitera-llamado-a-apelar-y-postular-al-ingreso-familiar-de-emergencia%ef%bb%bf\/","title":{"rendered":"Senadora Aravena reitera llamado a apelar y postular al Ingreso Familiar de Emergencia\ufeff"},"content":{"rendered":"<div class=\"pvc_clear\"><\/div><p id=\"pvc_stats_11750\" class=\"pvc_stats total_only  \" data-element-id=\"11750\" style=\"\"><i class=\"pvc-stats-icon large\" aria-hidden=\"true\"><svg aria-hidden=\"true\" focusable=\"false\" data-prefix=\"far\" data-icon=\"chart-bar\" role=\"img\" xmlns=\"http:\/\/www.w3.org\/2000\/svg\" viewBox=\"0 0 512 512\" class=\"svg-inline--fa fa-chart-bar fa-w-16 fa-2x\"><path fill=\"currentColor\" d=\"M396.8 352h22.4c6.4 0 12.8-6.4 12.8-12.8V108.8c0-6.4-6.4-12.8-12.8-12.8h-22.4c-6.4 0-12.8 6.4-12.8 12.8v230.4c0 6.4 6.4 12.8 12.8 12.8zm-192 0h22.4c6.4 0 12.8-6.4 12.8-12.8V140.8c0-6.4-6.4-12.8-12.8-12.8h-22.4c-6.4 0-12.8 6.4-12.8 12.8v198.4c0 6.4 6.4 12.8 12.8 12.8zm96 0h22.4c6.4 0 12.8-6.4 12.8-12.8V204.8c0-6.4-6.4-12.8-12.8-12.8h-22.4c-6.4 0-12.8 6.4-12.8 12.8v134.4c0 6.4 6.4 12.8 12.8 12.8zM496 400H48V80c0-8.84-7.16-16-16-16H16C7.16 64 0 71.16 0 80v336c0 17.67 14.33 32 32 32h464c8.84 0 16-7.16 16-16v-16c0-8.84-7.16-16-16-16zm-387.2-48h22.4c6.4 0 12.8-6.4 12.8-12.8v-70.4c0-6.4-6.4-12.8-12.8-12.8h-22.4c-6.4 0-12.8 6.4-12.8 12.8v70.4c0 6.4 6.4 12.8 12.8 12.8z\" class=\"\"><\/path><\/svg><\/i> <img loading=\"lazy\" decoding=\"async\" width=\"16\" height=\"16\" alt=\"Loading\" src=\"https:\/\/temucotelevision.cl\/web\/wp-content\/plugins\/page-views-count\/ajax-loader-2x.gif\" border=0 \/><\/p><div class=\"pvc_clear\"><\/div>\n<p>&nbsp;_La parlamentaria indic\u00f3 que muchas personas desconocen que tienen un plazo de 10 d\u00edas h\u00e1biles para apelar a la resoluci\u00f3n y as\u00ed poder recibir el beneficio econ\u00f3mico._&nbsp;<\/p>\n\n\n\n<p>Tras una r\u00e1pida tramitaci\u00f3n en el Congreso y la promulgaci\u00f3n, este domingo, de la Ley que ampl\u00eda el monto y beneficiarios que recibir\u00e1n el nuevo Ingreso Familiar de Emergencia, la senadora (IND pro RN), Carmen Gloria Aravena, realiz\u00f3 un llamado para postular a este apoyo econ\u00f3mico y tambi\u00e9n a apelar en el caso de que la primera postulaci\u00f3n haya sido rechazada.<\/p>\n\n\n\n<p>La parlamentaria por la regi\u00f3n de La Araucan\u00eda explic\u00f3 que, el nuevo Ingreso Familiar de Emergencia podr\u00e1 ser recibido por un 80% de los hogares m\u00e1s vulnerables, adem\u00e1s se realiz\u00f3 un perfeccionamiento en el Senado que permite sumar a cerca de 100 mil hogares que reciben una pensi\u00f3n b\u00e1sica solidaria de invalidez, por lo que el universo de quienes recibir\u00e1n este bono pasar\u00e1 de cerca de 1 mill\u00f3n 700 mil a 2 millones 100 mil familias.<\/p>\n\n\n\n<p>\u201cSi bien, la primera suma correspondiente al mes de mayo ya se entreg\u00f3, las familias que cumplen con los requisitos pueden postular hasta el 29 de junio para recibir el segundo aporte del IFE. Para ser parte de los beneficiarios que recibir\u00e1n el tercer e incluso cuarto pago, las familias tienen plazo para postular hasta el 9 de julio. En el Congreso realizamos importantes mejoramientos a este bono, por lo que reitero mi llamado a las familias de mi regi\u00f3n, que realicen las consultas necesarias a nuestro equipo territorial e insistan en postular al Ingreso Familiar de Emergencia\u201d, manifest\u00f3 la parlamentaria.<\/p>\n\n\n\n<p>Asimismo, la senadora Aravena record\u00f3 que las familias cuya primera postulaci\u00f3n al IFE fue rechazada, tienen un plazo de 10 d\u00edas h\u00e1biles, desde que se les inform\u00f3 el rechazo, para ingresar su apelaci\u00f3n a trav\u00e9s de la p\u00e1gina web www.ingresodeemergencia.cl\/reclamo-tipo.<\/p>\n\n\n\n<p>\u201cMuchas personas nos han hecho llegar sus inquietudes porque, pese a cumplir con los requisitos para ser beneficiarios del Ingreso Familiar de Emergencia, su petici\u00f3n fue rechazada y no saben c\u00f3mo poder apelar a esta resoluci\u00f3n. En \u00e9ste sentido, es importante aclarar que si el hogar del postulante presenta alguna caracter\u00edstica que no est\u00e9 contemplada en la web del IFE, por ejemplo, un nuevo miembro del grupo, la familia debe actualizar la informaci\u00f3n de su Registro Social de Hogares\u201d, a\u00f1adi\u00f3.<\/p>\n\n\n\n<p>Cabe se\u00f1alar que, el mecanismo dispuesto para apelar, no permite adjuntar documentos en el reclamo, s\u00f3lo se puede actualizar ingresos v\u00eda declaraci\u00f3n jurada. Por ejemplo, si el postulante se encuentra cesante, sin ingresos laborales formales, debe informar y declararlo en la web del IFE a trav\u00e9s de una declaraci\u00f3n jurada simple o actualizando su Registro Social de Hogares.&nbsp;<\/p>\n\n\n\n<p>Finalmente, Aravena sostuvo que las personas que no sepan c\u00f3mo realizar su postulaci\u00f3n o apelaci\u00f3n al Ingreso Familiar de Emergencia, o quienes no tengan acceso a Internet para realizar su tramitaci\u00f3n, pueden comunicarse con su equipo territorial al +569 4235 9641 o acercarse a su oficina senatorial de Temuco, ubicada en Manuel Rodr\u00edguez 825 oficina 501, donde se atiende p\u00fablico de Lunes a Viernes, entre las 09:00 y 14:00 horas.<\/p>\n","protected":false},"excerpt":{"rendered":"<div class=\"pvc_clear\"><\/div>\n<p id=\"pvc_stats_11750\" class=\"pvc_stats total_only  \" data-element-id=\"11750\" style=\"\"><i class=\"pvc-stats-icon large\" aria-hidden=\"true\"><svg aria-hidden=\"true\" focusable=\"false\" data-prefix=\"far\" data-icon=\"chart-bar\" role=\"img\" xmlns=\"http:\/\/www.w3.org\/2000\/svg\" viewBox=\"0 0 512 512\" class=\"svg-inline--fa fa-chart-bar fa-w-16 fa-2x\"><path fill=\"currentColor\" d=\"M396.8 352h22.4c6.4 0 12.8-6.4 12.8-12.8V108.8c0-6.4-6.4-12.8-12.8-12.8h-22.4c-6.4 0-12.8 6.4-12.8 12.8v230.4c0 6.4 6.4 12.8 12.8 12.8zm-192 0h22.4c6.4 0 12.8-6.4 12.8-12.8V140.8c0-6.4-6.4-12.8-12.8-12.8h-22.4c-6.4 0-12.8 6.4-12.8 12.8v198.4c0 6.4 6.4 12.8 12.8 12.8zm96 0h22.4c6.4 0 12.8-6.4 12.8-12.8V204.8c0-6.4-6.4-12.8-12.8-12.8h-22.4c-6.4 0-12.8 6.4-12.8 12.8v134.4c0 6.4 6.4 12.8 12.8 12.8zM496 400H48V80c0-8.84-7.16-16-16-16H16C7.16 64 0 71.16 0 80v336c0 17.67 14.33 32 32 32h464c8.84 0 16-7.16 16-16v-16c0-8.84-7.16-16-16-16zm-387.2-48h22.4c6.4 0 12.8-6.4 12.8-12.8v-70.4c0-6.4-6.4-12.8-12.8-12.8h-22.4c-6.4 0-12.8 6.4-12.8 12.8v70.4c0 6.4 6.4 12.8 12.8 12.8z\" class=\"\"><\/path><\/svg><\/i> <img loading=\"lazy\" decoding=\"async\" width=\"16\" height=\"16\" alt=\"Loading\" src=\"https:\/\/temucotelevision.cl\/web\/wp-content\/plugins\/page-views-count\/ajax-loader-2x.gif\" border=0 \/><\/p>\n<div class=\"pvc_clear\"><\/div>\n<p>&nbsp;_La parlamentaria indic\u00f3 que muchas personas desconocen que tienen un plazo de 10 d\u00edas h\u00e1biles para apelar a la resoluci\u00f3n<\/p>\n","protected":false},"author":1,"featured_media":9694,"comment_status":"open","ping_status":"open","sticky":false,"template":"","format":"standard","meta":{"colormag_page_container_layout":"default_layout","colormag_page_sidebar_layout":"default_layout","footnotes":""},"categories":[84],"tags":[1409,2312,2065],"class_list":["post-11750","post","type-post","status-publish","format-standard","has-post-thumbnail","hentry","category-politica","tag-llamado","tag-pandemia","tag-senadora"],"a3_pvc":{"activated":true,"total_views":29,"today_views":0},"_links":{"self":[{"href":"https:\/\/temucotelevision.cl\/web\/wp-json\/wp\/v2\/posts\/11750","targetHints":{"allow":["GET"]}}],"collection":[{"href":"https:\/\/temucotelevision.cl\/web\/wp-json\/wp\/v2\/posts"}],"about":[{"href":"https:\/\/temucotelevision.cl\/web\/wp-json\/wp\/v2\/types\/post"}],"author":[{"embeddable":true,"href":"https:\/\/temucotelevision.cl\/web\/wp-json\/wp\/v2\/users\/1"}],"replies":[{"embeddable":true,"href":"https:\/\/temucotelevision.cl\/web\/wp-json\/wp\/v2\/comments?post=11750"}],"version-history":[{"count":1,"href":"https:\/\/temucotelevision.cl\/web\/wp-json\/wp\/v2\/posts\/11750\/revisions"}],"predecessor-version":[{"id":11751,"href":"https:\/\/temucotelevision.cl\/web\/wp-json\/wp\/v2\/posts\/11750\/revisions\/11751"}],"wp:featuredmedia":[{"embeddable":true,"href":"https:\/\/temucotelevision.cl\/web\/wp-json\/wp\/v2\/media\/9694"}],"wp:attachment":[{"href":"https:\/\/temucotelevision.cl\/web\/wp-json\/wp\/v2\/media?parent=11750"}],"wp:term":[{"taxonomy":"category","embeddable":true,"href":"https:\/\/temucotelevision.cl\/web\/wp-json\/wp\/v2\/categories?post=11750"},{"taxonomy":"post_tag","embeddable":true,"href":"https:\/\/temucotelevision.cl\/web\/wp-json\/wp\/v2\/tags?post=11750"}],"curies":[{"name":"wp","href":"https:\/\/api.w.org\/{rel}","templated":true}]}}