{"id":11746,"date":"2020-06-25T00:18:12","date_gmt":"2020-06-25T03:18:12","guid":{"rendered":"https:\/\/temucotelevision.cl\/web\/?p=11746"},"modified":"2020-06-25T00:20:05","modified_gmt":"2020-06-25T03:20:05","slug":"diputada-andrea-parra-gestiona-cajas-de-alimentos-a-traves-de-la-embajada-de-israel","status":"publish","type":"post","link":"https:\/\/temucotelevision.cl\/web\/2020\/06\/25\/diputada-andrea-parra-gestiona-cajas-de-alimentos-a-traves-de-la-embajada-de-israel\/","title":{"rendered":"Diputada Andrea Parra gestiona cajas de alimentos a trav\u00e9s de la Embajada de Israel"},"content":{"rendered":"<div class=\"pvc_clear\"><\/div><p id=\"pvc_stats_11746\" class=\"pvc_stats total_only  \" data-element-id=\"11746\" style=\"\"><i class=\"pvc-stats-icon large\" aria-hidden=\"true\"><svg aria-hidden=\"true\" focusable=\"false\" data-prefix=\"far\" data-icon=\"chart-bar\" role=\"img\" xmlns=\"http:\/\/www.w3.org\/2000\/svg\" viewBox=\"0 0 512 512\" class=\"svg-inline--fa fa-chart-bar fa-w-16 fa-2x\"><path fill=\"currentColor\" d=\"M396.8 352h22.4c6.4 0 12.8-6.4 12.8-12.8V108.8c0-6.4-6.4-12.8-12.8-12.8h-22.4c-6.4 0-12.8 6.4-12.8 12.8v230.4c0 6.4 6.4 12.8 12.8 12.8zm-192 0h22.4c6.4 0 12.8-6.4 12.8-12.8V140.8c0-6.4-6.4-12.8-12.8-12.8h-22.4c-6.4 0-12.8 6.4-12.8 12.8v198.4c0 6.4 6.4 12.8 12.8 12.8zm96 0h22.4c6.4 0 12.8-6.4 12.8-12.8V204.8c0-6.4-6.4-12.8-12.8-12.8h-22.4c-6.4 0-12.8 6.4-12.8 12.8v134.4c0 6.4 6.4 12.8 12.8 12.8zM496 400H48V80c0-8.84-7.16-16-16-16H16C7.16 64 0 71.16 0 80v336c0 17.67 14.33 32 32 32h464c8.84 0 16-7.16 16-16v-16c0-8.84-7.16-16-16-16zm-387.2-48h22.4c6.4 0 12.8-6.4 12.8-12.8v-70.4c0-6.4-6.4-12.8-12.8-12.8h-22.4c-6.4 0-12.8 6.4-12.8 12.8v70.4c0 6.4 6.4 12.8 12.8 12.8z\" class=\"\"><\/path><\/svg><\/i> <img loading=\"lazy\" decoding=\"async\" width=\"16\" height=\"16\" alt=\"Loading\" src=\"https:\/\/temucotelevision.cl\/web\/wp-content\/plugins\/page-views-count\/ajax-loader-2x.gif\" border=0 \/><\/p><div class=\"pvc_clear\"><\/div>\n<p><em>Ante la dif\u00edcil situaci\u00f3n que enfrentan las familias, la Diputada toc\u00f3 diferentes puertas y la embajada israel\u00ed atendi\u00f3 a su llamado.<\/em><\/p>\n\n\n\n<p>Ante la dif\u00edcil realidad que hoy atraviesan miles de familias en el pa\u00eds, y en consideraci\u00f3n de que la realidad regional no es diferente, la Diputada por Araucan\u00eda Norte, Andrea Parra (PPD) realiz\u00f3 un llamado a distintos actores para poder ir en ayuda de las familias de su distrito. Es as\u00ed como su petici\u00f3n fue aceptada por la embajada de Israel, quienes enviaron canastas familiares.<\/p>\n\n\n\n<p>La parlamentaria agradeci\u00f3 encarecidamente el gesto humanitario de la comunidad israerl\u00ed: \u201c<em>es importante para nosotros haber recibido esta ayuda, m\u00e1s a\u00fan considerando que son miles de familias las que hoy no reciben ingresos debido a la p\u00e9rdida del empleo por parte de los jefes o jefas de hogar, y poder llegar con alimento, nos llena de satisfacci\u00f3n. Yo en esta oportunidad he sido solo la intermediaria<\/em>\u201d.<\/p>\n\n\n\n<p>La donaci\u00f3n realizada por la Embajada de Israel fue entregada en las comunas de Angol, Traigu\u00e9n y Victoria.<\/p>\n","protected":false},"excerpt":{"rendered":"<div class=\"pvc_clear\"><\/div>\n<p id=\"pvc_stats_11746\" class=\"pvc_stats total_only  \" data-element-id=\"11746\" style=\"\"><i class=\"pvc-stats-icon large\" aria-hidden=\"true\"><svg aria-hidden=\"true\" focusable=\"false\" data-prefix=\"far\" data-icon=\"chart-bar\" role=\"img\" xmlns=\"http:\/\/www.w3.org\/2000\/svg\" viewBox=\"0 0 512 512\" class=\"svg-inline--fa fa-chart-bar fa-w-16 fa-2x\"><path fill=\"currentColor\" d=\"M396.8 352h22.4c6.4 0 12.8-6.4 12.8-12.8V108.8c0-6.4-6.4-12.8-12.8-12.8h-22.4c-6.4 0-12.8 6.4-12.8 12.8v230.4c0 6.4 6.4 12.8 12.8 12.8zm-192 0h22.4c6.4 0 12.8-6.4 12.8-12.8V140.8c0-6.4-6.4-12.8-12.8-12.8h-22.4c-6.4 0-12.8 6.4-12.8 12.8v198.4c0 6.4 6.4 12.8 12.8 12.8zm96 0h22.4c6.4 0 12.8-6.4 12.8-12.8V204.8c0-6.4-6.4-12.8-12.8-12.8h-22.4c-6.4 0-12.8 6.4-12.8 12.8v134.4c0 6.4 6.4 12.8 12.8 12.8zM496 400H48V80c0-8.84-7.16-16-16-16H16C7.16 64 0 71.16 0 80v336c0 17.67 14.33 32 32 32h464c8.84 0 16-7.16 16-16v-16c0-8.84-7.16-16-16-16zm-387.2-48h22.4c6.4 0 12.8-6.4 12.8-12.8v-70.4c0-6.4-6.4-12.8-12.8-12.8h-22.4c-6.4 0-12.8 6.4-12.8 12.8v70.4c0 6.4 6.4 12.8 12.8 12.8z\" class=\"\"><\/path><\/svg><\/i> <img loading=\"lazy\" decoding=\"async\" width=\"16\" height=\"16\" alt=\"Loading\" src=\"https:\/\/temucotelevision.cl\/web\/wp-content\/plugins\/page-views-count\/ajax-loader-2x.gif\" border=0 \/><\/p>\n<div class=\"pvc_clear\"><\/div>\n<p>Ante la dif\u00edcil situaci\u00f3n que enfrentan las familias, la Diputada toc\u00f3 diferentes puertas y la embajada israel\u00ed atendi\u00f3 a su<\/p>\n","protected":false},"author":1,"featured_media":11747,"comment_status":"open","ping_status":"open","sticky":false,"template":"","format":"standard","meta":{"colormag_page_container_layout":"default_layout","colormag_page_sidebar_layout":"default_layout","footnotes":""},"categories":[84],"tags":[388,788],"class_list":["post-11746","post","type-post","status-publish","format-standard","has-post-thumbnail","hentry","category-politica","tag-alimentos","tag-diputada"],"a3_pvc":{"activated":true,"total_views":42,"today_views":0},"_links":{"self":[{"href":"https:\/\/temucotelevision.cl\/web\/wp-json\/wp\/v2\/posts\/11746","targetHints":{"allow":["GET"]}}],"collection":[{"href":"https:\/\/temucotelevision.cl\/web\/wp-json\/wp\/v2\/posts"}],"about":[{"href":"https:\/\/temucotelevision.cl\/web\/wp-json\/wp\/v2\/types\/post"}],"author":[{"embeddable":true,"href":"https:\/\/temucotelevision.cl\/web\/wp-json\/wp\/v2\/users\/1"}],"replies":[{"embeddable":true,"href":"https:\/\/temucotelevision.cl\/web\/wp-json\/wp\/v2\/comments?post=11746"}],"version-history":[{"count":2,"href":"https:\/\/temucotelevision.cl\/web\/wp-json\/wp\/v2\/posts\/11746\/revisions"}],"predecessor-version":[{"id":11749,"href":"https:\/\/temucotelevision.cl\/web\/wp-json\/wp\/v2\/posts\/11746\/revisions\/11749"}],"wp:featuredmedia":[{"embeddable":true,"href":"https:\/\/temucotelevision.cl\/web\/wp-json\/wp\/v2\/media\/11747"}],"wp:attachment":[{"href":"https:\/\/temucotelevision.cl\/web\/wp-json\/wp\/v2\/media?parent=11746"}],"wp:term":[{"taxonomy":"category","embeddable":true,"href":"https:\/\/temucotelevision.cl\/web\/wp-json\/wp\/v2\/categories?post=11746"},{"taxonomy":"post_tag","embeddable":true,"href":"https:\/\/temucotelevision.cl\/web\/wp-json\/wp\/v2\/tags?post=11746"}],"curies":[{"name":"wp","href":"https:\/\/api.w.org\/{rel}","templated":true}]}}