{"id":11741,"date":"2020-06-24T23:21:32","date_gmt":"2020-06-25T02:21:32","guid":{"rendered":"https:\/\/temucotelevision.cl\/web\/?p=11741"},"modified":"2020-06-24T23:26:47","modified_gmt":"2020-06-25T02:26:47","slug":"corte-de-temuco-confirma-la-prision-preventiva-de-imputado-por-conduccion-en-estado-de-ebriedad-causando-muerte","status":"publish","type":"post","link":"https:\/\/temucotelevision.cl\/web\/2020\/06\/24\/corte-de-temuco-confirma-la-prision-preventiva-de-imputado-por-conduccion-en-estado-de-ebriedad-causando-muerte\/","title":{"rendered":"Corte de Temuco confirma la prisi\u00f3n preventiva de imputado por conducci\u00f3n en estado de ebriedad con resultado de muerte"},"content":{"rendered":"<div class=\"pvc_clear\"><\/div><p id=\"pvc_stats_11741\" class=\"pvc_stats total_only  \" data-element-id=\"11741\" style=\"\"><i class=\"pvc-stats-icon large\" aria-hidden=\"true\"><svg aria-hidden=\"true\" focusable=\"false\" data-prefix=\"far\" data-icon=\"chart-bar\" role=\"img\" xmlns=\"http:\/\/www.w3.org\/2000\/svg\" viewBox=\"0 0 512 512\" class=\"svg-inline--fa fa-chart-bar fa-w-16 fa-2x\"><path fill=\"currentColor\" d=\"M396.8 352h22.4c6.4 0 12.8-6.4 12.8-12.8V108.8c0-6.4-6.4-12.8-12.8-12.8h-22.4c-6.4 0-12.8 6.4-12.8 12.8v230.4c0 6.4 6.4 12.8 12.8 12.8zm-192 0h22.4c6.4 0 12.8-6.4 12.8-12.8V140.8c0-6.4-6.4-12.8-12.8-12.8h-22.4c-6.4 0-12.8 6.4-12.8 12.8v198.4c0 6.4 6.4 12.8 12.8 12.8zm96 0h22.4c6.4 0 12.8-6.4 12.8-12.8V204.8c0-6.4-6.4-12.8-12.8-12.8h-22.4c-6.4 0-12.8 6.4-12.8 12.8v134.4c0 6.4 6.4 12.8 12.8 12.8zM496 400H48V80c0-8.84-7.16-16-16-16H16C7.16 64 0 71.16 0 80v336c0 17.67 14.33 32 32 32h464c8.84 0 16-7.16 16-16v-16c0-8.84-7.16-16-16-16zm-387.2-48h22.4c6.4 0 12.8-6.4 12.8-12.8v-70.4c0-6.4-6.4-12.8-12.8-12.8h-22.4c-6.4 0-12.8 6.4-12.8 12.8v70.4c0 6.4 6.4 12.8 12.8 12.8z\" class=\"\"><\/path><\/svg><\/i> <img loading=\"lazy\" decoding=\"async\" width=\"16\" height=\"16\" alt=\"Loading\" src=\"https:\/\/temucotelevision.cl\/web\/wp-content\/plugins\/page-views-count\/ajax-loader-2x.gif\" border=0 \/><\/p><div class=\"pvc_clear\"><\/div>\n<p>La Corte de Apelaciones de Temuco confirm\u00f3 la prisi\u00f3n preventiva de&nbsp;<strong>Jos\u00e9 Sebasti\u00e1n Carrasco Elgueta<\/strong>, imputado por el Ministerio P\u00fablico como autor de los delitos consumados de conducci\u00f3n en estado de ebriedad causando muerte, lesiones y da\u00f1os, y poner en peligro la salud p\u00fablica. Il\u00edcitos perpetrados el s\u00e1bado 13 de junio pasado, en la ciudad.<\/p>\n\n\n\n<p>En fallo un\u00e1nime, la Segunda Sala del tribunal de alzada \u2013integrada por las ministras Mar\u00eda Georgina Guti\u00e9rrez Aravena, Mirna Espejo Gu\u00ed\u00f1ez\u00a0 y el abogado integrante Roberto Fuentes Fern\u00e1ndez\u2013 confirm\u00f3 la resoluci\u00f3n impugnada, dictada por el Juzgado de Garant\u00eda de Temuco, por\u00a0estimar que la libertad del imputado constituye un peligro para la seguridad de la sociedad.<\/p>\n\n\n\n<p>\u201cAtendido el m\u00e9rito de los antecedentes, lo expuesto por los intervinientes en audiencia, teniendo presente el n\u00famero de delitos por los cuales se ha formalizado investigaci\u00f3n, la pena asignada a los mismos, especialmente, el de conducci\u00f3n en estado de ebriedad con resultado de muerte, que tiene pena de crimen y las diligencias pendientes de investigaci\u00f3n,&nbsp;<strong>SE CONFIRMA&nbsp;<\/strong>la resoluci\u00f3n de fecha quince de junio de dos mil veinte, que decret\u00f3 la prisi\u00f3n preventiva del imputado Jos\u00e9 Sebasti\u00e1n Carrasco Elgueta\u201d, sostiene el fallo.<\/p>\n\n\n\n<p>Seg\u00fan el ente persecutor, aproximadamente a las cuatro de la madrugada del s\u00e1bado 13 de junio de 2020, Carrasco Elgueta conduc\u00eda en estado de ebriedad y bajo los efectos de drogas, el veh\u00edculo Subaru Legacy patente DK 9777, por avenida Pedro de Valdivia de Temuco, perdiendo el control y del autom\u00f3vil, por lo que impact\u00f3 el frontis de los domicilios signados con los n\u00fameros 02595 y 02591 de dicha arteria, provocando da\u00f1os en los cierres perimetrales de los inmuebles.<\/p>\n\n\n\n<p>En tanto, la v\u00edctima, Mayra Patricia Esp\u00edndola Recabarren, quien viajaba en el asiento trasero del veh\u00edculo que conduc\u00eda Carrasco Elgueta result\u00f3 fallecida, debido a un traumatismo enc\u00e9falo craneano cerrado; y un segundo acompa\u00f1ante result\u00f3 con eritema en la frente de car\u00e1cter leve.<\/p>\n\n\n\n<p>Al llegar al lugar, Carabineros se dio cuenta del estado et\u00edlico del imputado, por su fuerte h\u00e1lito et\u00edlico y rostro congestionado, por lo cual se le practic\u00f3 el alcotest, que arroj\u00f3 un resultado de 1,29 gramos de alcohol por litro en la sangre, para posteriormente ser trasladado al Cesfam de Pedro de Valdivia, donde se le practic\u00f3 la alcoholemia.<\/p>\n\n\n\n<p>Adem\u00e1s el imputado no contaba con autorizaci\u00f3n para circular en el horario del accidente, dada la restricci\u00f3n decretada para evitar la expansi\u00f3n de la pandemia de covid-19.<\/p>\n","protected":false},"excerpt":{"rendered":"<div class=\"pvc_clear\"><\/div>\n<p id=\"pvc_stats_11741\" class=\"pvc_stats total_only  \" data-element-id=\"11741\" style=\"\"><i class=\"pvc-stats-icon large\" aria-hidden=\"true\"><svg aria-hidden=\"true\" focusable=\"false\" data-prefix=\"far\" data-icon=\"chart-bar\" role=\"img\" xmlns=\"http:\/\/www.w3.org\/2000\/svg\" viewBox=\"0 0 512 512\" class=\"svg-inline--fa fa-chart-bar fa-w-16 fa-2x\"><path fill=\"currentColor\" d=\"M396.8 352h22.4c6.4 0 12.8-6.4 12.8-12.8V108.8c0-6.4-6.4-12.8-12.8-12.8h-22.4c-6.4 0-12.8 6.4-12.8 12.8v230.4c0 6.4 6.4 12.8 12.8 12.8zm-192 0h22.4c6.4 0 12.8-6.4 12.8-12.8V140.8c0-6.4-6.4-12.8-12.8-12.8h-22.4c-6.4 0-12.8 6.4-12.8 12.8v198.4c0 6.4 6.4 12.8 12.8 12.8zm96 0h22.4c6.4 0 12.8-6.4 12.8-12.8V204.8c0-6.4-6.4-12.8-12.8-12.8h-22.4c-6.4 0-12.8 6.4-12.8 12.8v134.4c0 6.4 6.4 12.8 12.8 12.8zM496 400H48V80c0-8.84-7.16-16-16-16H16C7.16 64 0 71.16 0 80v336c0 17.67 14.33 32 32 32h464c8.84 0 16-7.16 16-16v-16c0-8.84-7.16-16-16-16zm-387.2-48h22.4c6.4 0 12.8-6.4 12.8-12.8v-70.4c0-6.4-6.4-12.8-12.8-12.8h-22.4c-6.4 0-12.8 6.4-12.8 12.8v70.4c0 6.4 6.4 12.8 12.8 12.8z\" class=\"\"><\/path><\/svg><\/i> <img loading=\"lazy\" decoding=\"async\" width=\"16\" height=\"16\" alt=\"Loading\" src=\"https:\/\/temucotelevision.cl\/web\/wp-content\/plugins\/page-views-count\/ajax-loader-2x.gif\" border=0 \/><\/p>\n<div class=\"pvc_clear\"><\/div>\n<p>La Corte de Apelaciones de Temuco confirm\u00f3 la prisi\u00f3n preventiva de&nbsp;Jos\u00e9 Sebasti\u00e1n Carrasco Elgueta, imputado por el Ministerio P\u00fablico como<\/p>\n","protected":false},"author":1,"featured_media":3884,"comment_status":"open","ping_status":"open","sticky":false,"template":"","format":"standard","meta":{"colormag_page_container_layout":"default_layout","colormag_page_sidebar_layout":"default_layout","footnotes":""},"categories":[14],"tags":[2673,365,792],"class_list":["post-11741","post","type-post","status-publish","format-standard","has-post-thumbnail","hentry","category-temuco","tag-conduccion","tag-corte","tag-imputado"],"a3_pvc":{"activated":true,"total_views":54,"today_views":0},"_links":{"self":[{"href":"https:\/\/temucotelevision.cl\/web\/wp-json\/wp\/v2\/posts\/11741","targetHints":{"allow":["GET"]}}],"collection":[{"href":"https:\/\/temucotelevision.cl\/web\/wp-json\/wp\/v2\/posts"}],"about":[{"href":"https:\/\/temucotelevision.cl\/web\/wp-json\/wp\/v2\/types\/post"}],"author":[{"embeddable":true,"href":"https:\/\/temucotelevision.cl\/web\/wp-json\/wp\/v2\/users\/1"}],"replies":[{"embeddable":true,"href":"https:\/\/temucotelevision.cl\/web\/wp-json\/wp\/v2\/comments?post=11741"}],"version-history":[{"count":3,"href":"https:\/\/temucotelevision.cl\/web\/wp-json\/wp\/v2\/posts\/11741\/revisions"}],"predecessor-version":[{"id":11745,"href":"https:\/\/temucotelevision.cl\/web\/wp-json\/wp\/v2\/posts\/11741\/revisions\/11745"}],"wp:featuredmedia":[{"embeddable":true,"href":"https:\/\/temucotelevision.cl\/web\/wp-json\/wp\/v2\/media\/3884"}],"wp:attachment":[{"href":"https:\/\/temucotelevision.cl\/web\/wp-json\/wp\/v2\/media?parent=11741"}],"wp:term":[{"taxonomy":"category","embeddable":true,"href":"https:\/\/temucotelevision.cl\/web\/wp-json\/wp\/v2\/categories?post=11741"},{"taxonomy":"post_tag","embeddable":true,"href":"https:\/\/temucotelevision.cl\/web\/wp-json\/wp\/v2\/tags?post=11741"}],"curies":[{"name":"wp","href":"https:\/\/api.w.org\/{rel}","templated":true}]}}