{"id":11725,"date":"2020-06-24T20:27:06","date_gmt":"2020-06-24T23:27:06","guid":{"rendered":"https:\/\/temucotelevision.cl\/web\/?p=11725"},"modified":"2020-06-24T23:17:43","modified_gmt":"2020-06-25T02:17:43","slug":"we-tripantu-senador-quintana-aboga-por-un-estado-plurinacional","status":"publish","type":"post","link":"https:\/\/temucotelevision.cl\/web\/2020\/06\/24\/we-tripantu-senador-quintana-aboga-por-un-estado-plurinacional\/","title":{"rendered":"We Tripantu: Senador Quintana aboga por un Estado plurinacional"},"content":{"rendered":"<div class=\"pvc_clear\"><\/div><p id=\"pvc_stats_11725\" class=\"pvc_stats total_only  \" data-element-id=\"11725\" style=\"\"><i class=\"pvc-stats-icon large\" aria-hidden=\"true\"><svg aria-hidden=\"true\" focusable=\"false\" data-prefix=\"far\" data-icon=\"chart-bar\" role=\"img\" xmlns=\"http:\/\/www.w3.org\/2000\/svg\" viewBox=\"0 0 512 512\" class=\"svg-inline--fa fa-chart-bar fa-w-16 fa-2x\"><path fill=\"currentColor\" d=\"M396.8 352h22.4c6.4 0 12.8-6.4 12.8-12.8V108.8c0-6.4-6.4-12.8-12.8-12.8h-22.4c-6.4 0-12.8 6.4-12.8 12.8v230.4c0 6.4 6.4 12.8 12.8 12.8zm-192 0h22.4c6.4 0 12.8-6.4 12.8-12.8V140.8c0-6.4-6.4-12.8-12.8-12.8h-22.4c-6.4 0-12.8 6.4-12.8 12.8v198.4c0 6.4 6.4 12.8 12.8 12.8zm96 0h22.4c6.4 0 12.8-6.4 12.8-12.8V204.8c0-6.4-6.4-12.8-12.8-12.8h-22.4c-6.4 0-12.8 6.4-12.8 12.8v134.4c0 6.4 6.4 12.8 12.8 12.8zM496 400H48V80c0-8.84-7.16-16-16-16H16C7.16 64 0 71.16 0 80v336c0 17.67 14.33 32 32 32h464c8.84 0 16-7.16 16-16v-16c0-8.84-7.16-16-16-16zm-387.2-48h22.4c6.4 0 12.8-6.4 12.8-12.8v-70.4c0-6.4-6.4-12.8-12.8-12.8h-22.4c-6.4 0-12.8 6.4-12.8 12.8v70.4c0 6.4 6.4 12.8 12.8 12.8z\" class=\"\"><\/path><\/svg><\/i> <img loading=\"lazy\" decoding=\"async\" width=\"16\" height=\"16\" alt=\"Loading\" src=\"https:\/\/temucotelevision.cl\/web\/wp-content\/plugins\/page-views-count\/ajax-loader-2x.gif\" border=0 \/><\/p><div class=\"pvc_clear\"><\/div>\n<p><em>El parlamentario por La Araucan\u00eda reiter\u00f3 su compromiso con los derechos de los pueblos ind\u00edgenas.<\/em><\/p>\n\n\n\n<p>\u201cEn este Wetripantu, quiero expresarle a todo el pueblo mapuche mis mejores deseos. S\u00e9 que con ocasi\u00f3n del Covid ser\u00e1 una celebraci\u00f3n distinta, probablemente m\u00e1s en familia, pero conservando<\/p>\n\n\n\n<p>las tradiciones. Les vuelvo a reafirmar mi compromiso de seguir luchando por el reconocimiento de sus derechos ancestrales y culturales, para que en conjunto sigamos construyendo este Estado diverso, democr\u00e1tico y plurinacional que so\u00f1amos\u201d, expres\u00f3.<\/p>\n\n\n\n<p>Al mismo tiempo, el senador fue enf\u00e1tico en se\u00f1alar su compromiso con el reconocimiento constitucional de los pueblos originarios:&nbsp;\u201cEspero que en la nueva Constituci\u00f3n sean reconocidos los derechos y la autonom\u00eda de los pueblos originarios. Nuestro pa\u00eds y La Araucan\u00eda deben avanzar hacia un entendimiento a trav\u00e9s del di\u00e1logo, hasta lograr una convivencia en paz., donde todos tengamos los mismos derechos y sea saldada la deuda que tiene el Estado de Chile con el&nbsp;pueblo Mapuche\u201d.<\/p>\n\n\n\n<p>Por otro lado, el senador Quintana, en el marco del trabajo la devoluci\u00f3n de tierras ancestrales, detall\u00f3 que espera se logre avanzar a\u00fan m\u00e1s en el desarrollo de la pol\u00edtica de compras de tierras; as\u00ed como en el acceso al agua por parte de las comunidades; cuesti\u00f3n que calific\u00f3 como un tema urgente a resolver&nbsp;y \u201cparte de los compromisos del Estado de Chile con&nbsp;los tratados y conveniosinternacionales suscritos\u201d.<\/p>\n","protected":false},"excerpt":{"rendered":"<div class=\"pvc_clear\"><\/div>\n<p id=\"pvc_stats_11725\" class=\"pvc_stats total_only  \" data-element-id=\"11725\" style=\"\"><i class=\"pvc-stats-icon large\" aria-hidden=\"true\"><svg aria-hidden=\"true\" focusable=\"false\" data-prefix=\"far\" data-icon=\"chart-bar\" role=\"img\" xmlns=\"http:\/\/www.w3.org\/2000\/svg\" viewBox=\"0 0 512 512\" class=\"svg-inline--fa fa-chart-bar fa-w-16 fa-2x\"><path fill=\"currentColor\" d=\"M396.8 352h22.4c6.4 0 12.8-6.4 12.8-12.8V108.8c0-6.4-6.4-12.8-12.8-12.8h-22.4c-6.4 0-12.8 6.4-12.8 12.8v230.4c0 6.4 6.4 12.8 12.8 12.8zm-192 0h22.4c6.4 0 12.8-6.4 12.8-12.8V140.8c0-6.4-6.4-12.8-12.8-12.8h-22.4c-6.4 0-12.8 6.4-12.8 12.8v198.4c0 6.4 6.4 12.8 12.8 12.8zm96 0h22.4c6.4 0 12.8-6.4 12.8-12.8V204.8c0-6.4-6.4-12.8-12.8-12.8h-22.4c-6.4 0-12.8 6.4-12.8 12.8v134.4c0 6.4 6.4 12.8 12.8 12.8zM496 400H48V80c0-8.84-7.16-16-16-16H16C7.16 64 0 71.16 0 80v336c0 17.67 14.33 32 32 32h464c8.84 0 16-7.16 16-16v-16c0-8.84-7.16-16-16-16zm-387.2-48h22.4c6.4 0 12.8-6.4 12.8-12.8v-70.4c0-6.4-6.4-12.8-12.8-12.8h-22.4c-6.4 0-12.8 6.4-12.8 12.8v70.4c0 6.4 6.4 12.8 12.8 12.8z\" class=\"\"><\/path><\/svg><\/i> <img loading=\"lazy\" decoding=\"async\" width=\"16\" height=\"16\" alt=\"Loading\" src=\"https:\/\/temucotelevision.cl\/web\/wp-content\/plugins\/page-views-count\/ajax-loader-2x.gif\" border=0 \/><\/p>\n<div class=\"pvc_clear\"><\/div>\n<p>El parlamentario por La Araucan\u00eda reiter\u00f3 su compromiso con los derechos de los pueblos ind\u00edgenas. \u201cEn este Wetripantu, quiero expresarle<\/p>\n","protected":false},"author":1,"featured_media":11533,"comment_status":"open","ping_status":"open","sticky":false,"template":"","format":"standard","meta":{"colormag_page_container_layout":"default_layout","colormag_page_sidebar_layout":"default_layout","footnotes":""},"categories":[84],"tags":[],"class_list":["post-11725","post","type-post","status-publish","format-standard","has-post-thumbnail","hentry","category-politica"],"a3_pvc":{"activated":true,"total_views":44,"today_views":0},"_links":{"self":[{"href":"https:\/\/temucotelevision.cl\/web\/wp-json\/wp\/v2\/posts\/11725","targetHints":{"allow":["GET"]}}],"collection":[{"href":"https:\/\/temucotelevision.cl\/web\/wp-json\/wp\/v2\/posts"}],"about":[{"href":"https:\/\/temucotelevision.cl\/web\/wp-json\/wp\/v2\/types\/post"}],"author":[{"embeddable":true,"href":"https:\/\/temucotelevision.cl\/web\/wp-json\/wp\/v2\/users\/1"}],"replies":[{"embeddable":true,"href":"https:\/\/temucotelevision.cl\/web\/wp-json\/wp\/v2\/comments?post=11725"}],"version-history":[{"count":4,"href":"https:\/\/temucotelevision.cl\/web\/wp-json\/wp\/v2\/posts\/11725\/revisions"}],"predecessor-version":[{"id":11740,"href":"https:\/\/temucotelevision.cl\/web\/wp-json\/wp\/v2\/posts\/11725\/revisions\/11740"}],"wp:featuredmedia":[{"embeddable":true,"href":"https:\/\/temucotelevision.cl\/web\/wp-json\/wp\/v2\/media\/11533"}],"wp:attachment":[{"href":"https:\/\/temucotelevision.cl\/web\/wp-json\/wp\/v2\/media?parent=11725"}],"wp:term":[{"taxonomy":"category","embeddable":true,"href":"https:\/\/temucotelevision.cl\/web\/wp-json\/wp\/v2\/categories?post=11725"},{"taxonomy":"post_tag","embeddable":true,"href":"https:\/\/temucotelevision.cl\/web\/wp-json\/wp\/v2\/tags?post=11725"}],"curies":[{"name":"wp","href":"https:\/\/api.w.org\/{rel}","templated":true}]}}