{"id":11722,"date":"2020-06-24T20:13:28","date_gmt":"2020-06-24T23:13:28","guid":{"rendered":"https:\/\/temucotelevision.cl\/web\/?p=11722"},"modified":"2020-06-24T20:13:31","modified_gmt":"2020-06-24T23:13:31","slug":"cuidadores-de-adultos-mayores-de-casas-particulares-y-de-hogares-podran-seguir-ejerciendo-su-labor-en-cuarentena","status":"publish","type":"post","link":"https:\/\/temucotelevision.cl\/web\/2020\/06\/24\/cuidadores-de-adultos-mayores-de-casas-particulares-y-de-hogares-podran-seguir-ejerciendo-su-labor-en-cuarentena\/","title":{"rendered":"Cuidadores de adultos mayores de casas particulares y de hogares podr\u00e1n seguir ejerciendo su labor en cuarentena"},"content":{"rendered":"<div class=\"pvc_clear\"><\/div><p id=\"pvc_stats_11722\" class=\"pvc_stats total_only  \" data-element-id=\"11722\" style=\"\"><i class=\"pvc-stats-icon large\" aria-hidden=\"true\"><svg aria-hidden=\"true\" focusable=\"false\" data-prefix=\"far\" data-icon=\"chart-bar\" role=\"img\" xmlns=\"http:\/\/www.w3.org\/2000\/svg\" viewBox=\"0 0 512 512\" class=\"svg-inline--fa fa-chart-bar fa-w-16 fa-2x\"><path fill=\"currentColor\" d=\"M396.8 352h22.4c6.4 0 12.8-6.4 12.8-12.8V108.8c0-6.4-6.4-12.8-12.8-12.8h-22.4c-6.4 0-12.8 6.4-12.8 12.8v230.4c0 6.4 6.4 12.8 12.8 12.8zm-192 0h22.4c6.4 0 12.8-6.4 12.8-12.8V140.8c0-6.4-6.4-12.8-12.8-12.8h-22.4c-6.4 0-12.8 6.4-12.8 12.8v198.4c0 6.4 6.4 12.8 12.8 12.8zm96 0h22.4c6.4 0 12.8-6.4 12.8-12.8V204.8c0-6.4-6.4-12.8-12.8-12.8h-22.4c-6.4 0-12.8 6.4-12.8 12.8v134.4c0 6.4 6.4 12.8 12.8 12.8zM496 400H48V80c0-8.84-7.16-16-16-16H16C7.16 64 0 71.16 0 80v336c0 17.67 14.33 32 32 32h464c8.84 0 16-7.16 16-16v-16c0-8.84-7.16-16-16-16zm-387.2-48h22.4c6.4 0 12.8-6.4 12.8-12.8v-70.4c0-6.4-6.4-12.8-12.8-12.8h-22.4c-6.4 0-12.8 6.4-12.8 12.8v70.4c0 6.4 6.4 12.8 12.8 12.8z\" class=\"\"><\/path><\/svg><\/i> <img loading=\"lazy\" decoding=\"async\" width=\"16\" height=\"16\" alt=\"Loading\" src=\"https:\/\/temucotelevision.cl\/web\/wp-content\/plugins\/page-views-count\/ajax-loader-2x.gif\" border=0 \/><\/p><div class=\"pvc_clear\"><\/div>\n<ul class=\"wp-block-list\"><li><em>Las medidas est\u00e1n contenidas en la actualizaci\u00f3n de los permisos de desplazamiento informada por la autoridad.<\/em><\/li><\/ul>\n\n\n\n<p>Ante la actualizaci\u00f3n de los permisos de desplazamiento para la ciudadan\u00eda en medio de la cuarentena, el Servicio Nacional del Adulto Mayor (SENAMA) informa que los cuidadores de personas mayores de casas particulares, podr\u00e1n seguir ejerciendo su labor de apoyo, presentando una declaraci\u00f3n jurada.<\/p>\n\n\n\n<p>Esta medida rige para quienes tengan o no contrato, debiendo acreditar la condici\u00f3n de salud de la persona que recibe su asistencia y su vinculaci\u00f3n con ella.<\/p>\n\n\n\n<p>La declaraci\u00f3n jurada est\u00e1 disponible en la web&nbsp;<a href=\"https:\/\/www.c19.cl\/\">https:\/\/www.c19.cl\/<\/a>&nbsp;y la duraci\u00f3n de este permiso es de 16 horas. Es importante considerar que falsedad de los datos declarados ser\u00e1 penada por la ley.<\/p>\n\n\n\n<p>En el marco de los permisos colectivos, los equipos de salud de los Establecimientos de Larga Estad\u00eda, sean cuidadores, t\u00e9cnicos, personal de alimentaci\u00f3n, limpieza y mantenci\u00f3n, entre otros,&nbsp;&nbsp;tambi\u00e9n podr\u00e1n continuar desplaz\u00e1ndose a sus labores, portando su credencial y carnet de identidad.<\/p>\n\n\n\n<p>La Directora Regional del SENAMA, Karin Mella, destac\u00f3 la medida: \u201cporque hay muchas personas mayores que requieren de la asistencia de otro para sus actividades de la vida diaria, y en el caso de los ELEAM, todo el personal es esencial para el \u00f3ptimo funcionamiento de este\u201d. Puntualizo.&nbsp;<\/p>\n","protected":false},"excerpt":{"rendered":"<div class=\"pvc_clear\"><\/div>\n<p id=\"pvc_stats_11722\" class=\"pvc_stats total_only  \" data-element-id=\"11722\" style=\"\"><i class=\"pvc-stats-icon large\" aria-hidden=\"true\"><svg aria-hidden=\"true\" focusable=\"false\" data-prefix=\"far\" data-icon=\"chart-bar\" role=\"img\" xmlns=\"http:\/\/www.w3.org\/2000\/svg\" viewBox=\"0 0 512 512\" class=\"svg-inline--fa fa-chart-bar fa-w-16 fa-2x\"><path fill=\"currentColor\" d=\"M396.8 352h22.4c6.4 0 12.8-6.4 12.8-12.8V108.8c0-6.4-6.4-12.8-12.8-12.8h-22.4c-6.4 0-12.8 6.4-12.8 12.8v230.4c0 6.4 6.4 12.8 12.8 12.8zm-192 0h22.4c6.4 0 12.8-6.4 12.8-12.8V140.8c0-6.4-6.4-12.8-12.8-12.8h-22.4c-6.4 0-12.8 6.4-12.8 12.8v198.4c0 6.4 6.4 12.8 12.8 12.8zm96 0h22.4c6.4 0 12.8-6.4 12.8-12.8V204.8c0-6.4-6.4-12.8-12.8-12.8h-22.4c-6.4 0-12.8 6.4-12.8 12.8v134.4c0 6.4 6.4 12.8 12.8 12.8zM496 400H48V80c0-8.84-7.16-16-16-16H16C7.16 64 0 71.16 0 80v336c0 17.67 14.33 32 32 32h464c8.84 0 16-7.16 16-16v-16c0-8.84-7.16-16-16-16zm-387.2-48h22.4c6.4 0 12.8-6.4 12.8-12.8v-70.4c0-6.4-6.4-12.8-12.8-12.8h-22.4c-6.4 0-12.8 6.4-12.8 12.8v70.4c0 6.4 6.4 12.8 12.8 12.8z\" class=\"\"><\/path><\/svg><\/i> <img loading=\"lazy\" decoding=\"async\" width=\"16\" height=\"16\" alt=\"Loading\" src=\"https:\/\/temucotelevision.cl\/web\/wp-content\/plugins\/page-views-count\/ajax-loader-2x.gif\" border=0 \/><\/p>\n<div class=\"pvc_clear\"><\/div>\n<p>Las medidas est\u00e1n contenidas en la actualizaci\u00f3n de los permisos de desplazamiento informada por la autoridad. Ante la actualizaci\u00f3n de<\/p>\n","protected":false},"author":1,"featured_media":11723,"comment_status":"open","ping_status":"open","sticky":false,"template":"","format":"standard","meta":{"colormag_page_container_layout":"default_layout","colormag_page_sidebar_layout":"default_layout","footnotes":""},"categories":[101],"tags":[249,131],"class_list":["post-11722","post","type-post","status-publish","format-standard","has-post-thumbnail","hentry","category-actualidad","tag-adultos-mayores","tag-salud"],"a3_pvc":{"activated":true,"total_views":38,"today_views":0},"_links":{"self":[{"href":"https:\/\/temucotelevision.cl\/web\/wp-json\/wp\/v2\/posts\/11722","targetHints":{"allow":["GET"]}}],"collection":[{"href":"https:\/\/temucotelevision.cl\/web\/wp-json\/wp\/v2\/posts"}],"about":[{"href":"https:\/\/temucotelevision.cl\/web\/wp-json\/wp\/v2\/types\/post"}],"author":[{"embeddable":true,"href":"https:\/\/temucotelevision.cl\/web\/wp-json\/wp\/v2\/users\/1"}],"replies":[{"embeddable":true,"href":"https:\/\/temucotelevision.cl\/web\/wp-json\/wp\/v2\/comments?post=11722"}],"version-history":[{"count":1,"href":"https:\/\/temucotelevision.cl\/web\/wp-json\/wp\/v2\/posts\/11722\/revisions"}],"predecessor-version":[{"id":11724,"href":"https:\/\/temucotelevision.cl\/web\/wp-json\/wp\/v2\/posts\/11722\/revisions\/11724"}],"wp:featuredmedia":[{"embeddable":true,"href":"https:\/\/temucotelevision.cl\/web\/wp-json\/wp\/v2\/media\/11723"}],"wp:attachment":[{"href":"https:\/\/temucotelevision.cl\/web\/wp-json\/wp\/v2\/media?parent=11722"}],"wp:term":[{"taxonomy":"category","embeddable":true,"href":"https:\/\/temucotelevision.cl\/web\/wp-json\/wp\/v2\/categories?post=11722"},{"taxonomy":"post_tag","embeddable":true,"href":"https:\/\/temucotelevision.cl\/web\/wp-json\/wp\/v2\/tags?post=11722"}],"curies":[{"name":"wp","href":"https:\/\/api.w.org\/{rel}","templated":true}]}}