{"id":11718,"date":"2020-06-24T19:59:05","date_gmt":"2020-06-24T22:59:05","guid":{"rendered":"https:\/\/temucotelevision.cl\/web\/?p=11718"},"modified":"2020-06-24T19:59:08","modified_gmt":"2020-06-24T22:59:08","slug":"cuarentena-el-nuevo-single-de-luis-pedraza-hecho-100-en-casa","status":"publish","type":"post","link":"https:\/\/temucotelevision.cl\/web\/2020\/06\/24\/cuarentena-el-nuevo-single-de-luis-pedraza-hecho-100-en-casa\/","title":{"rendered":"&#8220;Cuarentena&#8221;, el nuevo single de Luis Pedraza hecho 100% en casa"},"content":{"rendered":"<div class=\"pvc_clear\"><\/div><p id=\"pvc_stats_11718\" class=\"pvc_stats total_only  \" data-element-id=\"11718\" style=\"\"><i class=\"pvc-stats-icon large\" aria-hidden=\"true\"><svg aria-hidden=\"true\" focusable=\"false\" data-prefix=\"far\" data-icon=\"chart-bar\" role=\"img\" xmlns=\"http:\/\/www.w3.org\/2000\/svg\" viewBox=\"0 0 512 512\" class=\"svg-inline--fa fa-chart-bar fa-w-16 fa-2x\"><path fill=\"currentColor\" d=\"M396.8 352h22.4c6.4 0 12.8-6.4 12.8-12.8V108.8c0-6.4-6.4-12.8-12.8-12.8h-22.4c-6.4 0-12.8 6.4-12.8 12.8v230.4c0 6.4 6.4 12.8 12.8 12.8zm-192 0h22.4c6.4 0 12.8-6.4 12.8-12.8V140.8c0-6.4-6.4-12.8-12.8-12.8h-22.4c-6.4 0-12.8 6.4-12.8 12.8v198.4c0 6.4 6.4 12.8 12.8 12.8zm96 0h22.4c6.4 0 12.8-6.4 12.8-12.8V204.8c0-6.4-6.4-12.8-12.8-12.8h-22.4c-6.4 0-12.8 6.4-12.8 12.8v134.4c0 6.4 6.4 12.8 12.8 12.8zM496 400H48V80c0-8.84-7.16-16-16-16H16C7.16 64 0 71.16 0 80v336c0 17.67 14.33 32 32 32h464c8.84 0 16-7.16 16-16v-16c0-8.84-7.16-16-16-16zm-387.2-48h22.4c6.4 0 12.8-6.4 12.8-12.8v-70.4c0-6.4-6.4-12.8-12.8-12.8h-22.4c-6.4 0-12.8 6.4-12.8 12.8v70.4c0 6.4 6.4 12.8 12.8 12.8z\" class=\"\"><\/path><\/svg><\/i> <img loading=\"lazy\" decoding=\"async\" width=\"16\" height=\"16\" alt=\"Loading\" src=\"https:\/\/temucotelevision.cl\/web\/wp-content\/plugins\/page-views-count\/ajax-loader-2x.gif\" border=0 \/><\/p><div class=\"pvc_clear\"><\/div>\n<p>Luego del lanzamiento de su disco\u00a0<strong>\u201cCapitulo 1\u201d<\/strong>, el talentoso cantante chileno,\u00a0<strong>Luis Pedraza<\/strong>, no ha dado tregua y contin\u00faa trabajando en su carrera profesional y crecimiento personal.<\/p>\n\n\n\n<iframe loading=\"lazy\" width=\"560\" height=\"315\" src=\"https:\/\/www.youtube.com\/embed\/U2bCp-HkUPI\" frameborder=\"0\" allow=\"accelerometer; autoplay; encrypted-media; gyroscope; picture-in-picture\" allowfullscreen><\/iframe>\n\n\n\n<p>Es por esto que\u00a0<strong>Pedraza<\/strong>\u00a0ha lanzado este\u00a0<strong>viernes 12 de junio<\/strong>\u00a0su single\u00a0<strong>\u201cCuarentena\u201d<\/strong>, que demuestra que con talento, profesionalismo y mucho amor, un tema realizado artesanalmente puede tener un excelente resultado.<strong>\u201cCuarentena\u201d<\/strong>\u00a0fue compuesta y grabada \u00edntegramente en el encierro, representando todos los sentimientos y sensaciones que se pueden experimentar en medio de una situaci\u00f3n como la que estamos viviendo actualmente. <\/p>\n\n\n\n<p>Sin la tecnolog\u00eda necesaria ni las condiciones \u00f3ptimas para grabar un tema,\u00a0<strong>Luis<\/strong>\u00a0se las ingenio creando una pieza maestra:\u00a0<strong><em>\u201cCuarentena es una canci\u00f3n que se hizo muy artesanalmente, todo realizado en mi casa y grabada en el walking closet de mi dormitorio con mi celular. El productor, Aux, hizo un trabajo de joyer\u00eda mezclando las voces para que sonaran como podr\u00eda sonar una voz en estudio y el arreglo fue espectacular\u201d<\/em>\u00a0<\/strong>expresa\u00a0<strong>Pedraza<\/strong>.<\/p>\n\n\n\n<p>La car\u00e1tula de este single, tambi\u00e9n realizada completamente en casa, refleja el hermoso resultado que tiene el trabajar con amor y en equipo, sobre todo cuando ese soporte es la propia familia:\u00a0<strong><em>\u201cJunto con mi esposa, quien tiene un emprendimiento dedicado a los eventos, sacamos algunas telas y armamos un estudio en el patio delantero de mi casa. Luego mi hijo, de s\u00f3lo 8 a\u00f1os, me hizo la sesi\u00f3n de fotos con el celular\u201d<\/em>\u00a0<\/strong>relata el cantante nacional.<strong>\u201cCuarentena\u201d<\/strong>\u00a0es un single que habla del encierro y de la historia de aquellas personas que est\u00e1n sin poder abrazar o pasar un tiempo con los que aman, con un ritmo que trae felicidad y esperanza.\u00a0<\/p>\n\n\n\n<p><strong><em>\u201cEsta cancion es para bailar y gozar, porque quiero invitar a la gente a que se alegre a\u00fan en medio de esta crisis, cosa que es dif\u00edcil, pero es de valientes\u201d<\/em><\/strong>\u00a0detalla\u00a0<strong>Luis<\/strong>. <\/p>\n\n\n\n<p>Este single ser\u00e1 parte del pr\u00f3ximo disco de\u00a0<strong>Pedraza<\/strong>, que espera ver la luz a finales de este a\u00f1o y que representar\u00e1 el segundo cap\u00edtulo en la carrera de este talentoso cantante e interprete chileno.<\/p>\n","protected":false},"excerpt":{"rendered":"<div class=\"pvc_clear\"><\/div>\n<p id=\"pvc_stats_11718\" class=\"pvc_stats total_only  \" data-element-id=\"11718\" style=\"\"><i class=\"pvc-stats-icon large\" aria-hidden=\"true\"><svg aria-hidden=\"true\" focusable=\"false\" data-prefix=\"far\" data-icon=\"chart-bar\" role=\"img\" xmlns=\"http:\/\/www.w3.org\/2000\/svg\" viewBox=\"0 0 512 512\" class=\"svg-inline--fa fa-chart-bar fa-w-16 fa-2x\"><path fill=\"currentColor\" d=\"M396.8 352h22.4c6.4 0 12.8-6.4 12.8-12.8V108.8c0-6.4-6.4-12.8-12.8-12.8h-22.4c-6.4 0-12.8 6.4-12.8 12.8v230.4c0 6.4 6.4 12.8 12.8 12.8zm-192 0h22.4c6.4 0 12.8-6.4 12.8-12.8V140.8c0-6.4-6.4-12.8-12.8-12.8h-22.4c-6.4 0-12.8 6.4-12.8 12.8v198.4c0 6.4 6.4 12.8 12.8 12.8zm96 0h22.4c6.4 0 12.8-6.4 12.8-12.8V204.8c0-6.4-6.4-12.8-12.8-12.8h-22.4c-6.4 0-12.8 6.4-12.8 12.8v134.4c0 6.4 6.4 12.8 12.8 12.8zM496 400H48V80c0-8.84-7.16-16-16-16H16C7.16 64 0 71.16 0 80v336c0 17.67 14.33 32 32 32h464c8.84 0 16-7.16 16-16v-16c0-8.84-7.16-16-16-16zm-387.2-48h22.4c6.4 0 12.8-6.4 12.8-12.8v-70.4c0-6.4-6.4-12.8-12.8-12.8h-22.4c-6.4 0-12.8 6.4-12.8 12.8v70.4c0 6.4 6.4 12.8 12.8 12.8z\" class=\"\"><\/path><\/svg><\/i> <img loading=\"lazy\" decoding=\"async\" width=\"16\" height=\"16\" alt=\"Loading\" src=\"https:\/\/temucotelevision.cl\/web\/wp-content\/plugins\/page-views-count\/ajax-loader-2x.gif\" border=0 \/><\/p>\n<div class=\"pvc_clear\"><\/div>\n<p>Luego del lanzamiento de su disco\u00a0\u201cCapitulo 1\u201d, el talentoso cantante chileno,\u00a0Luis Pedraza, no ha dado tregua y contin\u00faa trabajando en<\/p>\n","protected":false},"author":1,"featured_media":11719,"comment_status":"open","ping_status":"open","sticky":false,"template":"","format":"standard","meta":{"colormag_page_container_layout":"default_layout","colormag_page_sidebar_layout":"default_layout","footnotes":""},"categories":[369],"tags":[2322,2669],"class_list":["post-11718","post","type-post","status-publish","format-standard","has-post-thumbnail","hentry","category-musica","tag-cuarentena","tag-luis-pedraza"],"a3_pvc":{"activated":true,"total_views":36,"today_views":0},"_links":{"self":[{"href":"https:\/\/temucotelevision.cl\/web\/wp-json\/wp\/v2\/posts\/11718","targetHints":{"allow":["GET"]}}],"collection":[{"href":"https:\/\/temucotelevision.cl\/web\/wp-json\/wp\/v2\/posts"}],"about":[{"href":"https:\/\/temucotelevision.cl\/web\/wp-json\/wp\/v2\/types\/post"}],"author":[{"embeddable":true,"href":"https:\/\/temucotelevision.cl\/web\/wp-json\/wp\/v2\/users\/1"}],"replies":[{"embeddable":true,"href":"https:\/\/temucotelevision.cl\/web\/wp-json\/wp\/v2\/comments?post=11718"}],"version-history":[{"count":1,"href":"https:\/\/temucotelevision.cl\/web\/wp-json\/wp\/v2\/posts\/11718\/revisions"}],"predecessor-version":[{"id":11720,"href":"https:\/\/temucotelevision.cl\/web\/wp-json\/wp\/v2\/posts\/11718\/revisions\/11720"}],"wp:featuredmedia":[{"embeddable":true,"href":"https:\/\/temucotelevision.cl\/web\/wp-json\/wp\/v2\/media\/11719"}],"wp:attachment":[{"href":"https:\/\/temucotelevision.cl\/web\/wp-json\/wp\/v2\/media?parent=11718"}],"wp:term":[{"taxonomy":"category","embeddable":true,"href":"https:\/\/temucotelevision.cl\/web\/wp-json\/wp\/v2\/categories?post=11718"},{"taxonomy":"post_tag","embeddable":true,"href":"https:\/\/temucotelevision.cl\/web\/wp-json\/wp\/v2\/tags?post=11718"}],"curies":[{"name":"wp","href":"https:\/\/api.w.org\/{rel}","templated":true}]}}