{"id":11715,"date":"2020-06-24T19:30:54","date_gmt":"2020-06-24T22:30:54","guid":{"rendered":"https:\/\/temucotelevision.cl\/web\/?p=11715"},"modified":"2020-06-24T19:31:18","modified_gmt":"2020-06-24T22:31:18","slug":"core-sandoval-llama-a-seremi-y-directivos-a-solicitar-mas-recursos-para-reactivacion-economica-2021","status":"publish","type":"post","link":"https:\/\/temucotelevision.cl\/web\/2020\/06\/24\/core-sandoval-llama-a-seremi-y-directivos-a-solicitar-mas-recursos-para-reactivacion-economica-2021\/","title":{"rendered":"Core Sandoval llama a Seremi y Directivos a solicitar m\u00e1s recursos para reactivaci\u00f3n econ\u00f3mica 2021"},"content":{"rendered":"<div class=\"pvc_clear\"><\/div><p id=\"pvc_stats_11715\" class=\"pvc_stats total_only  \" data-element-id=\"11715\" style=\"\"><i class=\"pvc-stats-icon large\" aria-hidden=\"true\"><svg aria-hidden=\"true\" focusable=\"false\" data-prefix=\"far\" data-icon=\"chart-bar\" role=\"img\" xmlns=\"http:\/\/www.w3.org\/2000\/svg\" viewBox=\"0 0 512 512\" class=\"svg-inline--fa fa-chart-bar fa-w-16 fa-2x\"><path fill=\"currentColor\" d=\"M396.8 352h22.4c6.4 0 12.8-6.4 12.8-12.8V108.8c0-6.4-6.4-12.8-12.8-12.8h-22.4c-6.4 0-12.8 6.4-12.8 12.8v230.4c0 6.4 6.4 12.8 12.8 12.8zm-192 0h22.4c6.4 0 12.8-6.4 12.8-12.8V140.8c0-6.4-6.4-12.8-12.8-12.8h-22.4c-6.4 0-12.8 6.4-12.8 12.8v198.4c0 6.4 6.4 12.8 12.8 12.8zm96 0h22.4c6.4 0 12.8-6.4 12.8-12.8V204.8c0-6.4-6.4-12.8-12.8-12.8h-22.4c-6.4 0-12.8 6.4-12.8 12.8v134.4c0 6.4 6.4 12.8 12.8 12.8zM496 400H48V80c0-8.84-7.16-16-16-16H16C7.16 64 0 71.16 0 80v336c0 17.67 14.33 32 32 32h464c8.84 0 16-7.16 16-16v-16c0-8.84-7.16-16-16-16zm-387.2-48h22.4c6.4 0 12.8-6.4 12.8-12.8v-70.4c0-6.4-6.4-12.8-12.8-12.8h-22.4c-6.4 0-12.8 6.4-12.8 12.8v70.4c0 6.4 6.4 12.8 12.8 12.8z\" class=\"\"><\/path><\/svg><\/i> <img loading=\"lazy\" decoding=\"async\" width=\"16\" height=\"16\" alt=\"Loading\" src=\"https:\/\/temucotelevision.cl\/web\/wp-content\/plugins\/page-views-count\/ajax-loader-2x.gif\" border=0 \/><\/p><div class=\"pvc_clear\"><\/div>\n<p><strong><em>\u201cNo tendremos reactivaci\u00f3n con presupuestos de continuidad\u201d, sostuvo el periodista y Core de La Araucan\u00eda&nbsp;<\/em><\/strong><\/p>\n\n\n\n<p>El Consejero Regional de La Araucan\u00eda, Daniel Sandoval (FRVS) critic\u00f3 el presupuesto de continuidad que se estar\u00eda presentando desde el Gobierno en el anteproyecto regional de inversiones (ARI) a\u00f1o 2021 desde diversas serem\u00edas y servicios regionales, sin contemplar el enfoque de crisis y reactivaci\u00f3n econ\u00f3mica que requiere La Araucan\u00eda.<\/p>\n\n\n\n<p>El Core lament\u00f3 esta situaci\u00f3n \u201clos presupuestos reflejan la voluntad pol\u00edtica de un gobierno con las regiones y aqu\u00ed vemos que la atenci\u00f3n especial con La Araucan\u00eda, hasta el momento no existe, solo es un slogan\u201d.<\/p>\n\n\n\n<p>Agreg\u00f3 por ejemplo que \u201ctenemos discrepancias en el caso de la Comisi\u00f3n Nacional de Riego (CNR) y en el Programa de Agua Potable Rural del MOP, entre ambas instituciones estamos con casi 16 mil millones menos que el actual a\u00f1o 2020, situaci\u00f3n que es grave frente a la tremenda necesidad de riego en la agricultura campesina, sumado a la serie de mantenimientos, conservaciones y nuevos proyectos en materia de agua potable rural\u201d.<\/p>\n\n\n\n<p>Por otro lado, Daniel Sandoval, miembro de la comisi\u00f3n 10 de Planificaci\u00f3n, Inversiones y Marco Presupuestario del Core, inform\u00f3 que se acord\u00f3 desde esta instancia solicitar los lineamientos al Intendente Regional para el 2021 desde los cerca de 53 servicios que existen en la regi\u00f3n y que se aclaren cu\u00e1les ser\u00e1n las iniciativas de reactivaci\u00f3n de Sercotec, Corfo, Fosis, Sernameg, entre otros\u201d.<\/p>\n\n\n\n<p>Por \u00faltimo, el Core de la Federaci\u00f3n Regionalista Verde destac\u00f3 que \u201cen el caso del presupuesto del Gobierno Regional (Gore) se solicit\u00f3 anteriormente defender los 125 mil millones para el 2021 como marco presupuestario m\u00ednimo frente a una posible rebaja desde el Ministerio de Hacienda, sin embargo, desde los servicios y serem\u00edas tambi\u00e9n que defiendan y pidan presupuestos enfocados en la reactivaci\u00f3n y conectados con las demandas y realidades territoriales de los mipymes y pymes afectados por esta crisis sanitaria\u201d, concluy\u00f3.&nbsp;<\/p>\n","protected":false},"excerpt":{"rendered":"<div class=\"pvc_clear\"><\/div>\n<p id=\"pvc_stats_11715\" class=\"pvc_stats total_only  \" data-element-id=\"11715\" style=\"\"><i class=\"pvc-stats-icon large\" aria-hidden=\"true\"><svg aria-hidden=\"true\" focusable=\"false\" data-prefix=\"far\" data-icon=\"chart-bar\" role=\"img\" xmlns=\"http:\/\/www.w3.org\/2000\/svg\" viewBox=\"0 0 512 512\" class=\"svg-inline--fa fa-chart-bar fa-w-16 fa-2x\"><path fill=\"currentColor\" d=\"M396.8 352h22.4c6.4 0 12.8-6.4 12.8-12.8V108.8c0-6.4-6.4-12.8-12.8-12.8h-22.4c-6.4 0-12.8 6.4-12.8 12.8v230.4c0 6.4 6.4 12.8 12.8 12.8zm-192 0h22.4c6.4 0 12.8-6.4 12.8-12.8V140.8c0-6.4-6.4-12.8-12.8-12.8h-22.4c-6.4 0-12.8 6.4-12.8 12.8v198.4c0 6.4 6.4 12.8 12.8 12.8zm96 0h22.4c6.4 0 12.8-6.4 12.8-12.8V204.8c0-6.4-6.4-12.8-12.8-12.8h-22.4c-6.4 0-12.8 6.4-12.8 12.8v134.4c0 6.4 6.4 12.8 12.8 12.8zM496 400H48V80c0-8.84-7.16-16-16-16H16C7.16 64 0 71.16 0 80v336c0 17.67 14.33 32 32 32h464c8.84 0 16-7.16 16-16v-16c0-8.84-7.16-16-16-16zm-387.2-48h22.4c6.4 0 12.8-6.4 12.8-12.8v-70.4c0-6.4-6.4-12.8-12.8-12.8h-22.4c-6.4 0-12.8 6.4-12.8 12.8v70.4c0 6.4 6.4 12.8 12.8 12.8z\" class=\"\"><\/path><\/svg><\/i> <img loading=\"lazy\" decoding=\"async\" width=\"16\" height=\"16\" alt=\"Loading\" src=\"https:\/\/temucotelevision.cl\/web\/wp-content\/plugins\/page-views-count\/ajax-loader-2x.gif\" border=0 \/><\/p>\n<div class=\"pvc_clear\"><\/div>\n<p>\u201cNo tendremos reactivaci\u00f3n con presupuestos de continuidad\u201d, sostuvo el periodista y Core de La Araucan\u00eda&nbsp; El Consejero Regional de La<\/p>\n","protected":false},"author":1,"featured_media":10742,"comment_status":"open","ping_status":"open","sticky":false,"template":"","format":"standard","meta":{"colormag_page_container_layout":"default_layout","colormag_page_sidebar_layout":"default_layout","footnotes":""},"categories":[84],"tags":[],"class_list":["post-11715","post","type-post","status-publish","format-standard","has-post-thumbnail","hentry","category-politica"],"a3_pvc":{"activated":true,"total_views":37,"today_views":0},"_links":{"self":[{"href":"https:\/\/temucotelevision.cl\/web\/wp-json\/wp\/v2\/posts\/11715","targetHints":{"allow":["GET"]}}],"collection":[{"href":"https:\/\/temucotelevision.cl\/web\/wp-json\/wp\/v2\/posts"}],"about":[{"href":"https:\/\/temucotelevision.cl\/web\/wp-json\/wp\/v2\/types\/post"}],"author":[{"embeddable":true,"href":"https:\/\/temucotelevision.cl\/web\/wp-json\/wp\/v2\/users\/1"}],"replies":[{"embeddable":true,"href":"https:\/\/temucotelevision.cl\/web\/wp-json\/wp\/v2\/comments?post=11715"}],"version-history":[{"count":2,"href":"https:\/\/temucotelevision.cl\/web\/wp-json\/wp\/v2\/posts\/11715\/revisions"}],"predecessor-version":[{"id":11717,"href":"https:\/\/temucotelevision.cl\/web\/wp-json\/wp\/v2\/posts\/11715\/revisions\/11717"}],"wp:featuredmedia":[{"embeddable":true,"href":"https:\/\/temucotelevision.cl\/web\/wp-json\/wp\/v2\/media\/10742"}],"wp:attachment":[{"href":"https:\/\/temucotelevision.cl\/web\/wp-json\/wp\/v2\/media?parent=11715"}],"wp:term":[{"taxonomy":"category","embeddable":true,"href":"https:\/\/temucotelevision.cl\/web\/wp-json\/wp\/v2\/categories?post=11715"},{"taxonomy":"post_tag","embeddable":true,"href":"https:\/\/temucotelevision.cl\/web\/wp-json\/wp\/v2\/tags?post=11715"}],"curies":[{"name":"wp","href":"https:\/\/api.w.org\/{rel}","templated":true}]}}