{"id":11710,"date":"2020-06-24T18:34:25","date_gmt":"2020-06-24T21:34:25","guid":{"rendered":"https:\/\/temucotelevision.cl\/web\/?p=11710"},"modified":"2020-06-24T18:35:08","modified_gmt":"2020-06-24T21:35:08","slug":"intendente-se-traslado-a-ruta-5-sur-por-atentado-y-senalo-que-no-aceptaremos-presiones%ef%bb%bf","status":"publish","type":"post","link":"https:\/\/temucotelevision.cl\/web\/2020\/06\/24\/intendente-se-traslado-a-ruta-5-sur-por-atentado-y-senalo-que-no-aceptaremos-presiones%ef%bb%bf\/","title":{"rendered":"Intendente se traslad\u00f3 a Ruta 5 Sur por atentado y se\u00f1al\u00f3 que \u201cno aceptaremos presiones\u201d\ufeff"},"content":{"rendered":"<div class=\"pvc_clear\"><\/div><p id=\"pvc_stats_11710\" class=\"pvc_stats total_only  \" data-element-id=\"11710\" style=\"\"><i class=\"pvc-stats-icon large\" aria-hidden=\"true\"><svg aria-hidden=\"true\" focusable=\"false\" data-prefix=\"far\" data-icon=\"chart-bar\" role=\"img\" xmlns=\"http:\/\/www.w3.org\/2000\/svg\" viewBox=\"0 0 512 512\" class=\"svg-inline--fa fa-chart-bar fa-w-16 fa-2x\"><path fill=\"currentColor\" d=\"M396.8 352h22.4c6.4 0 12.8-6.4 12.8-12.8V108.8c0-6.4-6.4-12.8-12.8-12.8h-22.4c-6.4 0-12.8 6.4-12.8 12.8v230.4c0 6.4 6.4 12.8 12.8 12.8zm-192 0h22.4c6.4 0 12.8-6.4 12.8-12.8V140.8c0-6.4-6.4-12.8-12.8-12.8h-22.4c-6.4 0-12.8 6.4-12.8 12.8v198.4c0 6.4 6.4 12.8 12.8 12.8zm96 0h22.4c6.4 0 12.8-6.4 12.8-12.8V204.8c0-6.4-6.4-12.8-12.8-12.8h-22.4c-6.4 0-12.8 6.4-12.8 12.8v134.4c0 6.4 6.4 12.8 12.8 12.8zM496 400H48V80c0-8.84-7.16-16-16-16H16C7.16 64 0 71.16 0 80v336c0 17.67 14.33 32 32 32h464c8.84 0 16-7.16 16-16v-16c0-8.84-7.16-16-16-16zm-387.2-48h22.4c6.4 0 12.8-6.4 12.8-12.8v-70.4c0-6.4-6.4-12.8-12.8-12.8h-22.4c-6.4 0-12.8 6.4-12.8 12.8v70.4c0 6.4 6.4 12.8 12.8 12.8z\" class=\"\"><\/path><\/svg><\/i> <img loading=\"lazy\" decoding=\"async\" width=\"16\" height=\"16\" alt=\"Loading\" src=\"https:\/\/temucotelevision.cl\/web\/wp-content\/plugins\/page-views-count\/ajax-loader-2x.gif\" border=0 \/><\/p><div class=\"pvc_clear\"><\/div>\n<p>A primera hora de este mi\u00e9rcoles, el intendente V\u00edctor Manoli se traslad\u00f3 hasta el kil\u00f3metro 606 de Ruta 5 Sur, donde a eso de las 06:00 de la ma\u00f1ana de esta jornada se registr\u00f3 un nuevo hecho de violencia, afectando a dos camiones y resultado un conductor de un veh\u00edculo particular herido.<\/p>\n\n\n\n<p>Es por esto mismo que la m\u00e1xima autoridad \u2013 y de forma remota el Ministro Blumel- tomaron contacto con la persona lesionada, quien se encuentra fuera de riesgo vital.<\/p>\n\n\n\n<p>El intendente V\u00edctor Manoli conden\u00f3 estos hechos y se\u00f1al\u00f3 que \u201cesto no es un nuevo ataque incendiario o una nueva cifra: son nuevas familias que se ven afectadas con su fuente laboral por actos delictuales (\u2026) El da\u00f1o que se est\u00e1 realizando a nuestra regi\u00f3n es inmenso y nosotros respetaremos el Estado de Derecho\u201d<\/p>\n\n\n\n<p>Al ser consultado por los panfletos que se han encontrado que hace alusi\u00f3n a los comuneros en huelga de hambre, el intendente expres\u00f3 que \u201ccomo gobierno siempre hemos estado abierto al di\u00e1logo pero no aceptaremos presiones quienes no respetan el Estado de Derecho e interrumpen la tranquilidad de la ciudadan\u00eda (\u2026) quiero ser claro al se\u00f1alar que en Chile no existen presos por causas pol\u00edticas sino personas que se mantienen en prisi\u00f3n por actos delictuales procesados por la justicia\u201d.<\/p>\n\n\n\n<p>Respecto a la reuni\u00f3n que se sostuvo con los Ministros del Interior y Defensa, Manoli relat\u00f3 que \u201cse realiz\u00f3 una reuni\u00f3n de trabajo de car\u00e1cter privado, donde abordamos temas de seguridad y coordinaci\u00f3n entre otras cosas que por l\u00f3gica no lo puedo anunciar por la prensa. La visita de los ministros responde a que la regi\u00f3n es prioridad para el Gobierno, sobre todo en materia de seguridad y control de la pandemia, situaci\u00f3n que ayer pudimos analizar\u201d.&nbsp;<\/p>\n\n\n\n<p>Finalmente, se refiri\u00f3 al patrullaje en la ruta que fue anunciado por el Ministro Alberto Espina. En este sentido el intendente dijo que \u201cel Ministro Espina fue muy claro al se\u00f1alar que el refuerzo de fuerzas armadas es una decisi\u00f3n para fiscalizar e impedir estos ataques. Nuestro deber es encarcelar a los delincuentes y proteger a la ciudadan\u00eda por lo mismo se har\u00e1 uso de la fuerza de acuerdo a la Ley\u201d.&nbsp;<\/p>\n","protected":false},"excerpt":{"rendered":"<div class=\"pvc_clear\"><\/div>\n<p id=\"pvc_stats_11710\" class=\"pvc_stats total_only  \" data-element-id=\"11710\" style=\"\"><i class=\"pvc-stats-icon large\" aria-hidden=\"true\"><svg aria-hidden=\"true\" focusable=\"false\" data-prefix=\"far\" data-icon=\"chart-bar\" role=\"img\" xmlns=\"http:\/\/www.w3.org\/2000\/svg\" viewBox=\"0 0 512 512\" class=\"svg-inline--fa fa-chart-bar fa-w-16 fa-2x\"><path fill=\"currentColor\" d=\"M396.8 352h22.4c6.4 0 12.8-6.4 12.8-12.8V108.8c0-6.4-6.4-12.8-12.8-12.8h-22.4c-6.4 0-12.8 6.4-12.8 12.8v230.4c0 6.4 6.4 12.8 12.8 12.8zm-192 0h22.4c6.4 0 12.8-6.4 12.8-12.8V140.8c0-6.4-6.4-12.8-12.8-12.8h-22.4c-6.4 0-12.8 6.4-12.8 12.8v198.4c0 6.4 6.4 12.8 12.8 12.8zm96 0h22.4c6.4 0 12.8-6.4 12.8-12.8V204.8c0-6.4-6.4-12.8-12.8-12.8h-22.4c-6.4 0-12.8 6.4-12.8 12.8v134.4c0 6.4 6.4 12.8 12.8 12.8zM496 400H48V80c0-8.84-7.16-16-16-16H16C7.16 64 0 71.16 0 80v336c0 17.67 14.33 32 32 32h464c8.84 0 16-7.16 16-16v-16c0-8.84-7.16-16-16-16zm-387.2-48h22.4c6.4 0 12.8-6.4 12.8-12.8v-70.4c0-6.4-6.4-12.8-12.8-12.8h-22.4c-6.4 0-12.8 6.4-12.8 12.8v70.4c0 6.4 6.4 12.8 12.8 12.8z\" class=\"\"><\/path><\/svg><\/i> <img loading=\"lazy\" decoding=\"async\" width=\"16\" height=\"16\" alt=\"Loading\" src=\"https:\/\/temucotelevision.cl\/web\/wp-content\/plugins\/page-views-count\/ajax-loader-2x.gif\" border=0 \/><\/p>\n<div class=\"pvc_clear\"><\/div>\n<p>A primera hora de este mi\u00e9rcoles, el intendente V\u00edctor Manoli se traslad\u00f3 hasta el kil\u00f3metro 606 de Ruta 5 Sur,<\/p>\n","protected":false},"author":1,"featured_media":11712,"comment_status":"open","ping_status":"open","sticky":false,"template":"","format":"standard","meta":{"colormag_page_container_layout":"default_layout","colormag_page_sidebar_layout":"default_layout","footnotes":""},"categories":[15],"tags":[231,2668],"class_list":["post-11710","post","type-post","status-publish","format-standard","has-post-thumbnail","hentry","category-la-araucania","tag-atentado","tag-intedente"],"a3_pvc":{"activated":true,"total_views":26,"today_views":0},"_links":{"self":[{"href":"https:\/\/temucotelevision.cl\/web\/wp-json\/wp\/v2\/posts\/11710","targetHints":{"allow":["GET"]}}],"collection":[{"href":"https:\/\/temucotelevision.cl\/web\/wp-json\/wp\/v2\/posts"}],"about":[{"href":"https:\/\/temucotelevision.cl\/web\/wp-json\/wp\/v2\/types\/post"}],"author":[{"embeddable":true,"href":"https:\/\/temucotelevision.cl\/web\/wp-json\/wp\/v2\/users\/1"}],"replies":[{"embeddable":true,"href":"https:\/\/temucotelevision.cl\/web\/wp-json\/wp\/v2\/comments?post=11710"}],"version-history":[{"count":3,"href":"https:\/\/temucotelevision.cl\/web\/wp-json\/wp\/v2\/posts\/11710\/revisions"}],"predecessor-version":[{"id":11714,"href":"https:\/\/temucotelevision.cl\/web\/wp-json\/wp\/v2\/posts\/11710\/revisions\/11714"}],"wp:featuredmedia":[{"embeddable":true,"href":"https:\/\/temucotelevision.cl\/web\/wp-json\/wp\/v2\/media\/11712"}],"wp:attachment":[{"href":"https:\/\/temucotelevision.cl\/web\/wp-json\/wp\/v2\/media?parent=11710"}],"wp:term":[{"taxonomy":"category","embeddable":true,"href":"https:\/\/temucotelevision.cl\/web\/wp-json\/wp\/v2\/categories?post=11710"},{"taxonomy":"post_tag","embeddable":true,"href":"https:\/\/temucotelevision.cl\/web\/wp-json\/wp\/v2\/tags?post=11710"}],"curies":[{"name":"wp","href":"https:\/\/api.w.org\/{rel}","templated":true}]}}