{"id":11701,"date":"2020-06-24T15:19:09","date_gmt":"2020-06-24T18:19:09","guid":{"rendered":"https:\/\/temucotelevision.cl\/web\/?p=11701"},"modified":"2020-06-24T15:20:04","modified_gmt":"2020-06-24T18:20:04","slug":"os9-investiga-ataque-a-predio-forestal-en-carahue-donde-se-incauto-escopeta-municion-y-una-camioneta","status":"publish","type":"post","link":"https:\/\/temucotelevision.cl\/web\/2020\/06\/24\/os9-investiga-ataque-a-predio-forestal-en-carahue-donde-se-incauto-escopeta-municion-y-una-camioneta\/","title":{"rendered":"OS9 investiga ataque a predio forestal en Carahue, donde se incaut\u00f3 escopeta, munici\u00f3n y una camioneta"},"content":{"rendered":"<div class=\"pvc_clear\"><\/div><p id=\"pvc_stats_11701\" class=\"pvc_stats total_only  \" data-element-id=\"11701\" style=\"\"><i class=\"pvc-stats-icon large\" aria-hidden=\"true\"><svg aria-hidden=\"true\" focusable=\"false\" data-prefix=\"far\" data-icon=\"chart-bar\" role=\"img\" xmlns=\"http:\/\/www.w3.org\/2000\/svg\" viewBox=\"0 0 512 512\" class=\"svg-inline--fa fa-chart-bar fa-w-16 fa-2x\"><path fill=\"currentColor\" d=\"M396.8 352h22.4c6.4 0 12.8-6.4 12.8-12.8V108.8c0-6.4-6.4-12.8-12.8-12.8h-22.4c-6.4 0-12.8 6.4-12.8 12.8v230.4c0 6.4 6.4 12.8 12.8 12.8zm-192 0h22.4c6.4 0 12.8-6.4 12.8-12.8V140.8c0-6.4-6.4-12.8-12.8-12.8h-22.4c-6.4 0-12.8 6.4-12.8 12.8v198.4c0 6.4 6.4 12.8 12.8 12.8zm96 0h22.4c6.4 0 12.8-6.4 12.8-12.8V204.8c0-6.4-6.4-12.8-12.8-12.8h-22.4c-6.4 0-12.8 6.4-12.8 12.8v134.4c0 6.4 6.4 12.8 12.8 12.8zM496 400H48V80c0-8.84-7.16-16-16-16H16C7.16 64 0 71.16 0 80v336c0 17.67 14.33 32 32 32h464c8.84 0 16-7.16 16-16v-16c0-8.84-7.16-16-16-16zm-387.2-48h22.4c6.4 0 12.8-6.4 12.8-12.8v-70.4c0-6.4-6.4-12.8-12.8-12.8h-22.4c-6.4 0-12.8 6.4-12.8 12.8v70.4c0 6.4 6.4 12.8 12.8 12.8z\" class=\"\"><\/path><\/svg><\/i> <img loading=\"lazy\" decoding=\"async\" width=\"16\" height=\"16\" alt=\"Loading\" src=\"https:\/\/temucotelevision.cl\/web\/wp-content\/plugins\/page-views-count\/ajax-loader-2x.gif\" border=0 \/><\/p><div class=\"pvc_clear\"><\/div>\n<p>Adem\u00e1s, se encontraron radios de comunicaci\u00f3n port\u00e1til, con las cuales coordinaban las acciones delictuales, tras enfrentamiento con Carabineros.<\/p>\n\n\n\n<p>La r\u00e1pida respuesta y posteriores despliegues operativos de Carabineros permitieron la incautaci\u00f3n de una escopeta, munici\u00f3n y un veh\u00edculo, luego que desconocidos efectuaran disparos al interior de un predio forestal en la comuna de Carahue.<\/p>\n\n\n\n<p>Adem\u00e1s, Carabineros incaut\u00f3 radios de comunicaci\u00f3n port\u00e1til, con las cuales los individuos coordinaban las acciones delictuales.<\/p>\n\n\n\n<p> El procedimiento se registr\u00f3 en la tarde de este martes, luego que desconocidos a bordo de una camioneta efectuaron disparos, lo que fue denunciado a Carabineros que en un r\u00e1pido tiempo de respuesta arrib\u00f3 al lugar realizando un patrullaje por las inmediaciones.<\/p>\n\n\n\n<p>Es en este contexto que personal de Carabineros intercept\u00f3 una camioneta con sujetos encapuchados los que al notar la presencia de Carabineros huyen al interior de un bosque inici\u00e1ndose un seguimiento, registr\u00e1ndose minutos m\u00e1s tarde un enfrentamiento luego que los sujetos dispararon al personal policial.<\/p>\n\n\n\n<p>Adem\u00e1s, se encontraron una serie de cortes de ruta con \u00e1rboles talados para obstaculizar el paso.<\/p>\n\n\n\n<p>Carabineros procedi\u00f3 a la incautaci\u00f3n de la camioneta, encontrando la escopeta, munici\u00f3n, radios port\u00e1tiles y celulares, realizando los peritajes un equipo multidisciplinario integrado por Carabineros del Labocar y OS-9.<\/p>\n\n\n\n<p>\u201cEsto se registra pasado el mediod\u00eda (ayer) luego que empleados de una empresa forestal son atacados por individuos con armas de fuego, lo que origina la reacci\u00f3n inmediata de Carabineros logrando ubicar un veh\u00edculo que al notar la presencia de Carabineros se da a la fuga provocando un intercambio de disparos. A ra\u00edz de las diligencias realizadas se logra la incautaci\u00f3n de este veh\u00edculo tipo camioneta, un arma de fuego larga tipo escopeta, distinta munici\u00f3n, radios port\u00e1tiles de radiocomunicaci\u00f3n y tel\u00e9fonos celulares de los involucrados\u201d, se\u00f1al\u00f3 el Coronel C\u00e9sar Bobadilla, Prefecto de Caut\u00edn, quien agreg\u00f3 que \u201clos sujetos andaban en la comisi\u00f3n de delitos que Carabineros logra frustrar, la reacci\u00f3n fue optima logrando la incautaci\u00f3n de un arma, munici\u00f3n y un veh\u00edculo entre otras especies\u201d.<\/p>\n\n\n\n<div class=\"wp-block-image\"><figure class=\"aligncenter\"><img loading=\"lazy\" decoding=\"async\" width=\"576\" height=\"1024\" src=\"https:\/\/temucotelevision.cl\/web\/wp-content\/uploads\/2020\/06\/Munici\u00f3n-Carahue-576x1024.jpg\" alt=\"\" class=\"wp-image-11704\" srcset=\"https:\/\/temucotelevision.cl\/web\/wp-content\/uploads\/2020\/06\/Munici\u00f3n-Carahue-576x1024.jpg 576w, https:\/\/temucotelevision.cl\/web\/wp-content\/uploads\/2020\/06\/Munici\u00f3n-Carahue.jpg 720w\" sizes=\"auto, (max-width: 576px) 100vw, 576px\" \/><\/figure><\/div>\n","protected":false},"excerpt":{"rendered":"<div class=\"pvc_clear\"><\/div>\n<p id=\"pvc_stats_11701\" class=\"pvc_stats total_only  \" data-element-id=\"11701\" style=\"\"><i class=\"pvc-stats-icon large\" aria-hidden=\"true\"><svg aria-hidden=\"true\" focusable=\"false\" data-prefix=\"far\" data-icon=\"chart-bar\" role=\"img\" xmlns=\"http:\/\/www.w3.org\/2000\/svg\" viewBox=\"0 0 512 512\" class=\"svg-inline--fa fa-chart-bar fa-w-16 fa-2x\"><path fill=\"currentColor\" d=\"M396.8 352h22.4c6.4 0 12.8-6.4 12.8-12.8V108.8c0-6.4-6.4-12.8-12.8-12.8h-22.4c-6.4 0-12.8 6.4-12.8 12.8v230.4c0 6.4 6.4 12.8 12.8 12.8zm-192 0h22.4c6.4 0 12.8-6.4 12.8-12.8V140.8c0-6.4-6.4-12.8-12.8-12.8h-22.4c-6.4 0-12.8 6.4-12.8 12.8v198.4c0 6.4 6.4 12.8 12.8 12.8zm96 0h22.4c6.4 0 12.8-6.4 12.8-12.8V204.8c0-6.4-6.4-12.8-12.8-12.8h-22.4c-6.4 0-12.8 6.4-12.8 12.8v134.4c0 6.4 6.4 12.8 12.8 12.8zM496 400H48V80c0-8.84-7.16-16-16-16H16C7.16 64 0 71.16 0 80v336c0 17.67 14.33 32 32 32h464c8.84 0 16-7.16 16-16v-16c0-8.84-7.16-16-16-16zm-387.2-48h22.4c6.4 0 12.8-6.4 12.8-12.8v-70.4c0-6.4-6.4-12.8-12.8-12.8h-22.4c-6.4 0-12.8 6.4-12.8 12.8v70.4c0 6.4 6.4 12.8 12.8 12.8z\" class=\"\"><\/path><\/svg><\/i> <img loading=\"lazy\" decoding=\"async\" width=\"16\" height=\"16\" alt=\"Loading\" src=\"https:\/\/temucotelevision.cl\/web\/wp-content\/plugins\/page-views-count\/ajax-loader-2x.gif\" border=0 \/><\/p>\n<div class=\"pvc_clear\"><\/div>\n<p>Adem\u00e1s, se encontraron radios de comunicaci\u00f3n port\u00e1til, con las cuales coordinaban las acciones delictuales, tras enfrentamiento con Carabineros. La r\u00e1pida<\/p>\n","protected":false},"author":1,"featured_media":11703,"comment_status":"open","ping_status":"open","sticky":false,"template":"","format":"standard","meta":{"colormag_page_container_layout":"default_layout","colormag_page_sidebar_layout":"default_layout","footnotes":""},"categories":[16],"tags":[1135,2585],"class_list":["post-11701","post","type-post","status-publish","format-standard","has-post-thumbnail","hentry","category-policial","tag-camioneta","tag-municion"],"a3_pvc":{"activated":true,"total_views":70,"today_views":0},"_links":{"self":[{"href":"https:\/\/temucotelevision.cl\/web\/wp-json\/wp\/v2\/posts\/11701","targetHints":{"allow":["GET"]}}],"collection":[{"href":"https:\/\/temucotelevision.cl\/web\/wp-json\/wp\/v2\/posts"}],"about":[{"href":"https:\/\/temucotelevision.cl\/web\/wp-json\/wp\/v2\/types\/post"}],"author":[{"embeddable":true,"href":"https:\/\/temucotelevision.cl\/web\/wp-json\/wp\/v2\/users\/1"}],"replies":[{"embeddable":true,"href":"https:\/\/temucotelevision.cl\/web\/wp-json\/wp\/v2\/comments?post=11701"}],"version-history":[{"count":2,"href":"https:\/\/temucotelevision.cl\/web\/wp-json\/wp\/v2\/posts\/11701\/revisions"}],"predecessor-version":[{"id":11706,"href":"https:\/\/temucotelevision.cl\/web\/wp-json\/wp\/v2\/posts\/11701\/revisions\/11706"}],"wp:featuredmedia":[{"embeddable":true,"href":"https:\/\/temucotelevision.cl\/web\/wp-json\/wp\/v2\/media\/11703"}],"wp:attachment":[{"href":"https:\/\/temucotelevision.cl\/web\/wp-json\/wp\/v2\/media?parent=11701"}],"wp:term":[{"taxonomy":"category","embeddable":true,"href":"https:\/\/temucotelevision.cl\/web\/wp-json\/wp\/v2\/categories?post=11701"},{"taxonomy":"post_tag","embeddable":true,"href":"https:\/\/temucotelevision.cl\/web\/wp-json\/wp\/v2\/tags?post=11701"}],"curies":[{"name":"wp","href":"https:\/\/api.w.org\/{rel}","templated":true}]}}