{"id":11687,"date":"2020-06-24T12:30:25","date_gmt":"2020-06-24T15:30:25","guid":{"rendered":"https:\/\/temucotelevision.cl\/web\/?p=11687"},"modified":"2020-06-24T12:30:27","modified_gmt":"2020-06-24T15:30:27","slug":"ercilla-dos-camiones-incendiados-y-un-herido-es-el-resultado-de-nuevo-atentado-en-la-ruta-5-sur","status":"publish","type":"post","link":"https:\/\/temucotelevision.cl\/web\/2020\/06\/24\/ercilla-dos-camiones-incendiados-y-un-herido-es-el-resultado-de-nuevo-atentado-en-la-ruta-5-sur\/","title":{"rendered":"Ercilla: Dos camiones incendiados y un herido es el resultado de nuevo atentado en la Ruta 5 Sur"},"content":{"rendered":"<div class=\"pvc_clear\"><\/div><p id=\"pvc_stats_11687\" class=\"pvc_stats total_only  \" data-element-id=\"11687\" style=\"\"><i class=\"pvc-stats-icon large\" aria-hidden=\"true\"><svg aria-hidden=\"true\" focusable=\"false\" data-prefix=\"far\" data-icon=\"chart-bar\" role=\"img\" xmlns=\"http:\/\/www.w3.org\/2000\/svg\" viewBox=\"0 0 512 512\" class=\"svg-inline--fa fa-chart-bar fa-w-16 fa-2x\"><path fill=\"currentColor\" d=\"M396.8 352h22.4c6.4 0 12.8-6.4 12.8-12.8V108.8c0-6.4-6.4-12.8-12.8-12.8h-22.4c-6.4 0-12.8 6.4-12.8 12.8v230.4c0 6.4 6.4 12.8 12.8 12.8zm-192 0h22.4c6.4 0 12.8-6.4 12.8-12.8V140.8c0-6.4-6.4-12.8-12.8-12.8h-22.4c-6.4 0-12.8 6.4-12.8 12.8v198.4c0 6.4 6.4 12.8 12.8 12.8zm96 0h22.4c6.4 0 12.8-6.4 12.8-12.8V204.8c0-6.4-6.4-12.8-12.8-12.8h-22.4c-6.4 0-12.8 6.4-12.8 12.8v134.4c0 6.4 6.4 12.8 12.8 12.8zM496 400H48V80c0-8.84-7.16-16-16-16H16C7.16 64 0 71.16 0 80v336c0 17.67 14.33 32 32 32h464c8.84 0 16-7.16 16-16v-16c0-8.84-7.16-16-16-16zm-387.2-48h22.4c6.4 0 12.8-6.4 12.8-12.8v-70.4c0-6.4-6.4-12.8-12.8-12.8h-22.4c-6.4 0-12.8 6.4-12.8 12.8v70.4c0 6.4 6.4 12.8 12.8 12.8z\" class=\"\"><\/path><\/svg><\/i> <img loading=\"lazy\" decoding=\"async\" width=\"16\" height=\"16\" alt=\"Loading\" src=\"https:\/\/temucotelevision.cl\/web\/wp-content\/plugins\/page-views-count\/ajax-loader-2x.gif\" border=0 \/><\/p><div class=\"pvc_clear\"><\/div>\n<p><strong>Sujetos se dan el tiempo de derribar un \u00e1rbol y atravesarlo en la carretera, producto de esto un veh\u00edculo impacta frontalmente.<\/strong><\/p>\n\n\n\n<p>A la altura del km 606 se registr\u00f3 un nuevo ataque a dos camiones los que terminaron destruidos por el fuego en Pailahueque en la comuna de Ercilla.<\/p>\n\n\n\n<p>Tras este ataque uno de los conductores result\u00f3 con impacto de perdigones en su brazo derecho. <\/p>\n\n\n\n<p>Adem\u00e1s en la ruta varios veh\u00edculos terminaron con sus neum\u00e1ticos reventados tras el esparcimiento de miguelitos en el tramo que une el peaje Las Maicas y Pailahueque.<\/p>\n\n\n\n<p>Los camiones afectados por la acci\u00f3n del fuego fueron uno de alto tonelaje y uno tres cuartos.<\/p>\n\n\n\n<p>En el lugar se encontr\u00f3 un panfleto relacionado a los prisioneros en huelga de hambre en la c\u00e1rcel de Angol, cuya veracidad est\u00e1 siendo investigada por los organismos pertinentes<\/p>\n\n\n\n<figure class=\"wp-block-image\"><img loading=\"lazy\" decoding=\"async\" width=\"1024\" height=\"647\" src=\"https:\/\/temucotelevision.cl\/web\/wp-content\/uploads\/2020\/06\/Captura-de-pantalla-2020-06-24-a-las-11.15.25-1024x647.png\" alt=\"\" class=\"wp-image-11689\" srcset=\"https:\/\/temucotelevision.cl\/web\/wp-content\/uploads\/2020\/06\/Captura-de-pantalla-2020-06-24-a-las-11.15.25-1024x647.png 1024w, https:\/\/temucotelevision.cl\/web\/wp-content\/uploads\/2020\/06\/Captura-de-pantalla-2020-06-24-a-las-11.15.25-768x485.png 768w, https:\/\/temucotelevision.cl\/web\/wp-content\/uploads\/2020\/06\/Captura-de-pantalla-2020-06-24-a-las-11.15.25.png 1796w\" sizes=\"auto, (max-width: 1024px) 100vw, 1024px\" \/><\/figure>\n","protected":false},"excerpt":{"rendered":"<div class=\"pvc_clear\"><\/div>\n<p id=\"pvc_stats_11687\" class=\"pvc_stats total_only  \" data-element-id=\"11687\" style=\"\"><i class=\"pvc-stats-icon large\" aria-hidden=\"true\"><svg aria-hidden=\"true\" focusable=\"false\" data-prefix=\"far\" data-icon=\"chart-bar\" role=\"img\" xmlns=\"http:\/\/www.w3.org\/2000\/svg\" viewBox=\"0 0 512 512\" class=\"svg-inline--fa fa-chart-bar fa-w-16 fa-2x\"><path fill=\"currentColor\" d=\"M396.8 352h22.4c6.4 0 12.8-6.4 12.8-12.8V108.8c0-6.4-6.4-12.8-12.8-12.8h-22.4c-6.4 0-12.8 6.4-12.8 12.8v230.4c0 6.4 6.4 12.8 12.8 12.8zm-192 0h22.4c6.4 0 12.8-6.4 12.8-12.8V140.8c0-6.4-6.4-12.8-12.8-12.8h-22.4c-6.4 0-12.8 6.4-12.8 12.8v198.4c0 6.4 6.4 12.8 12.8 12.8zm96 0h22.4c6.4 0 12.8-6.4 12.8-12.8V204.8c0-6.4-6.4-12.8-12.8-12.8h-22.4c-6.4 0-12.8 6.4-12.8 12.8v134.4c0 6.4 6.4 12.8 12.8 12.8zM496 400H48V80c0-8.84-7.16-16-16-16H16C7.16 64 0 71.16 0 80v336c0 17.67 14.33 32 32 32h464c8.84 0 16-7.16 16-16v-16c0-8.84-7.16-16-16-16zm-387.2-48h22.4c6.4 0 12.8-6.4 12.8-12.8v-70.4c0-6.4-6.4-12.8-12.8-12.8h-22.4c-6.4 0-12.8 6.4-12.8 12.8v70.4c0 6.4 6.4 12.8 12.8 12.8z\" class=\"\"><\/path><\/svg><\/i> <img loading=\"lazy\" decoding=\"async\" width=\"16\" height=\"16\" alt=\"Loading\" src=\"https:\/\/temucotelevision.cl\/web\/wp-content\/plugins\/page-views-count\/ajax-loader-2x.gif\" border=0 \/><\/p>\n<div class=\"pvc_clear\"><\/div>\n<p>Sujetos se dan el tiempo de derribar un \u00e1rbol y atravesarlo en la carretera, producto de esto un veh\u00edculo impacta<\/p>\n","protected":false},"author":1,"featured_media":11688,"comment_status":"open","ping_status":"open","sticky":false,"template":"","format":"standard","meta":{"colormag_page_container_layout":"default_layout","colormag_page_sidebar_layout":"default_layout","footnotes":""},"categories":[15],"tags":[231,236],"class_list":["post-11687","post","type-post","status-publish","format-standard","has-post-thumbnail","hentry","category-la-araucania","tag-atentado","tag-camiones"],"a3_pvc":{"activated":true,"total_views":35,"today_views":0},"_links":{"self":[{"href":"https:\/\/temucotelevision.cl\/web\/wp-json\/wp\/v2\/posts\/11687","targetHints":{"allow":["GET"]}}],"collection":[{"href":"https:\/\/temucotelevision.cl\/web\/wp-json\/wp\/v2\/posts"}],"about":[{"href":"https:\/\/temucotelevision.cl\/web\/wp-json\/wp\/v2\/types\/post"}],"author":[{"embeddable":true,"href":"https:\/\/temucotelevision.cl\/web\/wp-json\/wp\/v2\/users\/1"}],"replies":[{"embeddable":true,"href":"https:\/\/temucotelevision.cl\/web\/wp-json\/wp\/v2\/comments?post=11687"}],"version-history":[{"count":1,"href":"https:\/\/temucotelevision.cl\/web\/wp-json\/wp\/v2\/posts\/11687\/revisions"}],"predecessor-version":[{"id":11690,"href":"https:\/\/temucotelevision.cl\/web\/wp-json\/wp\/v2\/posts\/11687\/revisions\/11690"}],"wp:featuredmedia":[{"embeddable":true,"href":"https:\/\/temucotelevision.cl\/web\/wp-json\/wp\/v2\/media\/11688"}],"wp:attachment":[{"href":"https:\/\/temucotelevision.cl\/web\/wp-json\/wp\/v2\/media?parent=11687"}],"wp:term":[{"taxonomy":"category","embeddable":true,"href":"https:\/\/temucotelevision.cl\/web\/wp-json\/wp\/v2\/categories?post=11687"},{"taxonomy":"post_tag","embeddable":true,"href":"https:\/\/temucotelevision.cl\/web\/wp-json\/wp\/v2\/tags?post=11687"}],"curies":[{"name":"wp","href":"https:\/\/api.w.org\/{rel}","templated":true}]}}