{"id":11685,"date":"2020-06-23T22:37:10","date_gmt":"2020-06-24T01:37:10","guid":{"rendered":"https:\/\/temucotelevision.cl\/web\/?p=11685"},"modified":"2020-06-23T22:37:12","modified_gmt":"2020-06-24T01:37:12","slug":"carabineros-logro-detencion-de-conductor-que-se-fugo-tras-atropellar-a-ciclista-dejandolo-al-borde-de-la-muerte-en-temuco","status":"publish","type":"post","link":"https:\/\/temucotelevision.cl\/web\/2020\/06\/23\/carabineros-logro-detencion-de-conductor-que-se-fugo-tras-atropellar-a-ciclista-dejandolo-al-borde-de-la-muerte-en-temuco\/","title":{"rendered":"Carabineros logr\u00f3 detenci\u00f3n de conductor que se fug\u00f3 tras atropellar a ciclista dej\u00e1ndolo al borde de la muerte en Temuco"},"content":{"rendered":"<div class=\"pvc_clear\"><\/div><p id=\"pvc_stats_11685\" class=\"pvc_stats total_only  \" data-element-id=\"11685\" style=\"\"><i class=\"pvc-stats-icon large\" aria-hidden=\"true\"><svg aria-hidden=\"true\" focusable=\"false\" data-prefix=\"far\" data-icon=\"chart-bar\" role=\"img\" xmlns=\"http:\/\/www.w3.org\/2000\/svg\" viewBox=\"0 0 512 512\" class=\"svg-inline--fa fa-chart-bar fa-w-16 fa-2x\"><path fill=\"currentColor\" d=\"M396.8 352h22.4c6.4 0 12.8-6.4 12.8-12.8V108.8c0-6.4-6.4-12.8-12.8-12.8h-22.4c-6.4 0-12.8 6.4-12.8 12.8v230.4c0 6.4 6.4 12.8 12.8 12.8zm-192 0h22.4c6.4 0 12.8-6.4 12.8-12.8V140.8c0-6.4-6.4-12.8-12.8-12.8h-22.4c-6.4 0-12.8 6.4-12.8 12.8v198.4c0 6.4 6.4 12.8 12.8 12.8zm96 0h22.4c6.4 0 12.8-6.4 12.8-12.8V204.8c0-6.4-6.4-12.8-12.8-12.8h-22.4c-6.4 0-12.8 6.4-12.8 12.8v134.4c0 6.4 6.4 12.8 12.8 12.8zM496 400H48V80c0-8.84-7.16-16-16-16H16C7.16 64 0 71.16 0 80v336c0 17.67 14.33 32 32 32h464c8.84 0 16-7.16 16-16v-16c0-8.84-7.16-16-16-16zm-387.2-48h22.4c6.4 0 12.8-6.4 12.8-12.8v-70.4c0-6.4-6.4-12.8-12.8-12.8h-22.4c-6.4 0-12.8 6.4-12.8 12.8v70.4c0 6.4 6.4 12.8 12.8 12.8z\" class=\"\"><\/path><\/svg><\/i> <img loading=\"lazy\" decoding=\"async\" width=\"16\" height=\"16\" alt=\"Loading\" src=\"https:\/\/temucotelevision.cl\/web\/wp-content\/plugins\/page-views-count\/ajax-loader-2x.gif\" border=0 \/><\/p><div class=\"pvc_clear\"><\/div>\n<p><em>El imputado de 64 a\u00f1os de edad, no prest\u00f3 auxilio a la v\u00edctima, abandon\u00e1ndola y se mantuvo por seis d\u00edas pr\u00f3fugo. Carabineros analiz\u00f3 las c\u00e1maras de distintos calles de Temuco reconstruyendo el recorrido del conductor para dar con su paradero.<\/em><\/p>\n\n\n\n<p>Un an\u00e1lisis minucioso de c\u00e1maras de televigilancia por parte de Carabineros de la Secci\u00f3n de Investigaci\u00f3n Policial (SIP) de la 2a. Comisar\u00eda \u201cTemuco\u201d fue clave para la detenci\u00f3n de C.H.M.V. de 64 a\u00f1os de edad , quien en la noche del pasado mi\u00e9rcoles 17 de junio, atropell\u00f3 a un ciclista dej\u00e1ndolo al borde de la muerte, sin prestarle auxilio.<\/p>\n\n\n\n<p>La impactantes im\u00e1genes del accidente de tr\u00e1nsito, se viralizaron por las redes sociales y Carabineros por instrucci\u00f3n de la Fiscal\u00eda local de Temuco, inici\u00f3 una investigaci\u00f3n que se enfoc\u00f3 n reconstruir el recorrido del veh\u00edculo sospechoso hasta revelar las caracter\u00edsticas que permitieron dar con el responsable del delito.<\/p>\n\n\n\n<p>\u201cEl conductor del veh\u00edculo no detiene su marcha, no presta auxilio a la v\u00edctima y se da a la fuga del sitio del suceso. Dicho accidente genera una investigaci\u00f3n por parte de Carabineros y luego de diversas diligencias desde ese d\u00eda hasta el d\u00eda de hoy, se logr\u00f3 detener a esta persona que ha confesado y reconocido su participaci\u00f3n en estos hechos\u201d, se\u00f1al\u00f3 el Mayor Marcelo S\u00e1ez, Comisario 2a. Comisaria \u201cTemuco\u201d.<\/p>\n\n\n\n<p>Respecto a la investigaci\u00f3n, el Mayor S\u00e1ez agreg\u00f3 que \u201cse analiz\u00f3 las im\u00e1genes que se mantienen por toda la calle San Mart\u00edn y calle Blanco, lo que permiti\u00f3 obtener caracter\u00edsticas del veh\u00edculo como color, marca y modelo, y es este proceso adem\u00e1s de la ayuda de familiares y la comunidad que se pudo dar con el paradero de este veh\u00edculo\u201d.<\/p>\n\n\n\n<p>Por instrucci\u00f3n de la Fiscal\u00eda, el imputado pasar\u00e1 este mi\u00e9rcoles a control de la detenci\u00f3n en el Juzgado de Garant\u00eda de Temuco.<\/p>\n","protected":false},"excerpt":{"rendered":"<div class=\"pvc_clear\"><\/div>\n<p id=\"pvc_stats_11685\" class=\"pvc_stats total_only  \" data-element-id=\"11685\" style=\"\"><i class=\"pvc-stats-icon large\" aria-hidden=\"true\"><svg aria-hidden=\"true\" focusable=\"false\" data-prefix=\"far\" data-icon=\"chart-bar\" role=\"img\" xmlns=\"http:\/\/www.w3.org\/2000\/svg\" viewBox=\"0 0 512 512\" class=\"svg-inline--fa fa-chart-bar fa-w-16 fa-2x\"><path fill=\"currentColor\" d=\"M396.8 352h22.4c6.4 0 12.8-6.4 12.8-12.8V108.8c0-6.4-6.4-12.8-12.8-12.8h-22.4c-6.4 0-12.8 6.4-12.8 12.8v230.4c0 6.4 6.4 12.8 12.8 12.8zm-192 0h22.4c6.4 0 12.8-6.4 12.8-12.8V140.8c0-6.4-6.4-12.8-12.8-12.8h-22.4c-6.4 0-12.8 6.4-12.8 12.8v198.4c0 6.4 6.4 12.8 12.8 12.8zm96 0h22.4c6.4 0 12.8-6.4 12.8-12.8V204.8c0-6.4-6.4-12.8-12.8-12.8h-22.4c-6.4 0-12.8 6.4-12.8 12.8v134.4c0 6.4 6.4 12.8 12.8 12.8zM496 400H48V80c0-8.84-7.16-16-16-16H16C7.16 64 0 71.16 0 80v336c0 17.67 14.33 32 32 32h464c8.84 0 16-7.16 16-16v-16c0-8.84-7.16-16-16-16zm-387.2-48h22.4c6.4 0 12.8-6.4 12.8-12.8v-70.4c0-6.4-6.4-12.8-12.8-12.8h-22.4c-6.4 0-12.8 6.4-12.8 12.8v70.4c0 6.4 6.4 12.8 12.8 12.8z\" class=\"\"><\/path><\/svg><\/i> <img loading=\"lazy\" decoding=\"async\" width=\"16\" height=\"16\" alt=\"Loading\" src=\"https:\/\/temucotelevision.cl\/web\/wp-content\/plugins\/page-views-count\/ajax-loader-2x.gif\" border=0 \/><\/p>\n<div class=\"pvc_clear\"><\/div>\n<p>El imputado de 64 a\u00f1os de edad, no prest\u00f3 auxilio a la v\u00edctima, abandon\u00e1ndola y se mantuvo por seis d\u00edas<\/p>\n","protected":false},"author":1,"featured_media":11684,"comment_status":"open","ping_status":"open","sticky":false,"template":"","format":"standard","meta":{"colormag_page_container_layout":"default_layout","colormag_page_sidebar_layout":"default_layout","footnotes":""},"categories":[15],"tags":[693,1222],"class_list":["post-11685","post","type-post","status-publish","format-standard","has-post-thumbnail","hentry","category-la-araucania","tag-atropello","tag-conductor"],"a3_pvc":{"activated":true,"total_views":44,"today_views":0},"_links":{"self":[{"href":"https:\/\/temucotelevision.cl\/web\/wp-json\/wp\/v2\/posts\/11685","targetHints":{"allow":["GET"]}}],"collection":[{"href":"https:\/\/temucotelevision.cl\/web\/wp-json\/wp\/v2\/posts"}],"about":[{"href":"https:\/\/temucotelevision.cl\/web\/wp-json\/wp\/v2\/types\/post"}],"author":[{"embeddable":true,"href":"https:\/\/temucotelevision.cl\/web\/wp-json\/wp\/v2\/users\/1"}],"replies":[{"embeddable":true,"href":"https:\/\/temucotelevision.cl\/web\/wp-json\/wp\/v2\/comments?post=11685"}],"version-history":[{"count":1,"href":"https:\/\/temucotelevision.cl\/web\/wp-json\/wp\/v2\/posts\/11685\/revisions"}],"predecessor-version":[{"id":11686,"href":"https:\/\/temucotelevision.cl\/web\/wp-json\/wp\/v2\/posts\/11685\/revisions\/11686"}],"wp:featuredmedia":[{"embeddable":true,"href":"https:\/\/temucotelevision.cl\/web\/wp-json\/wp\/v2\/media\/11684"}],"wp:attachment":[{"href":"https:\/\/temucotelevision.cl\/web\/wp-json\/wp\/v2\/media?parent=11685"}],"wp:term":[{"taxonomy":"category","embeddable":true,"href":"https:\/\/temucotelevision.cl\/web\/wp-json\/wp\/v2\/categories?post=11685"},{"taxonomy":"post_tag","embeddable":true,"href":"https:\/\/temucotelevision.cl\/web\/wp-json\/wp\/v2\/tags?post=11685"}],"curies":[{"name":"wp","href":"https:\/\/api.w.org\/{rel}","templated":true}]}}