{"id":11320,"date":"2020-06-12T21:12:47","date_gmt":"2020-06-13T00:12:47","guid":{"rendered":"https:\/\/temucotelevision.cl\/web\/?p=11320"},"modified":"2020-06-12T21:12:49","modified_gmt":"2020-06-13T00:12:49","slug":"federacion-regionalista-verde-del-wallmapu%ef%bb%bf-proponen-que-frente-a-la-crisis-de-representacion-la-soberania-retorne-al-soberano-via-cabildos-comunales","status":"publish","type":"post","link":"https:\/\/temucotelevision.cl\/web\/2020\/06\/12\/federacion-regionalista-verde-del-wallmapu%ef%bb%bf-proponen-que-frente-a-la-crisis-de-representacion-la-soberania-retorne-al-soberano-via-cabildos-comunales\/","title":{"rendered":"Federaci\u00f3n Regionalista Verde del Wallmapu\ufeff: Proponen que frente a la crisis de representaci\u00f3n la soberan\u00eda retorne al soberano v\u00eda cabildos comunales"},"content":{"rendered":"<div class=\"pvc_clear\"><\/div><p id=\"pvc_stats_11320\" class=\"pvc_stats total_only  \" data-element-id=\"11320\" style=\"\"><i class=\"pvc-stats-icon large\" aria-hidden=\"true\"><svg aria-hidden=\"true\" focusable=\"false\" data-prefix=\"far\" data-icon=\"chart-bar\" role=\"img\" xmlns=\"http:\/\/www.w3.org\/2000\/svg\" viewBox=\"0 0 512 512\" class=\"svg-inline--fa fa-chart-bar fa-w-16 fa-2x\"><path fill=\"currentColor\" d=\"M396.8 352h22.4c6.4 0 12.8-6.4 12.8-12.8V108.8c0-6.4-6.4-12.8-12.8-12.8h-22.4c-6.4 0-12.8 6.4-12.8 12.8v230.4c0 6.4 6.4 12.8 12.8 12.8zm-192 0h22.4c6.4 0 12.8-6.4 12.8-12.8V140.8c0-6.4-6.4-12.8-12.8-12.8h-22.4c-6.4 0-12.8 6.4-12.8 12.8v198.4c0 6.4 6.4 12.8 12.8 12.8zm96 0h22.4c6.4 0 12.8-6.4 12.8-12.8V204.8c0-6.4-6.4-12.8-12.8-12.8h-22.4c-6.4 0-12.8 6.4-12.8 12.8v134.4c0 6.4 6.4 12.8 12.8 12.8zM496 400H48V80c0-8.84-7.16-16-16-16H16C7.16 64 0 71.16 0 80v336c0 17.67 14.33 32 32 32h464c8.84 0 16-7.16 16-16v-16c0-8.84-7.16-16-16-16zm-387.2-48h22.4c6.4 0 12.8-6.4 12.8-12.8v-70.4c0-6.4-6.4-12.8-12.8-12.8h-22.4c-6.4 0-12.8 6.4-12.8 12.8v70.4c0 6.4 6.4 12.8 12.8 12.8z\" class=\"\"><\/path><\/svg><\/i> <img loading=\"lazy\" decoding=\"async\" width=\"16\" height=\"16\" alt=\"Loading\" src=\"https:\/\/temucotelevision.cl\/web\/wp-content\/plugins\/page-views-count\/ajax-loader-2x.gif\" border=0 \/><\/p><div class=\"pvc_clear\"><\/div>\n<p><strong><em>Ante el llamado de Allamand y Longueria (UDI-RN) de obviar el plebiscito constituyente<\/em><\/strong><\/p>\n\n\n\n<p>La Federaci\u00f3n Regionalista Verde del Wallmapu formul\u00f3 un contundente llamado a poner en practica la radicalidad democr\u00e1tica y retornar la soberan\u00eda a quien la deleg\u00f3 que es el pueblo soberano a trav\u00e9s de la propuesta de los cabildos comunales hacia la asamblea constituyente, todo esto frente al llamado de algunos sectores de derecha de postergar o eliminar el plebiscito constituyente de Octubre.<\/p>\n\n\n\n<p>Aqu\u00ed hay un aprovechamiento impresentable del Senador Allamand y de Longueira de manipular la situaci\u00f3n del Covid ante la opini\u00f3n p\u00fablica, utilizando el miedo y el temor para dejar en manos del parlamento, un proceso que le corresponde a la ciudadan\u00eda, por lo que rechazamos categ\u00f3ricamente esta propuesta que busca darle la espalda al Chile que naci\u00f3 el 18 de Octubre de 2019.<\/p>\n\n\n\n<p>Los Regionalistas Verdes del Wallmapu vamos a defender con fuerza el cronograma electoral, teniendo presente que estamos frente a una crisis sanitaria, que ser\u00eda lo \u00fanico que puede modificar los escenarios, pero nunca el quitarle al soberano la posibilidad de elegir su propio destino fuera de las elites que han gobernado para s\u00ed mismo.<\/p>\n\n\n\n<p><strong>Cabildos comunales<\/strong><\/p>\n\n\n\n<p>Agregaron que \u201cen medio de la crisis sanitaria el Estado Centralista y neoliberal ha demostrado todas sus incompetencias, por lo tanto, llamamos a que el acuerdo de una nueva Constituci\u00f3n se inicia con el debate territorial con la instalaci\u00f3n de Cabildos Comunales, electos con el sistema de elecci\u00f3n de concejales, pero multiplicados por diez; es decir, en aquellas comunas que eligen 6 concejales, el Cabildo Comunal quedar\u00e1 compuesto por 60 constituyentes. Adem\u00e1s, se deben agregar el porcentaje correspondiente a delegados de las primeras naciones, por comuna.<\/p>\n\n\n\n<p>Este Cabildo Comunal debe ser absolutamente paritario en cuanto a g\u00e9nero. De este Cabildo, deben salir electos por la ciudadan\u00eda un representante de cada g\u00e9nero para Conformar una Asamblea Constituyente.<\/p>\n\n\n\n<p>\u201cEste mecanismo asegura la participaci\u00f3n con equidad social, plurinacional, cultural y territorial\u201d, se\u00f1alaron sus dirigentes, ya que \u201cesta es una modalidad que permite combinar la democracia deliberativa con la democracia representativa\u201d, concluyeron los regionalistas verdes del Wallmapu.-<\/p>\n","protected":false},"excerpt":{"rendered":"<div class=\"pvc_clear\"><\/div>\n<p id=\"pvc_stats_11320\" class=\"pvc_stats total_only  \" data-element-id=\"11320\" style=\"\"><i class=\"pvc-stats-icon large\" aria-hidden=\"true\"><svg aria-hidden=\"true\" focusable=\"false\" data-prefix=\"far\" data-icon=\"chart-bar\" role=\"img\" xmlns=\"http:\/\/www.w3.org\/2000\/svg\" viewBox=\"0 0 512 512\" class=\"svg-inline--fa fa-chart-bar fa-w-16 fa-2x\"><path fill=\"currentColor\" d=\"M396.8 352h22.4c6.4 0 12.8-6.4 12.8-12.8V108.8c0-6.4-6.4-12.8-12.8-12.8h-22.4c-6.4 0-12.8 6.4-12.8 12.8v230.4c0 6.4 6.4 12.8 12.8 12.8zm-192 0h22.4c6.4 0 12.8-6.4 12.8-12.8V140.8c0-6.4-6.4-12.8-12.8-12.8h-22.4c-6.4 0-12.8 6.4-12.8 12.8v198.4c0 6.4 6.4 12.8 12.8 12.8zm96 0h22.4c6.4 0 12.8-6.4 12.8-12.8V204.8c0-6.4-6.4-12.8-12.8-12.8h-22.4c-6.4 0-12.8 6.4-12.8 12.8v134.4c0 6.4 6.4 12.8 12.8 12.8zM496 400H48V80c0-8.84-7.16-16-16-16H16C7.16 64 0 71.16 0 80v336c0 17.67 14.33 32 32 32h464c8.84 0 16-7.16 16-16v-16c0-8.84-7.16-16-16-16zm-387.2-48h22.4c6.4 0 12.8-6.4 12.8-12.8v-70.4c0-6.4-6.4-12.8-12.8-12.8h-22.4c-6.4 0-12.8 6.4-12.8 12.8v70.4c0 6.4 6.4 12.8 12.8 12.8z\" class=\"\"><\/path><\/svg><\/i> <img loading=\"lazy\" decoding=\"async\" width=\"16\" height=\"16\" alt=\"Loading\" src=\"https:\/\/temucotelevision.cl\/web\/wp-content\/plugins\/page-views-count\/ajax-loader-2x.gif\" border=0 \/><\/p>\n<div class=\"pvc_clear\"><\/div>\n<p>Ante el llamado de Allamand y Longueria (UDI-RN) de obviar el plebiscito constituyente La Federaci\u00f3n Regionalista Verde del Wallmapu formul\u00f3<\/p>\n","protected":false},"author":1,"featured_media":10532,"comment_status":"open","ping_status":"open","sticky":false,"template":"","format":"standard","meta":{"colormag_page_container_layout":"default_layout","colormag_page_sidebar_layout":"default_layout","footnotes":""},"categories":[84],"tags":[2606,1725,2605],"class_list":["post-11320","post","type-post","status-publish","format-standard","has-post-thumbnail","hentry","category-politica","tag-cabildos","tag-federacion","tag-wallmapu"],"a3_pvc":{"activated":true,"total_views":29,"today_views":0},"_links":{"self":[{"href":"https:\/\/temucotelevision.cl\/web\/wp-json\/wp\/v2\/posts\/11320","targetHints":{"allow":["GET"]}}],"collection":[{"href":"https:\/\/temucotelevision.cl\/web\/wp-json\/wp\/v2\/posts"}],"about":[{"href":"https:\/\/temucotelevision.cl\/web\/wp-json\/wp\/v2\/types\/post"}],"author":[{"embeddable":true,"href":"https:\/\/temucotelevision.cl\/web\/wp-json\/wp\/v2\/users\/1"}],"replies":[{"embeddable":true,"href":"https:\/\/temucotelevision.cl\/web\/wp-json\/wp\/v2\/comments?post=11320"}],"version-history":[{"count":1,"href":"https:\/\/temucotelevision.cl\/web\/wp-json\/wp\/v2\/posts\/11320\/revisions"}],"predecessor-version":[{"id":11321,"href":"https:\/\/temucotelevision.cl\/web\/wp-json\/wp\/v2\/posts\/11320\/revisions\/11321"}],"wp:featuredmedia":[{"embeddable":true,"href":"https:\/\/temucotelevision.cl\/web\/wp-json\/wp\/v2\/media\/10532"}],"wp:attachment":[{"href":"https:\/\/temucotelevision.cl\/web\/wp-json\/wp\/v2\/media?parent=11320"}],"wp:term":[{"taxonomy":"category","embeddable":true,"href":"https:\/\/temucotelevision.cl\/web\/wp-json\/wp\/v2\/categories?post=11320"},{"taxonomy":"post_tag","embeddable":true,"href":"https:\/\/temucotelevision.cl\/web\/wp-json\/wp\/v2\/tags?post=11320"}],"curies":[{"name":"wp","href":"https:\/\/api.w.org\/{rel}","templated":true}]}}