{"id":11316,"date":"2020-06-12T21:04:53","date_gmt":"2020-06-13T00:04:53","guid":{"rendered":"https:\/\/temucotelevision.cl\/web\/?p=11316"},"modified":"2020-06-12T21:06:37","modified_gmt":"2020-06-13T00:06:37","slug":"senadora-aravena-pide-a-conadi-aclarar-resultados-de-subsidios-para-adquisicion-de-tierras-indigenas%ef%bb%bf","status":"publish","type":"post","link":"https:\/\/temucotelevision.cl\/web\/2020\/06\/12\/senadora-aravena-pide-a-conadi-aclarar-resultados-de-subsidios-para-adquisicion-de-tierras-indigenas%ef%bb%bf\/","title":{"rendered":"Senadora Aravena pide a Conadi aclarar resultados de subsidios para adquisici\u00f3n de tierras ind\u00edgenas\ufeff"},"content":{"rendered":"<div class=\"pvc_clear\"><\/div><p id=\"pvc_stats_11316\" class=\"pvc_stats total_only  \" data-element-id=\"11316\" style=\"\"><i class=\"pvc-stats-icon large\" aria-hidden=\"true\"><svg aria-hidden=\"true\" focusable=\"false\" data-prefix=\"far\" data-icon=\"chart-bar\" role=\"img\" xmlns=\"http:\/\/www.w3.org\/2000\/svg\" viewBox=\"0 0 512 512\" class=\"svg-inline--fa fa-chart-bar fa-w-16 fa-2x\"><path fill=\"currentColor\" d=\"M396.8 352h22.4c6.4 0 12.8-6.4 12.8-12.8V108.8c0-6.4-6.4-12.8-12.8-12.8h-22.4c-6.4 0-12.8 6.4-12.8 12.8v230.4c0 6.4 6.4 12.8 12.8 12.8zm-192 0h22.4c6.4 0 12.8-6.4 12.8-12.8V140.8c0-6.4-6.4-12.8-12.8-12.8h-22.4c-6.4 0-12.8 6.4-12.8 12.8v198.4c0 6.4 6.4 12.8 12.8 12.8zm96 0h22.4c6.4 0 12.8-6.4 12.8-12.8V204.8c0-6.4-6.4-12.8-12.8-12.8h-22.4c-6.4 0-12.8 6.4-12.8 12.8v134.4c0 6.4 6.4 12.8 12.8 12.8zM496 400H48V80c0-8.84-7.16-16-16-16H16C7.16 64 0 71.16 0 80v336c0 17.67 14.33 32 32 32h464c8.84 0 16-7.16 16-16v-16c0-8.84-7.16-16-16-16zm-387.2-48h22.4c6.4 0 12.8-6.4 12.8-12.8v-70.4c0-6.4-6.4-12.8-12.8-12.8h-22.4c-6.4 0-12.8 6.4-12.8 12.8v70.4c0 6.4 6.4 12.8 12.8 12.8z\" class=\"\"><\/path><\/svg><\/i> <img loading=\"lazy\" decoding=\"async\" width=\"16\" height=\"16\" alt=\"Loading\" src=\"https:\/\/temucotelevision.cl\/web\/wp-content\/plugins\/page-views-count\/ajax-loader-2x.gif\" border=0 \/><\/p><div class=\"pvc_clear\"><\/div>\n<p><em>La parlamentaria realiz\u00f3 la solicitud a trav\u00e9s de un oficio al Director Nacional de Conadi, debido a que la informaci\u00f3n estuvo disponible por un par de horas y luego fue retirada de la web institucional.&nbsp;<\/em><\/p>\n\n\n\n<p>Mediante un oficio al Director Nacional de la Corporaci\u00f3n Nacional de Desarrollo Ind\u00edgena (Conadi), la senadora Carmen Gloria Aravena, solicit\u00f3 mayores antecedentes respecto a los resultados del 17\u00ba Concurso de Subsidio para la Adquisici\u00f3n de Tierras, los cuales fueron adjudicados mediante una Resoluci\u00f3n Exenta el d\u00eda 12 de mayo pasado.<\/p>\n\n\n\n<p>Al respecto, la senadora (IND pro RN) indic\u00f3 que la solicitud oficial al Director de Conadi, Ignacio Malig, enviada el 26 de mayo, se sustenta debido a que el listado de beneficiados fue publicado en el sitio web de la instituci\u00f3n el d\u00eda 14 de mayo, sin embargo, la informaci\u00f3n ya no est\u00e1 disponible y se desconoce la raz\u00f3n.<\/p>\n\n\n\n<p>\u201cDiversos dirigentes pertenecientes a comunidades ind\u00edgenas se han comunicado directamente conmigo o con mi equipo territorial, para solicitarnos m\u00e1s informaci\u00f3n respecto al resultado de los subsidios para adquisici\u00f3n de tierras. No obstante, no hemos podido otorgar una respuesta oficial, por lo que reitero mi llamado a la Conadi, para que entregue el listado de los beneficiarios y explique las razones del porqu\u00e9 \u00e9ste ya no est\u00e1 disponible en el sitio web\u201d, sostuvo Aravena.<\/p>\n\n\n\n<p>Asimismo, la parlamentaria por la regi\u00f3n de La Araucan\u00eda, indic\u00f3 que m\u00e1s all\u00e1 de las razones que pueda tener la Corporaci\u00f3n Nacional de Desarrollo Ind\u00edgena para retirar de su sitio web los resultados, una vez que ya hab\u00eda sido dada a conocer la Resoluci\u00f3n Exenta N\u00ba 516 del 12 de mayo, es necesario transparentar la informaci\u00f3n a un mes de su publicaci\u00f3n.<\/p>\n\n\n\n<p>Finalmente, la senadora record\u00f3 que cuando una Instituci\u00f3n P\u00fablica, como lo es la Conadi, publicita en su p\u00e1gina web el resultado de un concurso para la adquisici\u00f3n de tierras, genera una expectativa en todas aquellas personas que figuran en la lista de beneficiarios, quienes esperan se materialice el acto administrativo que terminar\u00e1 con la entrega de un subsidio para la adquisici\u00f3n en propiedad del inmueble, por lo que se generar\u00eda, con esta situaci\u00f3n, la posibilidad de exigir dicha expectativa v\u00eda judicial o administrativa.<\/p>\n","protected":false},"excerpt":{"rendered":"<div class=\"pvc_clear\"><\/div>\n<p id=\"pvc_stats_11316\" class=\"pvc_stats total_only  \" data-element-id=\"11316\" style=\"\"><i class=\"pvc-stats-icon large\" aria-hidden=\"true\"><svg aria-hidden=\"true\" focusable=\"false\" data-prefix=\"far\" data-icon=\"chart-bar\" role=\"img\" xmlns=\"http:\/\/www.w3.org\/2000\/svg\" viewBox=\"0 0 512 512\" class=\"svg-inline--fa fa-chart-bar fa-w-16 fa-2x\"><path fill=\"currentColor\" d=\"M396.8 352h22.4c6.4 0 12.8-6.4 12.8-12.8V108.8c0-6.4-6.4-12.8-12.8-12.8h-22.4c-6.4 0-12.8 6.4-12.8 12.8v230.4c0 6.4 6.4 12.8 12.8 12.8zm-192 0h22.4c6.4 0 12.8-6.4 12.8-12.8V140.8c0-6.4-6.4-12.8-12.8-12.8h-22.4c-6.4 0-12.8 6.4-12.8 12.8v198.4c0 6.4 6.4 12.8 12.8 12.8zm96 0h22.4c6.4 0 12.8-6.4 12.8-12.8V204.8c0-6.4-6.4-12.8-12.8-12.8h-22.4c-6.4 0-12.8 6.4-12.8 12.8v134.4c0 6.4 6.4 12.8 12.8 12.8zM496 400H48V80c0-8.84-7.16-16-16-16H16C7.16 64 0 71.16 0 80v336c0 17.67 14.33 32 32 32h464c8.84 0 16-7.16 16-16v-16c0-8.84-7.16-16-16-16zm-387.2-48h22.4c6.4 0 12.8-6.4 12.8-12.8v-70.4c0-6.4-6.4-12.8-12.8-12.8h-22.4c-6.4 0-12.8 6.4-12.8 12.8v70.4c0 6.4 6.4 12.8 12.8 12.8z\" class=\"\"><\/path><\/svg><\/i> <img loading=\"lazy\" decoding=\"async\" width=\"16\" height=\"16\" alt=\"Loading\" src=\"https:\/\/temucotelevision.cl\/web\/wp-content\/plugins\/page-views-count\/ajax-loader-2x.gif\" border=0 \/><\/p>\n<div class=\"pvc_clear\"><\/div>\n<p>La parlamentaria realiz\u00f3 la solicitud a trav\u00e9s de un oficio al Director Nacional de Conadi, debido a que la informaci\u00f3n<\/p>\n","protected":false},"author":1,"featured_media":8256,"comment_status":"open","ping_status":"open","sticky":false,"template":"","format":"standard","meta":{"colormag_page_container_layout":"default_layout","colormag_page_sidebar_layout":"default_layout","footnotes":""},"categories":[84],"tags":[750],"class_list":["post-11316","post","type-post","status-publish","format-standard","has-post-thumbnail","hentry","category-politica","tag-tierras"],"a3_pvc":{"activated":true,"total_views":42,"today_views":0},"_links":{"self":[{"href":"https:\/\/temucotelevision.cl\/web\/wp-json\/wp\/v2\/posts\/11316","targetHints":{"allow":["GET"]}}],"collection":[{"href":"https:\/\/temucotelevision.cl\/web\/wp-json\/wp\/v2\/posts"}],"about":[{"href":"https:\/\/temucotelevision.cl\/web\/wp-json\/wp\/v2\/types\/post"}],"author":[{"embeddable":true,"href":"https:\/\/temucotelevision.cl\/web\/wp-json\/wp\/v2\/users\/1"}],"replies":[{"embeddable":true,"href":"https:\/\/temucotelevision.cl\/web\/wp-json\/wp\/v2\/comments?post=11316"}],"version-history":[{"count":2,"href":"https:\/\/temucotelevision.cl\/web\/wp-json\/wp\/v2\/posts\/11316\/revisions"}],"predecessor-version":[{"id":11318,"href":"https:\/\/temucotelevision.cl\/web\/wp-json\/wp\/v2\/posts\/11316\/revisions\/11318"}],"wp:featuredmedia":[{"embeddable":true,"href":"https:\/\/temucotelevision.cl\/web\/wp-json\/wp\/v2\/media\/8256"}],"wp:attachment":[{"href":"https:\/\/temucotelevision.cl\/web\/wp-json\/wp\/v2\/media?parent=11316"}],"wp:term":[{"taxonomy":"category","embeddable":true,"href":"https:\/\/temucotelevision.cl\/web\/wp-json\/wp\/v2\/categories?post=11316"},{"taxonomy":"post_tag","embeddable":true,"href":"https:\/\/temucotelevision.cl\/web\/wp-json\/wp\/v2\/tags?post=11316"}],"curies":[{"name":"wp","href":"https:\/\/api.w.org\/{rel}","templated":true}]}}