{"id":11314,"date":"2020-06-12T17:38:42","date_gmt":"2020-06-12T20:38:42","guid":{"rendered":"https:\/\/temucotelevision.cl\/web\/?p=11314"},"modified":"2020-06-12T17:38:44","modified_gmt":"2020-06-12T20:38:44","slug":"diputado-mellado-destaco-iniciativa-que-asegurara-acceso-a-internet-de-estudiantes-e-instituciones-educacionales","status":"publish","type":"post","link":"https:\/\/temucotelevision.cl\/web\/2020\/06\/12\/diputado-mellado-destaco-iniciativa-que-asegurara-acceso-a-internet-de-estudiantes-e-instituciones-educacionales\/","title":{"rendered":"Diputado Mellado destac\u00f3 iniciativa que asegurar\u00e1 acceso a internet de estudiantes e instituciones educacionales"},"content":{"rendered":"<div class=\"pvc_clear\"><\/div><p id=\"pvc_stats_11314\" class=\"pvc_stats total_only  \" data-element-id=\"11314\" style=\"\"><i class=\"pvc-stats-icon large\" aria-hidden=\"true\"><svg aria-hidden=\"true\" focusable=\"false\" data-prefix=\"far\" data-icon=\"chart-bar\" role=\"img\" xmlns=\"http:\/\/www.w3.org\/2000\/svg\" viewBox=\"0 0 512 512\" class=\"svg-inline--fa fa-chart-bar fa-w-16 fa-2x\"><path fill=\"currentColor\" d=\"M396.8 352h22.4c6.4 0 12.8-6.4 12.8-12.8V108.8c0-6.4-6.4-12.8-12.8-12.8h-22.4c-6.4 0-12.8 6.4-12.8 12.8v230.4c0 6.4 6.4 12.8 12.8 12.8zm-192 0h22.4c6.4 0 12.8-6.4 12.8-12.8V140.8c0-6.4-6.4-12.8-12.8-12.8h-22.4c-6.4 0-12.8 6.4-12.8 12.8v198.4c0 6.4 6.4 12.8 12.8 12.8zm96 0h22.4c6.4 0 12.8-6.4 12.8-12.8V204.8c0-6.4-6.4-12.8-12.8-12.8h-22.4c-6.4 0-12.8 6.4-12.8 12.8v134.4c0 6.4 6.4 12.8 12.8 12.8zM496 400H48V80c0-8.84-7.16-16-16-16H16C7.16 64 0 71.16 0 80v336c0 17.67 14.33 32 32 32h464c8.84 0 16-7.16 16-16v-16c0-8.84-7.16-16-16-16zm-387.2-48h22.4c6.4 0 12.8-6.4 12.8-12.8v-70.4c0-6.4-6.4-12.8-12.8-12.8h-22.4c-6.4 0-12.8 6.4-12.8 12.8v70.4c0 6.4 6.4 12.8 12.8 12.8z\" class=\"\"><\/path><\/svg><\/i> <img loading=\"lazy\" decoding=\"async\" width=\"16\" height=\"16\" alt=\"Loading\" src=\"https:\/\/temucotelevision.cl\/web\/wp-content\/plugins\/page-views-count\/ajax-loader-2x.gif\" border=0 \/><\/p><div class=\"pvc_clear\"><\/div>\n<p><\/p>\n\n\n\n<p><em>El proyecto de ley proh\u00edbe el corte de servicios b\u00e1sicos durante la emergencia sanitaria, entre los que cuenta el servicio de internet y telefon\u00eda, asegurando el acceso de estudiantes e instituciones educacionales. <\/em><\/p>\n\n\n\n<p>Este mi\u00e9rcoles en sesi\u00f3n de sala del Congreso, se aprob\u00f3 la iniciativa que proh\u00edbe a las empresas suspender los servicios b\u00e1sicos por no pago debido a la crisis originada por el coronavirus. Esto incluye, empresas proveedoras de agua potable, alcantarillado, energ\u00eda el\u00e9ctrica, gas por ca\u00f1er\u00eda y sistemas de telefon\u00eda e internet.  <\/p>\n\n\n\n<p>El diputado Miguel Mellado (RN) destac\u00f3 la iniciativa, que adem\u00e1s permitir\u00e1 a los clientes optar por postergar el cobro de las deudas por consumos de servicios b\u00e1sicos que se generen entre el 18 de marzo de 2020 y hasta los noventa d\u00edas posteriores a la publicaci\u00f3n de la ley, mientras que las empresas deber\u00e1n prorratear las deudas en las cuentas en los 12 meses siguientes a la fecha de levantamiento del estado de cat\u00e1strofe y su cobro no podr\u00e1 incorporar multas ni intereses. \u201cEs una buena noticia para las familias m\u00e1s vulnerables, pero tambi\u00e9n para peque\u00f1as empresas y otras instituciones sin fines de lucro que podr\u00e1n adscribirse a este beneficio\u201d, manifest\u00f3 el parlamentario. <\/p>\n\n\n\n<p>\u201cDiscutimos durante varios d\u00edas en comisi\u00f3n mixta este proyecto, donde puse especial \u00e9nfasis a poder asegurar el servicio de internet a estudiantes e instituciones educacionales, para garantizar la continuidad de sus clases. Ahora los estudiantes de establecimientos educacionales de ense\u00f1anza parvularia, b\u00e1sica, media y superior, que pertenezcan al 60% de vulnerabilidad seg\u00fan el Registro Social de Hogares, podr\u00e1n solicitar a la empresa la aplicaci\u00f3n del plan solidario de conectividad. Adem\u00e1s las empresas deber\u00e1n ofrecer a las instituciones de educaci\u00f3n planes especiales de datos para focalizar en sus alumnos\u201d, detall\u00f3 Mellado. <\/p>\n\n\n\n<p>Seg\u00fan consta en la iniciativa, los clientes residenciales tambi\u00e9n podr\u00e1n optar al beneficio, tengan estos contratos fijos o de prepago de servicios de telefon\u00eda fija, m\u00f3vil o de acceso a internet, solicitando al proveedor el cambio transitorio de su contrato, para la aplicaci\u00f3n de un plan b\u00e1sico solidario de conectividad, sin costo y que no importe cambio num\u00e9rico, por un plazo de tres meses. <\/p>\n\n\n\n<p>El parlamentario destac\u00f3 adem\u00e1s el acceso de adultos mayores y peque\u00f1as empresas a este beneficio. \u201cLa situaci\u00f3n actual es compleja para muchos chilenos, que requieren de la continuidad de los servicios, y que ahora podr\u00e1n reorganizar sus cuentas. Personalmente continuar\u00e9 trabajando para descomprimir la presi\u00f3n econ\u00f3mica que ha generado la crisis sanitaria a las familias\u201d, manifest\u00f3 Mellado. <\/p>\n\n\n\n<p>El proyecto indica que para acceder a los beneficios, quienes lo soliciten deben a encontrarse dentro del 60% de vulnerabilidad seg\u00fan el Registro Social de Hogares, tener la calidad de adulto mayor, estar percibiendo las prestaciones del seguro de desempleo, ser trabajador independiente o informal no comprendido expresando mediante declaraci\u00f3n jurada simple, que est\u00e1 siendo afectado por una disminuci\u00f3n significativa de sus ingresos. La negativa de la empresa prestadora podr\u00e1 ser objeto de reclamo ante la subsecretar\u00eda, superintendencia u organismo fiscalizador respectivo.<\/p>\n","protected":false},"excerpt":{"rendered":"<div class=\"pvc_clear\"><\/div>\n<p id=\"pvc_stats_11314\" class=\"pvc_stats total_only  \" data-element-id=\"11314\" style=\"\"><i class=\"pvc-stats-icon large\" aria-hidden=\"true\"><svg aria-hidden=\"true\" focusable=\"false\" data-prefix=\"far\" data-icon=\"chart-bar\" role=\"img\" xmlns=\"http:\/\/www.w3.org\/2000\/svg\" viewBox=\"0 0 512 512\" class=\"svg-inline--fa fa-chart-bar fa-w-16 fa-2x\"><path fill=\"currentColor\" d=\"M396.8 352h22.4c6.4 0 12.8-6.4 12.8-12.8V108.8c0-6.4-6.4-12.8-12.8-12.8h-22.4c-6.4 0-12.8 6.4-12.8 12.8v230.4c0 6.4 6.4 12.8 12.8 12.8zm-192 0h22.4c6.4 0 12.8-6.4 12.8-12.8V140.8c0-6.4-6.4-12.8-12.8-12.8h-22.4c-6.4 0-12.8 6.4-12.8 12.8v198.4c0 6.4 6.4 12.8 12.8 12.8zm96 0h22.4c6.4 0 12.8-6.4 12.8-12.8V204.8c0-6.4-6.4-12.8-12.8-12.8h-22.4c-6.4 0-12.8 6.4-12.8 12.8v134.4c0 6.4 6.4 12.8 12.8 12.8zM496 400H48V80c0-8.84-7.16-16-16-16H16C7.16 64 0 71.16 0 80v336c0 17.67 14.33 32 32 32h464c8.84 0 16-7.16 16-16v-16c0-8.84-7.16-16-16-16zm-387.2-48h22.4c6.4 0 12.8-6.4 12.8-12.8v-70.4c0-6.4-6.4-12.8-12.8-12.8h-22.4c-6.4 0-12.8 6.4-12.8 12.8v70.4c0 6.4 6.4 12.8 12.8 12.8z\" class=\"\"><\/path><\/svg><\/i> <img loading=\"lazy\" decoding=\"async\" width=\"16\" height=\"16\" alt=\"Loading\" src=\"https:\/\/temucotelevision.cl\/web\/wp-content\/plugins\/page-views-count\/ajax-loader-2x.gif\" border=0 \/><\/p>\n<div class=\"pvc_clear\"><\/div>\n<p>El proyecto de ley proh\u00edbe el corte de servicios b\u00e1sicos durante la emergencia sanitaria, entre los que cuenta el servicio<\/p>\n","protected":false},"author":1,"featured_media":745,"comment_status":"open","ping_status":"open","sticky":false,"template":"","format":"standard","meta":{"colormag_page_container_layout":"default_layout","colormag_page_sidebar_layout":"default_layout","footnotes":""},"categories":[84],"tags":[1329],"class_list":["post-11314","post","type-post","status-publish","format-standard","has-post-thumbnail","hentry","category-politica","tag-internet"],"a3_pvc":{"activated":true,"total_views":13,"today_views":0},"_links":{"self":[{"href":"https:\/\/temucotelevision.cl\/web\/wp-json\/wp\/v2\/posts\/11314","targetHints":{"allow":["GET"]}}],"collection":[{"href":"https:\/\/temucotelevision.cl\/web\/wp-json\/wp\/v2\/posts"}],"about":[{"href":"https:\/\/temucotelevision.cl\/web\/wp-json\/wp\/v2\/types\/post"}],"author":[{"embeddable":true,"href":"https:\/\/temucotelevision.cl\/web\/wp-json\/wp\/v2\/users\/1"}],"replies":[{"embeddable":true,"href":"https:\/\/temucotelevision.cl\/web\/wp-json\/wp\/v2\/comments?post=11314"}],"version-history":[{"count":1,"href":"https:\/\/temucotelevision.cl\/web\/wp-json\/wp\/v2\/posts\/11314\/revisions"}],"predecessor-version":[{"id":11315,"href":"https:\/\/temucotelevision.cl\/web\/wp-json\/wp\/v2\/posts\/11314\/revisions\/11315"}],"wp:featuredmedia":[{"embeddable":true,"href":"https:\/\/temucotelevision.cl\/web\/wp-json\/wp\/v2\/media\/745"}],"wp:attachment":[{"href":"https:\/\/temucotelevision.cl\/web\/wp-json\/wp\/v2\/media?parent=11314"}],"wp:term":[{"taxonomy":"category","embeddable":true,"href":"https:\/\/temucotelevision.cl\/web\/wp-json\/wp\/v2\/categories?post=11314"},{"taxonomy":"post_tag","embeddable":true,"href":"https:\/\/temucotelevision.cl\/web\/wp-json\/wp\/v2\/tags?post=11314"}],"curies":[{"name":"wp","href":"https:\/\/api.w.org\/{rel}","templated":true}]}}