{"id":11307,"date":"2020-06-12T11:04:53","date_gmt":"2020-06-12T14:04:53","guid":{"rendered":"https:\/\/temucotelevision.cl\/web\/?p=11307"},"modified":"2020-06-12T11:04:55","modified_gmt":"2020-06-12T14:04:55","slug":"teletrabajo%ef%bb%bf-conoce-las-siete-habilidades-claves-que-han-%ef%bb%bfquedado-al-descubierto-en-la-pandemia%ef%bb%bf","status":"publish","type":"post","link":"https:\/\/temucotelevision.cl\/web\/2020\/06\/12\/teletrabajo%ef%bb%bf-conoce-las-siete-habilidades-claves-que-han-%ef%bb%bfquedado-al-descubierto-en-la-pandemia%ef%bb%bf\/","title":{"rendered":"Teletrabajo:\ufeff Conoce las siete habilidades claves que han \ufeffquedado al descubierto en la pandemia\ufeff"},"content":{"rendered":"<div class=\"pvc_clear\"><\/div><p id=\"pvc_stats_11307\" class=\"pvc_stats total_only  \" data-element-id=\"11307\" style=\"\"><i class=\"pvc-stats-icon large\" aria-hidden=\"true\"><svg aria-hidden=\"true\" focusable=\"false\" data-prefix=\"far\" data-icon=\"chart-bar\" role=\"img\" xmlns=\"http:\/\/www.w3.org\/2000\/svg\" viewBox=\"0 0 512 512\" class=\"svg-inline--fa fa-chart-bar fa-w-16 fa-2x\"><path fill=\"currentColor\" d=\"M396.8 352h22.4c6.4 0 12.8-6.4 12.8-12.8V108.8c0-6.4-6.4-12.8-12.8-12.8h-22.4c-6.4 0-12.8 6.4-12.8 12.8v230.4c0 6.4 6.4 12.8 12.8 12.8zm-192 0h22.4c6.4 0 12.8-6.4 12.8-12.8V140.8c0-6.4-6.4-12.8-12.8-12.8h-22.4c-6.4 0-12.8 6.4-12.8 12.8v198.4c0 6.4 6.4 12.8 12.8 12.8zm96 0h22.4c6.4 0 12.8-6.4 12.8-12.8V204.8c0-6.4-6.4-12.8-12.8-12.8h-22.4c-6.4 0-12.8 6.4-12.8 12.8v134.4c0 6.4 6.4 12.8 12.8 12.8zM496 400H48V80c0-8.84-7.16-16-16-16H16C7.16 64 0 71.16 0 80v336c0 17.67 14.33 32 32 32h464c8.84 0 16-7.16 16-16v-16c0-8.84-7.16-16-16-16zm-387.2-48h22.4c6.4 0 12.8-6.4 12.8-12.8v-70.4c0-6.4-6.4-12.8-12.8-12.8h-22.4c-6.4 0-12.8 6.4-12.8 12.8v70.4c0 6.4 6.4 12.8 12.8 12.8z\" class=\"\"><\/path><\/svg><\/i> <img loading=\"lazy\" decoding=\"async\" width=\"16\" height=\"16\" alt=\"Loading\" src=\"https:\/\/temucotelevision.cl\/web\/wp-content\/plugins\/page-views-count\/ajax-loader-2x.gif\" border=0 \/><\/p><div class=\"pvc_clear\"><\/div>\n<h5 class=\"wp-block-heading\">&#8211;&nbsp;Agilidad, adaptabilidad y comunicaci\u00f3n digital son algunas de ellas, que se han evidenciado en esta modalidad de trabajo en tiempos de crisis sanitaria.&nbsp;&nbsp;<\/h5>\n\n\n\n<p>\u00a0\u00a0\u00a0\u00a0\u00a0\u00a0\u00a0\u00a0\u00a0\u00a0\u00a0\u00a0\u00a0\u00a0La situaci\u00f3n sanitaria que atraviesa nuestro pa\u00eds y el mundo ha provocado que muchas empresas hayan tenido que implementar el trabajo remoto de manera r\u00e1pida y un poco forzada. Sin embargo, a la hora de hacer una evaluaci\u00f3n de dicha modalidad, son varias las habilidades que han quedado en evidencia.<\/p>\n\n\n\n<p>&nbsp;&nbsp;&nbsp;&nbsp;&nbsp;&nbsp;&nbsp;&nbsp;&nbsp;&nbsp;&nbsp;&nbsp;&nbsp;&nbsp;&nbsp;&nbsp;&nbsp;&nbsp;&nbsp;&nbsp;&nbsp;&nbsp;Si bien comenz\u00f3 como una obligaci\u00f3n m\u00e1s que por opci\u00f3n para las compa\u00f1\u00edas, el home office ha funcionado mejor de lo que se esperaba, siendo tomado en cuenta seriamente para ser aplicado cuando todo vuelva a la normalidad.&nbsp;<\/p>\n\n\n\n<p>&nbsp;&nbsp;&nbsp;&nbsp;&nbsp;&nbsp;&nbsp;&nbsp;&nbsp;&nbsp;&nbsp;&nbsp;&nbsp;&nbsp;&nbsp;&nbsp;&nbsp;&nbsp;&nbsp;&nbsp;&nbsp;&nbsp;Para Karina P\u00e9rez, directora de Robert Half Chile, el teletrabajo ha influido de gran manera, por lo que las organizaciones deber\u00edan trabajar m\u00e1s para ir adoptando esta modalidad con el tiempo. Adem\u00e1s, ha servido para que las personas puedan desarrollar diferentes habilidades que son muy importantes para las diferentes disciplinas.<\/p>\n\n\n\n<p>&nbsp;&nbsp;&nbsp;&nbsp;&nbsp;&nbsp;&nbsp;&nbsp;&nbsp;&nbsp;&nbsp;&nbsp;&nbsp;&nbsp;&nbsp;&nbsp;&nbsp;&nbsp;&nbsp;&nbsp;&nbsp;&nbsp;\u201cSin lugar a dudas que ha impactado positivamente por la masificaci\u00f3n de programas y estructuras que potencian el trabajo remoto, lo que no significa que cuando se vuelva a un escenario m\u00e1s normal, la gran mayor\u00eda de las empresas implementar\u00e1 alg\u00fan tipo de pol\u00edtica para esta modalidad. Asimismo, hemos podido apreciar como las personas han desarrollado, en poco tiempo, diferentes tipos de habilidades que son fundamentales para el desarrollo del trabajo actual y del futuro\u201d, afirma Karina P\u00e9rez.<\/p>\n\n\n\n<p>&nbsp;&nbsp;&nbsp;&nbsp;&nbsp;&nbsp;&nbsp;&nbsp;&nbsp;&nbsp;&nbsp;&nbsp;&nbsp;&nbsp;&nbsp;&nbsp;&nbsp;&nbsp;&nbsp;&nbsp;&nbsp;&nbsp;En este contexto, para teletrabajar ha sido necesario que las personas desarrollen diferentes tipos de habilidades, ya que las compa\u00f1\u00edas necesitan de colaboradores m\u00e1s \u00e1giles y adaptables, capaces de hacer frente a los r\u00e1pidos cambios en el mercado.<\/p>\n\n\n\n<p>&nbsp;&nbsp;&nbsp;&nbsp;&nbsp;&nbsp;&nbsp;&nbsp;&nbsp;&nbsp;&nbsp;&nbsp;&nbsp;&nbsp;&nbsp;&nbsp;&nbsp;&nbsp;&nbsp;&nbsp;&nbsp;&nbsp;Robert Half da a conocer siete habilidades que han quedado al descubierto en tiempos de teletrabajo:&nbsp;<\/p>\n\n\n\n<ol class=\"wp-block-list\"><li><strong>Colaboraci\u00f3n remota.&nbsp;<\/strong>Colaborar y cooperar a distancia ha resultado imprescindible en tiempos de trabajo remoto. Para lograrlo, se ha requerido de fuertes habilidades interpersonales, habilidades en el uso de herramientas de colaboraci\u00f3n, conocimientos de varios idiomas y saber distinguir y entender las posibles diferencias culturales.<\/li><li><strong>Comunicaci\u00f3n digital.&nbsp;<\/strong>Resulta esencial ser un usuario competente en tiempos de teletrabajo. La alfabetizaci\u00f3n digital ha implicado otras tres habilidades complementarias: gestionar la informaci\u00f3n, producir contenido que aporte un valor y producir y publicar contenidos.<\/li><li><strong>Agilidad y adaptabilidad.&nbsp;<\/strong>La agilidad y capacidad de las personas para liderar el cambio ha sido un factor clave de \u00e9xito,&nbsp;&nbsp;donde han tenido que trabajar una gran tolerancia a la incertidumbre y a las nuevas ideas, adquiriendo conocimientos en varias disciplinas y siendo capaces de asumir el cambio continuo.&nbsp;<\/li><li><strong>Creatividad y sentido de innovaci\u00f3n.&nbsp;<\/strong>La creatividad es la habilidad de proponer nuevas formas de interpretar las situaciones. Implica estar abiertos a nuevas ideas y experiencias (culturales, art\u00edsticas o profesionales). Una persona puede desarrollarla como usuario experto de las herramientas que fomentan esa creatividad y buscando entornos que favorezcan la creaci\u00f3n de nuevas ideas.&nbsp;<\/li><li><strong>Esp\u00edritu emprendedor.&nbsp;<\/strong>La capacidad de una persona para convertir ideas en acciones ha requerido de una gran motivaci\u00f3n (el entusiasmo ha sido el impulsor m\u00e1s poderoso para la acci\u00f3n), asumiendo riesgos y administrando proyectos que busquen alcanzar objetivos concretos.<\/li><li><strong>Organizaci\u00f3n del trabajo eficiente.&nbsp;<\/strong>La proliferaci\u00f3n de comunicaciones improductivas, la creciente masa de informaci\u00f3n, las diversas distracciones y la cantidad de proyectos que se realizan simult\u00e1neamente, han obligado a las personas a aumentar su productividad en sus trabajos para lograr alcanzar sus objetivos.&nbsp;<\/li><li><strong>Aprender a aprender.&nbsp;<\/strong>Es recomendable que cada persona reserve un porcentaje de su tiempo laboral para mejorar sus habilidades y seguir siendo empleable, tratando de cumplir con lo que el mercado laboral exige a cada momento. Para ello, las personas han debido desarrollar una cultura de autoaprendizaje y dise\u00f1ar su propia estrat\u00e9gia dentro del ecosistema (empresa, redes, instituciones de formaci\u00f3n y comunidades).&nbsp;<\/li><\/ol>\n","protected":false},"excerpt":{"rendered":"<div class=\"pvc_clear\"><\/div>\n<p id=\"pvc_stats_11307\" class=\"pvc_stats total_only  \" data-element-id=\"11307\" style=\"\"><i class=\"pvc-stats-icon large\" aria-hidden=\"true\"><svg aria-hidden=\"true\" focusable=\"false\" data-prefix=\"far\" data-icon=\"chart-bar\" role=\"img\" xmlns=\"http:\/\/www.w3.org\/2000\/svg\" viewBox=\"0 0 512 512\" class=\"svg-inline--fa fa-chart-bar fa-w-16 fa-2x\"><path fill=\"currentColor\" d=\"M396.8 352h22.4c6.4 0 12.8-6.4 12.8-12.8V108.8c0-6.4-6.4-12.8-12.8-12.8h-22.4c-6.4 0-12.8 6.4-12.8 12.8v230.4c0 6.4 6.4 12.8 12.8 12.8zm-192 0h22.4c6.4 0 12.8-6.4 12.8-12.8V140.8c0-6.4-6.4-12.8-12.8-12.8h-22.4c-6.4 0-12.8 6.4-12.8 12.8v198.4c0 6.4 6.4 12.8 12.8 12.8zm96 0h22.4c6.4 0 12.8-6.4 12.8-12.8V204.8c0-6.4-6.4-12.8-12.8-12.8h-22.4c-6.4 0-12.8 6.4-12.8 12.8v134.4c0 6.4 6.4 12.8 12.8 12.8zM496 400H48V80c0-8.84-7.16-16-16-16H16C7.16 64 0 71.16 0 80v336c0 17.67 14.33 32 32 32h464c8.84 0 16-7.16 16-16v-16c0-8.84-7.16-16-16-16zm-387.2-48h22.4c6.4 0 12.8-6.4 12.8-12.8v-70.4c0-6.4-6.4-12.8-12.8-12.8h-22.4c-6.4 0-12.8 6.4-12.8 12.8v70.4c0 6.4 6.4 12.8 12.8 12.8z\" class=\"\"><\/path><\/svg><\/i> <img loading=\"lazy\" decoding=\"async\" width=\"16\" height=\"16\" alt=\"Loading\" src=\"https:\/\/temucotelevision.cl\/web\/wp-content\/plugins\/page-views-count\/ajax-loader-2x.gif\" border=0 \/><\/p>\n<div class=\"pvc_clear\"><\/div>\n<p>&#8211;&nbsp;Agilidad, adaptabilidad y comunicaci\u00f3n digital son algunas de ellas, que se han evidenciado en esta modalidad de trabajo en tiempos<\/p>\n","protected":false},"author":1,"featured_media":9177,"comment_status":"open","ping_status":"open","sticky":false,"template":"","format":"standard","meta":{"colormag_page_container_layout":"default_layout","colormag_page_sidebar_layout":"default_layout","footnotes":""},"categories":[101],"tags":[103,2312,2319],"class_list":["post-11307","post","type-post","status-publish","format-standard","has-post-thumbnail","hentry","category-actualidad","tag-claves","tag-pandemia","tag-teletrabajo"],"a3_pvc":{"activated":true,"total_views":29,"today_views":0},"_links":{"self":[{"href":"https:\/\/temucotelevision.cl\/web\/wp-json\/wp\/v2\/posts\/11307","targetHints":{"allow":["GET"]}}],"collection":[{"href":"https:\/\/temucotelevision.cl\/web\/wp-json\/wp\/v2\/posts"}],"about":[{"href":"https:\/\/temucotelevision.cl\/web\/wp-json\/wp\/v2\/types\/post"}],"author":[{"embeddable":true,"href":"https:\/\/temucotelevision.cl\/web\/wp-json\/wp\/v2\/users\/1"}],"replies":[{"embeddable":true,"href":"https:\/\/temucotelevision.cl\/web\/wp-json\/wp\/v2\/comments?post=11307"}],"version-history":[{"count":1,"href":"https:\/\/temucotelevision.cl\/web\/wp-json\/wp\/v2\/posts\/11307\/revisions"}],"predecessor-version":[{"id":11308,"href":"https:\/\/temucotelevision.cl\/web\/wp-json\/wp\/v2\/posts\/11307\/revisions\/11308"}],"wp:featuredmedia":[{"embeddable":true,"href":"https:\/\/temucotelevision.cl\/web\/wp-json\/wp\/v2\/media\/9177"}],"wp:attachment":[{"href":"https:\/\/temucotelevision.cl\/web\/wp-json\/wp\/v2\/media?parent=11307"}],"wp:term":[{"taxonomy":"category","embeddable":true,"href":"https:\/\/temucotelevision.cl\/web\/wp-json\/wp\/v2\/categories?post=11307"},{"taxonomy":"post_tag","embeddable":true,"href":"https:\/\/temucotelevision.cl\/web\/wp-json\/wp\/v2\/tags?post=11307"}],"curies":[{"name":"wp","href":"https:\/\/api.w.org\/{rel}","templated":true}]}}