{"id":11296,"date":"2020-06-12T00:01:34","date_gmt":"2020-06-12T03:01:34","guid":{"rendered":"https:\/\/temucotelevision.cl\/web\/?p=11296"},"modified":"2020-06-12T00:08:23","modified_gmt":"2020-06-12T03:08:23","slug":"caso-huracan-corte-de-apelaciones-adelanta-fecha-de-preparacion-de-juicio-oral","status":"publish","type":"post","link":"https:\/\/temucotelevision.cl\/web\/2020\/06\/12\/caso-huracan-corte-de-apelaciones-adelanta-fecha-de-preparacion-de-juicio-oral\/","title":{"rendered":"Caso Hurac\u00e1n: Corte de Apelaciones adelanta fecha de preparaci\u00f3n de juicio oral"},"content":{"rendered":"<div class=\"pvc_clear\"><\/div><p id=\"pvc_stats_11296\" class=\"pvc_stats total_only  \" data-element-id=\"11296\" style=\"\"><i class=\"pvc-stats-icon large\" aria-hidden=\"true\"><svg aria-hidden=\"true\" focusable=\"false\" data-prefix=\"far\" data-icon=\"chart-bar\" role=\"img\" xmlns=\"http:\/\/www.w3.org\/2000\/svg\" viewBox=\"0 0 512 512\" class=\"svg-inline--fa fa-chart-bar fa-w-16 fa-2x\"><path fill=\"currentColor\" d=\"M396.8 352h22.4c6.4 0 12.8-6.4 12.8-12.8V108.8c0-6.4-6.4-12.8-12.8-12.8h-22.4c-6.4 0-12.8 6.4-12.8 12.8v230.4c0 6.4 6.4 12.8 12.8 12.8zm-192 0h22.4c6.4 0 12.8-6.4 12.8-12.8V140.8c0-6.4-6.4-12.8-12.8-12.8h-22.4c-6.4 0-12.8 6.4-12.8 12.8v198.4c0 6.4 6.4 12.8 12.8 12.8zm96 0h22.4c6.4 0 12.8-6.4 12.8-12.8V204.8c0-6.4-6.4-12.8-12.8-12.8h-22.4c-6.4 0-12.8 6.4-12.8 12.8v134.4c0 6.4 6.4 12.8 12.8 12.8zM496 400H48V80c0-8.84-7.16-16-16-16H16C7.16 64 0 71.16 0 80v336c0 17.67 14.33 32 32 32h464c8.84 0 16-7.16 16-16v-16c0-8.84-7.16-16-16-16zm-387.2-48h22.4c6.4 0 12.8-6.4 12.8-12.8v-70.4c0-6.4-6.4-12.8-12.8-12.8h-22.4c-6.4 0-12.8 6.4-12.8 12.8v70.4c0 6.4 6.4 12.8 12.8 12.8z\" class=\"\"><\/path><\/svg><\/i> <img loading=\"lazy\" decoding=\"async\" width=\"16\" height=\"16\" alt=\"Loading\" src=\"https:\/\/temucotelevision.cl\/web\/wp-content\/plugins\/page-views-count\/ajax-loader-2x.gif\" border=0 \/><\/p><div class=\"pvc_clear\"><\/div>\n<p>La Corte de Temuco acogi\u00f3 hoy \u2013jueves 11 de junio\u2013 el recurso de apelaci\u00f3n interpuesto por el Ministerio P\u00fablico, con adhesi\u00f3n de los querellantes Intendencia Regional de La Araucan\u00eda y CDE, y fij\u00f3 para el&nbsp;<strong>11 de agosto pr\u00f3ximo<\/strong>&nbsp;la audiencia de preparaci\u00f3n de juicio oral del denominado caso Hurac\u00e1n.<\/p>\n\n\n\n<p>En fallo un\u00e1nime, la Primera Sala del tribunal de alzada \u2013integrada por los ministros Julio C\u00e9sar Grand\u00f3n Castro, Alejandro Vera Quilodr\u00e1n y Cecilia Aravena L\u00f3pez\u2013 revoc\u00f3 la resoluci\u00f3n impugnada, dictada el 4&nbsp; de mayo pasado, por el Juzgado de Garant\u00eda de Temuco, que debido a las dificultades que reviste la accesibilidad a la audiencia por videoconferencia y para que el Ministerio P\u00fablico entregue a las defensas la totalidad de la prueba documental, hab\u00eda fijado la audiencia para las 8.30 horas del 28 de septiembre pr\u00f3ximo.<\/p>\n\n\n\n<p>\u201cAtendido el m\u00e9rito de autos, teniendo especialmente presente lo dispuesto en el art\u00edculo 7.5 de la Convenci\u00f3n Americana de Derecho Humanos, al tener toda persona derecho a ser juzgada dentro de un plazo razonable, existiendo en esta causa personas privadas de libertad, siendo su juzgamiento prioritario, considerando los argumentos expuestos por el fiscal del Ministerio P\u00fablico en esta audiencia, en cuanto a dar cabal cumplimiento a lo resuelto por la Jueza de Garant\u00eda con fecha cuatro de mayo del presente a\u00f1o en el plazo de treinta d\u00edas, unido a lo dispuesto por la Excelent\u00edsima Corte Suprema en resoluci\u00f3n de fecha veintiocho de mayo del a\u00f1o dos mil veinte, en que dispuso que el teletrabajo es la forma regular y ordinaria en que se debe prestar el servicio judicial en el periodo de contingencia sanitaria,&nbsp;<strong>SE REVOCA<\/strong>&nbsp;la resoluci\u00f3n de fecha cuatro de mayo de dos mil veinte, solo en la parte en que se fij\u00f3 la audiencia de preparaci\u00f3n del juicio oral para el d\u00eda 28 de septiembre del a\u00f1o 2020, y en su lugar se dispone que el tribunal a quo deber\u00e1 fijar la audiencia para el d\u00eda 11 de agosto del presente a\u00f1o, en el horario que fijar\u00e1 el Tribunal A Quo al efecto\u201d, consigna el fallo.<\/p>\n\n\n\n<p>Decisi\u00f3n acordada con la prevenci\u00f3n de la ministra Aravena L\u00f3pez, \u201cquien estuvo por&nbsp;disponer que el tribunal a quo fije la audiencia preparatoria de juicio oral dentro del plazo establecido en el art\u00edculo 260 del C\u00f3digo Procesal Penal, una vez ejecutoriada la resoluci\u00f3n que d\u00e9 por cumplido lo ordenado al Ministerio P\u00fablico, conforme a lo resuelto en la audiencia de fecha cuatro de mayo del presente a\u00f1o\u201d.<\/p>\n\n\n\n<p><br><\/p>\n","protected":false},"excerpt":{"rendered":"<div class=\"pvc_clear\"><\/div>\n<p id=\"pvc_stats_11296\" class=\"pvc_stats total_only  \" data-element-id=\"11296\" style=\"\"><i class=\"pvc-stats-icon large\" aria-hidden=\"true\"><svg aria-hidden=\"true\" focusable=\"false\" data-prefix=\"far\" data-icon=\"chart-bar\" role=\"img\" xmlns=\"http:\/\/www.w3.org\/2000\/svg\" viewBox=\"0 0 512 512\" class=\"svg-inline--fa fa-chart-bar fa-w-16 fa-2x\"><path fill=\"currentColor\" d=\"M396.8 352h22.4c6.4 0 12.8-6.4 12.8-12.8V108.8c0-6.4-6.4-12.8-12.8-12.8h-22.4c-6.4 0-12.8 6.4-12.8 12.8v230.4c0 6.4 6.4 12.8 12.8 12.8zm-192 0h22.4c6.4 0 12.8-6.4 12.8-12.8V140.8c0-6.4-6.4-12.8-12.8-12.8h-22.4c-6.4 0-12.8 6.4-12.8 12.8v198.4c0 6.4 6.4 12.8 12.8 12.8zm96 0h22.4c6.4 0 12.8-6.4 12.8-12.8V204.8c0-6.4-6.4-12.8-12.8-12.8h-22.4c-6.4 0-12.8 6.4-12.8 12.8v134.4c0 6.4 6.4 12.8 12.8 12.8zM496 400H48V80c0-8.84-7.16-16-16-16H16C7.16 64 0 71.16 0 80v336c0 17.67 14.33 32 32 32h464c8.84 0 16-7.16 16-16v-16c0-8.84-7.16-16-16-16zm-387.2-48h22.4c6.4 0 12.8-6.4 12.8-12.8v-70.4c0-6.4-6.4-12.8-12.8-12.8h-22.4c-6.4 0-12.8 6.4-12.8 12.8v70.4c0 6.4 6.4 12.8 12.8 12.8z\" class=\"\"><\/path><\/svg><\/i> <img loading=\"lazy\" decoding=\"async\" width=\"16\" height=\"16\" alt=\"Loading\" src=\"https:\/\/temucotelevision.cl\/web\/wp-content\/plugins\/page-views-count\/ajax-loader-2x.gif\" border=0 \/><\/p>\n<div class=\"pvc_clear\"><\/div>\n<p>La Corte de Temuco acogi\u00f3 hoy \u2013jueves 11 de junio\u2013 el recurso de apelaci\u00f3n interpuesto por el Ministerio P\u00fablico, con<\/p>\n","protected":false},"author":1,"featured_media":10143,"comment_status":"open","ping_status":"open","sticky":false,"template":"","format":"standard","meta":{"colormag_page_container_layout":"default_layout","colormag_page_sidebar_layout":"default_layout","footnotes":""},"categories":[15],"tags":[412,1302],"class_list":["post-11296","post","type-post","status-publish","format-standard","has-post-thumbnail","hentry","category-la-araucania","tag-caso","tag-huracan"],"a3_pvc":{"activated":true,"total_views":26,"today_views":0},"_links":{"self":[{"href":"https:\/\/temucotelevision.cl\/web\/wp-json\/wp\/v2\/posts\/11296","targetHints":{"allow":["GET"]}}],"collection":[{"href":"https:\/\/temucotelevision.cl\/web\/wp-json\/wp\/v2\/posts"}],"about":[{"href":"https:\/\/temucotelevision.cl\/web\/wp-json\/wp\/v2\/types\/post"}],"author":[{"embeddable":true,"href":"https:\/\/temucotelevision.cl\/web\/wp-json\/wp\/v2\/users\/1"}],"replies":[{"embeddable":true,"href":"https:\/\/temucotelevision.cl\/web\/wp-json\/wp\/v2\/comments?post=11296"}],"version-history":[{"count":3,"href":"https:\/\/temucotelevision.cl\/web\/wp-json\/wp\/v2\/posts\/11296\/revisions"}],"predecessor-version":[{"id":11300,"href":"https:\/\/temucotelevision.cl\/web\/wp-json\/wp\/v2\/posts\/11296\/revisions\/11300"}],"wp:featuredmedia":[{"embeddable":true,"href":"https:\/\/temucotelevision.cl\/web\/wp-json\/wp\/v2\/media\/10143"}],"wp:attachment":[{"href":"https:\/\/temucotelevision.cl\/web\/wp-json\/wp\/v2\/media?parent=11296"}],"wp:term":[{"taxonomy":"category","embeddable":true,"href":"https:\/\/temucotelevision.cl\/web\/wp-json\/wp\/v2\/categories?post=11296"},{"taxonomy":"post_tag","embeddable":true,"href":"https:\/\/temucotelevision.cl\/web\/wp-json\/wp\/v2\/tags?post=11296"}],"curies":[{"name":"wp","href":"https:\/\/api.w.org\/{rel}","templated":true}]}}