{"id":11293,"date":"2020-06-11T17:15:23","date_gmt":"2020-06-11T20:15:23","guid":{"rendered":"https:\/\/temucotelevision.cl\/web\/?p=11293"},"modified":"2020-06-11T17:15:26","modified_gmt":"2020-06-11T20:15:26","slug":"collipulli-pdi-detiene-a-cuatro-personas-incautando-mas-de-medio-kilo-de-cannabis-sativa-que-provenian-de-dos-comunidades-de-ercilla","status":"publish","type":"post","link":"https:\/\/temucotelevision.cl\/web\/2020\/06\/11\/collipulli-pdi-detiene-a-cuatro-personas-incautando-mas-de-medio-kilo-de-cannabis-sativa-que-provenian-de-dos-comunidades-de-ercilla\/","title":{"rendered":"Collipulli: Pdi detiene a cuatro personas incautando m\u00e1s de medio kilo de cannabis sativa que proven\u00edan de dos comunidades de Ercilla"},"content":{"rendered":"<div class=\"pvc_clear\"><\/div><p id=\"pvc_stats_11293\" class=\"pvc_stats total_only  \" data-element-id=\"11293\" style=\"\"><i class=\"pvc-stats-icon large\" aria-hidden=\"true\"><svg aria-hidden=\"true\" focusable=\"false\" data-prefix=\"far\" data-icon=\"chart-bar\" role=\"img\" xmlns=\"http:\/\/www.w3.org\/2000\/svg\" viewBox=\"0 0 512 512\" class=\"svg-inline--fa fa-chart-bar fa-w-16 fa-2x\"><path fill=\"currentColor\" d=\"M396.8 352h22.4c6.4 0 12.8-6.4 12.8-12.8V108.8c0-6.4-6.4-12.8-12.8-12.8h-22.4c-6.4 0-12.8 6.4-12.8 12.8v230.4c0 6.4 6.4 12.8 12.8 12.8zm-192 0h22.4c6.4 0 12.8-6.4 12.8-12.8V140.8c0-6.4-6.4-12.8-12.8-12.8h-22.4c-6.4 0-12.8 6.4-12.8 12.8v198.4c0 6.4 6.4 12.8 12.8 12.8zm96 0h22.4c6.4 0 12.8-6.4 12.8-12.8V204.8c0-6.4-6.4-12.8-12.8-12.8h-22.4c-6.4 0-12.8 6.4-12.8 12.8v134.4c0 6.4 6.4 12.8 12.8 12.8zM496 400H48V80c0-8.84-7.16-16-16-16H16C7.16 64 0 71.16 0 80v336c0 17.67 14.33 32 32 32h464c8.84 0 16-7.16 16-16v-16c0-8.84-7.16-16-16-16zm-387.2-48h22.4c6.4 0 12.8-6.4 12.8-12.8v-70.4c0-6.4-6.4-12.8-12.8-12.8h-22.4c-6.4 0-12.8 6.4-12.8 12.8v70.4c0 6.4 6.4 12.8 12.8 12.8z\" class=\"\"><\/path><\/svg><\/i> <img loading=\"lazy\" decoding=\"async\" width=\"16\" height=\"16\" alt=\"Loading\" src=\"https:\/\/temucotelevision.cl\/web\/wp-content\/plugins\/page-views-count\/ajax-loader-2x.gif\" border=0 \/><\/p><div class=\"pvc_clear\"><\/div>\n<p>Detectives del grupo multidisciplinario Malleco de la Brigada Investigadora de Robos (Biro) Angol, destinados a la investigaci\u00f3n de robo de veh\u00edculos y tr\u00e1fico de droga, realiz\u00f3 la detenci\u00f3n de 4 personas en Collipulli, una de ellas de sexo femenino, incautando droga, dinero en efectivo y otras especies.<\/p>\n\n\n\n<p>Tres de los sujetos fueron detenidos en flagrancia por el delito de Infracci\u00f3n al Art\u00edculo 3\u00b0 de la Ley 20.000, y una cuarta persona por una orden de detenci\u00f3n verbal en su contra del Juzgado de Garant\u00eda de Collipullli, por el delito de Infracci\u00f3n a la Ley 20.000, la que se gestion\u00f3 en el marco de la Operaci\u00f3n \u201cM\u00f3naco\u201d, donde se investiga una organizaci\u00f3n criminal que opera desde el interior de las comunidades rurales en la zona de Malleco.<\/p>\n\n\n\n<p>Seg\u00fan lo informado por el jefe de la Brigada de Robos Angol, Comisario Roberto Bolvar\u00e1n, en el procedimiento se incaut\u00f3 657, 73 gramos de cannabis sativa, $1.215.000 (un mill\u00f3n doscientos quince mil pesos) en efectivo, un invernadero In Door, una balanza, elementos de dosificaci\u00f3n, adem\u00e1s de un autom\u00f3vil.<\/p>\n\n\n\n<p>De acuerdo a la investigaci\u00f3n llevada a cabo por la Biro Angol, dicha droga proven\u00eda de dos comunidades de Ercilla.<\/p>\n\n\n\n<p>Los detenidos fueron puestos a disposici\u00f3n del Juzgado de Garant\u00eda de Collipulli, donde se decret\u00f3 prisi\u00f3n preventiva para dos de los imputados y arresto domiciliario total para los otros dos.<\/p>\n","protected":false},"excerpt":{"rendered":"<div class=\"pvc_clear\"><\/div>\n<p id=\"pvc_stats_11293\" class=\"pvc_stats total_only  \" data-element-id=\"11293\" style=\"\"><i class=\"pvc-stats-icon large\" aria-hidden=\"true\"><svg aria-hidden=\"true\" focusable=\"false\" data-prefix=\"far\" data-icon=\"chart-bar\" role=\"img\" xmlns=\"http:\/\/www.w3.org\/2000\/svg\" viewBox=\"0 0 512 512\" class=\"svg-inline--fa fa-chart-bar fa-w-16 fa-2x\"><path fill=\"currentColor\" d=\"M396.8 352h22.4c6.4 0 12.8-6.4 12.8-12.8V108.8c0-6.4-6.4-12.8-12.8-12.8h-22.4c-6.4 0-12.8 6.4-12.8 12.8v230.4c0 6.4 6.4 12.8 12.8 12.8zm-192 0h22.4c6.4 0 12.8-6.4 12.8-12.8V140.8c0-6.4-6.4-12.8-12.8-12.8h-22.4c-6.4 0-12.8 6.4-12.8 12.8v198.4c0 6.4 6.4 12.8 12.8 12.8zm96 0h22.4c6.4 0 12.8-6.4 12.8-12.8V204.8c0-6.4-6.4-12.8-12.8-12.8h-22.4c-6.4 0-12.8 6.4-12.8 12.8v134.4c0 6.4 6.4 12.8 12.8 12.8zM496 400H48V80c0-8.84-7.16-16-16-16H16C7.16 64 0 71.16 0 80v336c0 17.67 14.33 32 32 32h464c8.84 0 16-7.16 16-16v-16c0-8.84-7.16-16-16-16zm-387.2-48h22.4c6.4 0 12.8-6.4 12.8-12.8v-70.4c0-6.4-6.4-12.8-12.8-12.8h-22.4c-6.4 0-12.8 6.4-12.8 12.8v70.4c0 6.4 6.4 12.8 12.8 12.8z\" class=\"\"><\/path><\/svg><\/i> <img loading=\"lazy\" decoding=\"async\" width=\"16\" height=\"16\" alt=\"Loading\" src=\"https:\/\/temucotelevision.cl\/web\/wp-content\/plugins\/page-views-count\/ajax-loader-2x.gif\" border=0 \/><\/p>\n<div class=\"pvc_clear\"><\/div>\n<p>Detectives del grupo multidisciplinario Malleco de la Brigada Investigadora de Robos (Biro) Angol, destinados a la investigaci\u00f3n de robo de<\/p>\n","protected":false},"author":1,"featured_media":11294,"comment_status":"open","ping_status":"open","sticky":false,"template":"","format":"standard","meta":{"colormag_page_container_layout":"default_layout","colormag_page_sidebar_layout":"default_layout","footnotes":""},"categories":[16],"tags":[712],"class_list":["post-11293","post","type-post","status-publish","format-standard","has-post-thumbnail","hentry","category-policial","tag-ercilla"],"a3_pvc":{"activated":true,"total_views":27,"today_views":0},"_links":{"self":[{"href":"https:\/\/temucotelevision.cl\/web\/wp-json\/wp\/v2\/posts\/11293","targetHints":{"allow":["GET"]}}],"collection":[{"href":"https:\/\/temucotelevision.cl\/web\/wp-json\/wp\/v2\/posts"}],"about":[{"href":"https:\/\/temucotelevision.cl\/web\/wp-json\/wp\/v2\/types\/post"}],"author":[{"embeddable":true,"href":"https:\/\/temucotelevision.cl\/web\/wp-json\/wp\/v2\/users\/1"}],"replies":[{"embeddable":true,"href":"https:\/\/temucotelevision.cl\/web\/wp-json\/wp\/v2\/comments?post=11293"}],"version-history":[{"count":1,"href":"https:\/\/temucotelevision.cl\/web\/wp-json\/wp\/v2\/posts\/11293\/revisions"}],"predecessor-version":[{"id":11295,"href":"https:\/\/temucotelevision.cl\/web\/wp-json\/wp\/v2\/posts\/11293\/revisions\/11295"}],"wp:featuredmedia":[{"embeddable":true,"href":"https:\/\/temucotelevision.cl\/web\/wp-json\/wp\/v2\/media\/11294"}],"wp:attachment":[{"href":"https:\/\/temucotelevision.cl\/web\/wp-json\/wp\/v2\/media?parent=11293"}],"wp:term":[{"taxonomy":"category","embeddable":true,"href":"https:\/\/temucotelevision.cl\/web\/wp-json\/wp\/v2\/categories?post=11293"},{"taxonomy":"post_tag","embeddable":true,"href":"https:\/\/temucotelevision.cl\/web\/wp-json\/wp\/v2\/tags?post=11293"}],"curies":[{"name":"wp","href":"https:\/\/api.w.org\/{rel}","templated":true}]}}