{"id":11289,"date":"2020-06-11T16:33:25","date_gmt":"2020-06-11T19:33:25","guid":{"rendered":"https:\/\/temucotelevision.cl\/web\/?p=11289"},"modified":"2020-06-11T17:01:33","modified_gmt":"2020-06-11T20:01:33","slug":"juanjo-montecinos-y-sus-canciones-que-abrazan-llevaran-el-teatro-a-su-casa","status":"publish","type":"post","link":"https:\/\/temucotelevision.cl\/web\/2020\/06\/11\/juanjo-montecinos-y-sus-canciones-que-abrazan-llevaran-el-teatro-a-su-casa\/","title":{"rendered":"Juanjo Montecinos y sus canciones que abrazan, llevar\u00e1n el Teatro a su casa"},"content":{"rendered":"<div class=\"pvc_clear\"><\/div><p id=\"pvc_stats_11289\" class=\"pvc_stats total_only  \" data-element-id=\"11289\" style=\"\"><i class=\"pvc-stats-icon large\" aria-hidden=\"true\"><svg aria-hidden=\"true\" focusable=\"false\" data-prefix=\"far\" data-icon=\"chart-bar\" role=\"img\" xmlns=\"http:\/\/www.w3.org\/2000\/svg\" viewBox=\"0 0 512 512\" class=\"svg-inline--fa fa-chart-bar fa-w-16 fa-2x\"><path fill=\"currentColor\" d=\"M396.8 352h22.4c6.4 0 12.8-6.4 12.8-12.8V108.8c0-6.4-6.4-12.8-12.8-12.8h-22.4c-6.4 0-12.8 6.4-12.8 12.8v230.4c0 6.4 6.4 12.8 12.8 12.8zm-192 0h22.4c6.4 0 12.8-6.4 12.8-12.8V140.8c0-6.4-6.4-12.8-12.8-12.8h-22.4c-6.4 0-12.8 6.4-12.8 12.8v198.4c0 6.4 6.4 12.8 12.8 12.8zm96 0h22.4c6.4 0 12.8-6.4 12.8-12.8V204.8c0-6.4-6.4-12.8-12.8-12.8h-22.4c-6.4 0-12.8 6.4-12.8 12.8v134.4c0 6.4 6.4 12.8 12.8 12.8zM496 400H48V80c0-8.84-7.16-16-16-16H16C7.16 64 0 71.16 0 80v336c0 17.67 14.33 32 32 32h464c8.84 0 16-7.16 16-16v-16c0-8.84-7.16-16-16-16zm-387.2-48h22.4c6.4 0 12.8-6.4 12.8-12.8v-70.4c0-6.4-6.4-12.8-12.8-12.8h-22.4c-6.4 0-12.8 6.4-12.8 12.8v70.4c0 6.4 6.4 12.8 12.8 12.8z\" class=\"\"><\/path><\/svg><\/i> <img loading=\"lazy\" decoding=\"async\" width=\"16\" height=\"16\" alt=\"Loading\" src=\"https:\/\/temucotelevision.cl\/web\/wp-content\/plugins\/page-views-count\/ajax-loader-2x.gif\" border=0 \/><\/p><div class=\"pvc_clear\"><\/div>\n<p>Canciones que nacen desde el coraz\u00f3n y la conciencia social, permitir\u00e1n abrazar a la distancia al p\u00fablico del Teatro Municipal de Temuco. Espectadores que en estos d\u00edas no pueden llegar hasta las butacas del Municipal, pero que podr\u00e1n seguir disfrutando de la cultura regional gracias al concierto online que ofrecer\u00e1 el cantautor Juanjo Montencinos este viernes 12 de junio a las 19 horas.<\/p>\n\n\n\n<figure><iframe loading=\"lazy\" src=\"https:\/\/www.facebook.com\/plugins\/video.php?href=https%3A%2F%2Fwww.facebook.com%2FTemucoTelevision%2Fvideos%2F2670876059849687%2F&amp;show_text=0&amp;width=560\" width=\"560\" height=\"314\" allowfullscreen=\"true\"><\/iframe><\/figure>\n\n\n\n<p>El evento que se transmitir\u00e1 directamente desde el escenario del teatro a trav\u00e9s de las redes sociales del Teatro y por las pantallas de UATV en toda la zona sur de Chile, es una iniciativa de la Corporaci\u00f3n Cultural y la Municipalidad de Temuco. Esta alianza busca mantener en movimiento la cultura creando espacios para la presentaci\u00f3n de los artistas locales y motivando al p\u00fablico a mantenerse conectado con la creaci\u00f3n art\u00edstica regional.&nbsp;<\/p>\n\n\n\n<p>La actividad denominada el #TMTenTucasa est\u00e1 generando un programa de actividades donde se han sumado los elencos estables del Municipal y artistas regionales, con una programaci\u00f3n local que incluye m\u00fasica docta, popular y pr\u00f3ximamente teatro. Cada una de estas actividades se ejecutan con un estricto protocolo de prevenci\u00f3n y cuidado, donde prevalecen el respeto a las normas sanitarias y seguridad.&nbsp;<\/p>\n\n\n\n<p>En este marco surge el concierto Canciones que Abrazan de Juanjo Montecinos, evento que repasar\u00e1 los principales \u00e9xitos del compositor regional, en un encuentro distinto con el p\u00fablico y su trayectoria. Con Canciones que Abrazan, el artista regional quiere transmitir un mensaje de piel, de conexi\u00f3n, de unir y reflexionar.<\/p>\n\n\n\n<p>\u201cEn estos tiempos donde no podemos estar cerca de quienes amamos, de nuestros seres queridos, a trav\u00e9s de este concierto quiero abrazar a mucha gente que lo est\u00e1 pasando mal, a quienes aman el arte y a quienes me han apoyado en este camino. A trav\u00e9s de melod\u00edas, frecuencias y palabras, quiero entregarles un momento de paz, uni\u00f3n y esperanza\u201d, afirm\u00f3 Juanjo Montecinos.<\/p>\n\n\n\n<p>Porque la m\u00fasica sana, acompa\u00f1a y entrega energ\u00eda positiva, el compositor asegura que dejar\u00e1 toda su experiencia sobre el escenario del Municipal. De acuerdo a sus palabras este evento tiene una connotaci\u00f3n hist\u00f3rica y marcar\u00e1 un precedente para la m\u00fasica popular de nuestra regi\u00f3n y el sur del pa\u00eds.&nbsp;<\/p>\n\n\n\n<p>El artista tambi\u00e9n valor\u00f3 que la Municipalidad y la Corporaci\u00f3n hayan considerado la m\u00fasica popular en su programaci\u00f3n y a los artistas regionales. Con esta iniciativa es posible llegar directamente a un numeroso p\u00fablico que espera disfrutar de la cultura en vivo y tambi\u00e9n de dar vida a la cultura regional.&nbsp;<\/p>\n\n\n\n<p>\u201cEsta es una forma de darle vida al arte, que no desaparezca en tiempos que han sido muy dif\u00edciles para los artistas, el teatro tiene que ser esa casa que acoge a los artistas de nuestra regi\u00f3n. No lo estamos pasando bien y este concierto sin duda ser\u00e1 una luz para lo que se viene\u201d, afirm\u00f3 el cantautor y trovador de La Araucan\u00eda.<\/p>\n\n\n\n<p>Juanjo Montecinos llegar\u00e1 hasta el escenario del Teatro acompa\u00f1ado de un reducido grupo de m\u00fasicos, dando vida a este particular concierto que ser\u00e1 trasmitido en forma gratuita. Esta actividad enriquece una programaci\u00f3n cultural que en las pr\u00f3ximas semanas sumar\u00e1 nuevamente a la Orquesta Filarm\u00f3nica de Temuco (19 de junio) y a la compositora e int\u00e9rprete regional Nancy San Mart\u00edn (24 de junio).&nbsp;&nbsp;&nbsp;&nbsp;&nbsp;&nbsp;<\/p>\n\n\n\n<figure class=\"wp-block-embed-youtube wp-block-embed is-type-video is-provider-youtube wp-embed-aspect-16-9 wp-has-aspect-ratio\"><div class=\"wp-block-embed__wrapper\">\n<div class=\"epyt-video-wrapper\"><iframe loading=\"lazy\"  id=\"_ytid_48767\"  width=\"800\" height=\"450\"  data-origwidth=\"800\" data-origheight=\"450\" src=\"https:\/\/www.youtube.com\/embed\/GS0gmUj--pk?enablejsapi=1&#038;autoplay=0&#038;cc_load_policy=0&#038;cc_lang_pref=&#038;iv_load_policy=1&#038;loop=0&#038;rel=1&#038;fs=1&#038;playsinline=0&#038;autohide=2&#038;theme=dark&#038;color=red&#038;controls=1&#038;disablekb=0&#038;\" class=\"__youtube_prefs__  epyt-is-override  no-lazyload\" title=\"YouTube player\"  allow=\"fullscreen; accelerometer; autoplay; clipboard-write; encrypted-media; gyroscope; picture-in-picture; web-share\" referrerpolicy=\"strict-origin-when-cross-origin\" allowfullscreen data-no-lazy=\"1\" data-skipgform_ajax_framebjll=\"\"><\/iframe><\/div>\n<\/div><\/figure>\n\n\n\n<figure class=\"wp-block-embed-youtube wp-block-embed is-type-video is-provider-youtube wp-embed-aspect-16-9 wp-has-aspect-ratio\"><div class=\"wp-block-embed__wrapper\">\n<div class=\"epyt-video-wrapper\"><iframe loading=\"lazy\"  id=\"_ytid_11811\"  width=\"800\" height=\"450\"  data-origwidth=\"800\" data-origheight=\"450\" src=\"https:\/\/www.youtube.com\/embed\/kjSPnh6WjT8?enablejsapi=1&#038;autoplay=0&#038;cc_load_policy=0&#038;cc_lang_pref=&#038;iv_load_policy=1&#038;loop=0&#038;rel=1&#038;fs=1&#038;playsinline=0&#038;autohide=2&#038;theme=dark&#038;color=red&#038;controls=1&#038;disablekb=0&#038;\" class=\"__youtube_prefs__  epyt-is-override  no-lazyload\" title=\"YouTube player\"  allow=\"fullscreen; accelerometer; autoplay; clipboard-write; encrypted-media; gyroscope; picture-in-picture; web-share\" referrerpolicy=\"strict-origin-when-cross-origin\" allowfullscreen data-no-lazy=\"1\" data-skipgform_ajax_framebjll=\"\"><\/iframe><\/div>\n<\/div><\/figure>\n","protected":false},"excerpt":{"rendered":"<div class=\"pvc_clear\"><\/div>\n<p id=\"pvc_stats_11289\" class=\"pvc_stats total_only  \" data-element-id=\"11289\" style=\"\"><i class=\"pvc-stats-icon large\" aria-hidden=\"true\"><svg aria-hidden=\"true\" focusable=\"false\" data-prefix=\"far\" data-icon=\"chart-bar\" role=\"img\" xmlns=\"http:\/\/www.w3.org\/2000\/svg\" viewBox=\"0 0 512 512\" class=\"svg-inline--fa fa-chart-bar fa-w-16 fa-2x\"><path fill=\"currentColor\" d=\"M396.8 352h22.4c6.4 0 12.8-6.4 12.8-12.8V108.8c0-6.4-6.4-12.8-12.8-12.8h-22.4c-6.4 0-12.8 6.4-12.8 12.8v230.4c0 6.4 6.4 12.8 12.8 12.8zm-192 0h22.4c6.4 0 12.8-6.4 12.8-12.8V140.8c0-6.4-6.4-12.8-12.8-12.8h-22.4c-6.4 0-12.8 6.4-12.8 12.8v198.4c0 6.4 6.4 12.8 12.8 12.8zm96 0h22.4c6.4 0 12.8-6.4 12.8-12.8V204.8c0-6.4-6.4-12.8-12.8-12.8h-22.4c-6.4 0-12.8 6.4-12.8 12.8v134.4c0 6.4 6.4 12.8 12.8 12.8zM496 400H48V80c0-8.84-7.16-16-16-16H16C7.16 64 0 71.16 0 80v336c0 17.67 14.33 32 32 32h464c8.84 0 16-7.16 16-16v-16c0-8.84-7.16-16-16-16zm-387.2-48h22.4c6.4 0 12.8-6.4 12.8-12.8v-70.4c0-6.4-6.4-12.8-12.8-12.8h-22.4c-6.4 0-12.8 6.4-12.8 12.8v70.4c0 6.4 6.4 12.8 12.8 12.8z\" class=\"\"><\/path><\/svg><\/i> <img loading=\"lazy\" decoding=\"async\" width=\"16\" height=\"16\" alt=\"Loading\" src=\"https:\/\/temucotelevision.cl\/web\/wp-content\/plugins\/page-views-count\/ajax-loader-2x.gif\" border=0 \/><\/p>\n<div class=\"pvc_clear\"><\/div>\n<p>Canciones que nacen desde el coraz\u00f3n y la conciencia social, permitir\u00e1n abrazar a la distancia al p\u00fablico del Teatro Municipal<\/p>\n","protected":false},"author":1,"featured_media":11290,"comment_status":"open","ping_status":"open","sticky":false,"template":"","format":"standard","meta":{"colormag_page_container_layout":"default_layout","colormag_page_sidebar_layout":"default_layout","footnotes":""},"categories":[86],"tags":[1010,2598],"class_list":["post-11289","post","type-post","status-publish","format-standard","has-post-thumbnail","hentry","category-panoramas","tag-concierto","tag-juanjo"],"a3_pvc":{"activated":true,"total_views":40,"today_views":0},"_links":{"self":[{"href":"https:\/\/temucotelevision.cl\/web\/wp-json\/wp\/v2\/posts\/11289","targetHints":{"allow":["GET"]}}],"collection":[{"href":"https:\/\/temucotelevision.cl\/web\/wp-json\/wp\/v2\/posts"}],"about":[{"href":"https:\/\/temucotelevision.cl\/web\/wp-json\/wp\/v2\/types\/post"}],"author":[{"embeddable":true,"href":"https:\/\/temucotelevision.cl\/web\/wp-json\/wp\/v2\/users\/1"}],"replies":[{"embeddable":true,"href":"https:\/\/temucotelevision.cl\/web\/wp-json\/wp\/v2\/comments?post=11289"}],"version-history":[{"count":2,"href":"https:\/\/temucotelevision.cl\/web\/wp-json\/wp\/v2\/posts\/11289\/revisions"}],"predecessor-version":[{"id":11292,"href":"https:\/\/temucotelevision.cl\/web\/wp-json\/wp\/v2\/posts\/11289\/revisions\/11292"}],"wp:featuredmedia":[{"embeddable":true,"href":"https:\/\/temucotelevision.cl\/web\/wp-json\/wp\/v2\/media\/11290"}],"wp:attachment":[{"href":"https:\/\/temucotelevision.cl\/web\/wp-json\/wp\/v2\/media?parent=11289"}],"wp:term":[{"taxonomy":"category","embeddable":true,"href":"https:\/\/temucotelevision.cl\/web\/wp-json\/wp\/v2\/categories?post=11289"},{"taxonomy":"post_tag","embeddable":true,"href":"https:\/\/temucotelevision.cl\/web\/wp-json\/wp\/v2\/tags?post=11289"}],"curies":[{"name":"wp","href":"https:\/\/api.w.org\/{rel}","templated":true}]}}