{"id":11286,"date":"2020-06-11T16:09:29","date_gmt":"2020-06-11T19:09:29","guid":{"rendered":"https:\/\/temucotelevision.cl\/web\/?p=11286"},"modified":"2020-06-11T16:09:30","modified_gmt":"2020-06-11T19:09:30","slug":"roaming-automatico-nacional-permitira-mejorar-la-conectividad-en-zonas-aisladas-y-rurales-de-la-araucania","status":"publish","type":"post","link":"https:\/\/temucotelevision.cl\/web\/2020\/06\/11\/roaming-automatico-nacional-permitira-mejorar-la-conectividad-en-zonas-aisladas-y-rurales-de-la-araucania\/","title":{"rendered":"Roaming Autom\u00e1tico Nacional permitir\u00e1 mejorar la conectividad en zonas aisladas y rurales de La Araucan\u00eda"},"content":{"rendered":"<div class=\"pvc_clear\"><\/div><p id=\"pvc_stats_11286\" class=\"pvc_stats total_only  \" data-element-id=\"11286\" style=\"\"><i class=\"pvc-stats-icon large\" aria-hidden=\"true\"><svg aria-hidden=\"true\" focusable=\"false\" data-prefix=\"far\" data-icon=\"chart-bar\" role=\"img\" xmlns=\"http:\/\/www.w3.org\/2000\/svg\" viewBox=\"0 0 512 512\" class=\"svg-inline--fa fa-chart-bar fa-w-16 fa-2x\"><path fill=\"currentColor\" d=\"M396.8 352h22.4c6.4 0 12.8-6.4 12.8-12.8V108.8c0-6.4-6.4-12.8-12.8-12.8h-22.4c-6.4 0-12.8 6.4-12.8 12.8v230.4c0 6.4 6.4 12.8 12.8 12.8zm-192 0h22.4c6.4 0 12.8-6.4 12.8-12.8V140.8c0-6.4-6.4-12.8-12.8-12.8h-22.4c-6.4 0-12.8 6.4-12.8 12.8v198.4c0 6.4 6.4 12.8 12.8 12.8zm96 0h22.4c6.4 0 12.8-6.4 12.8-12.8V204.8c0-6.4-6.4-12.8-12.8-12.8h-22.4c-6.4 0-12.8 6.4-12.8 12.8v134.4c0 6.4 6.4 12.8 12.8 12.8zM496 400H48V80c0-8.84-7.16-16-16-16H16C7.16 64 0 71.16 0 80v336c0 17.67 14.33 32 32 32h464c8.84 0 16-7.16 16-16v-16c0-8.84-7.16-16-16-16zm-387.2-48h22.4c6.4 0 12.8-6.4 12.8-12.8v-70.4c0-6.4-6.4-12.8-12.8-12.8h-22.4c-6.4 0-12.8 6.4-12.8 12.8v70.4c0 6.4 6.4 12.8 12.8 12.8z\" class=\"\"><\/path><\/svg><\/i> <img loading=\"lazy\" decoding=\"async\" width=\"16\" height=\"16\" alt=\"Loading\" src=\"https:\/\/temucotelevision.cl\/web\/wp-content\/plugins\/page-views-count\/ajax-loader-2x.gif\" border=0 \/><\/p><div class=\"pvc_clear\"><\/div>\n<p>\u00b7&nbsp;&nbsp;&nbsp;&nbsp;&nbsp;&nbsp;&nbsp;Seremi Calder\u00f3n, destac\u00f3 el apoyo parlamentario al importante proyecto en materia de telecomunicaciones.<\/p>\n\n\n\n<p>Como un verdadero hito en materia de telecomunicaciones, calific\u00f3 el Seremi de Transportes y Telecomunicaciones de La Araucan\u00eda, Luis Calder\u00f3n Ram\u00edrez, que durante la tarde de este lunes, el Senado despachara a ley el proyecto de Roaming Autom\u00e1tico Nacional (RAN), que establece la obligaci\u00f3n a las empresas de telecomunicaciones de compartir sus redes de manera ampliar la conectividad de miles de ciudadanos que hoy habitan en zonas aisladas y\/o rurales. De esta manera, dicha iniciativa facilita el acceso a los servicios de voz, mensajer\u00eda de datos e Internet m\u00f3vil a los usuarios de unas 3.200 localidades a nivel nacional que hoy cuentan con una precaria conexi\u00f3n.\u00a0<\/p>\n\n\n\n<p>Por ello, el Seremi de Transportes y Telecomunicaciones de La Araucan\u00eda, Luis Calder\u00f3n Ram\u00edrez, agradeci\u00f3&nbsp; a todos los parlamentarios que de manera transversal entregaron su apoyo a este importante proyecto que permitir\u00e1 generar importantes avances para la regi\u00f3n, \u201cqueremos agradecer a todos los parlamentarios que siempre de manera transversal, hicieron avanzar este importante proyecto, que ser\u00e1 una ayuda tremenda para nuestra regi\u00f3n, la que por sus particularidades hace que tengamos muchas brechas en materia digital, y este gran paso unido a la serie de proyectos que tenemos en marcha y otros que ya vienen, nos permitir\u00e1n generar mejoras en las telecomunicaciones, pero por sobre todo, permiti\u00e9ndole a nuestros ciudadanos un mejor y m\u00e1s igualitario acceso a un servicio tan b\u00e1sico como son las conexiones m\u00f3viles\u201d.<\/p>\n\n\n\n<p>Calder\u00f3n destac\u00f3 que el Roaming Autom\u00e1tico Nacional (RAN), es \u201cun hito en materia de competitividad y con el que ya no ser\u00eda necesario, por ejemplo, portar dos o tres dispositivos m\u00f3viles o chips para poder conectarse a las redes en \u00e1reas con deficiencia de conectividad en zonas rurales o extremas, favoreciendo por cierto, la competencia entre compa\u00f1\u00edas, lo que siempre es bueno para quienes somos usuarios\u201d.<\/p>\n\n\n\n<p>Un reglamento, que ser\u00e1 emitido por el Ministerio de Transportes y Telecomunicaciones, regular\u00e1 las normas y plazos a que se ajustar\u00e1 el conjunto de condiciones t\u00e9cnicas, econ\u00f3micas, operativas, comerciales y otras que deber\u00e1n contener los respectivos contratos y las ofertas de facilidades, debiendo \u00e9stas ofertas estar sujetas a la aprobaci\u00f3n de la Subsecretar\u00eda de Telecomunicaciones.<\/p>\n\n\n\n<p>La iniciativa comenzar\u00e1 a regir una vez que entre en vigor el reglamento, lo que ser\u00e1 hasta en un plazo de 90 d\u00edas contados desde que se publique la ley en el Diario Oficial. En tanto, para aquellos lugares aislados que cuentan con un \u00fanico operador, entre otros aspectos, RAN debe adoptarse en un plazo m\u00e1ximo de 60 d\u00edas, independiente de si hay o no reglamento vigente.<\/p>\n","protected":false},"excerpt":{"rendered":"<div class=\"pvc_clear\"><\/div>\n<p id=\"pvc_stats_11286\" class=\"pvc_stats total_only  \" data-element-id=\"11286\" style=\"\"><i class=\"pvc-stats-icon large\" aria-hidden=\"true\"><svg aria-hidden=\"true\" focusable=\"false\" data-prefix=\"far\" data-icon=\"chart-bar\" role=\"img\" xmlns=\"http:\/\/www.w3.org\/2000\/svg\" viewBox=\"0 0 512 512\" class=\"svg-inline--fa fa-chart-bar fa-w-16 fa-2x\"><path fill=\"currentColor\" d=\"M396.8 352h22.4c6.4 0 12.8-6.4 12.8-12.8V108.8c0-6.4-6.4-12.8-12.8-12.8h-22.4c-6.4 0-12.8 6.4-12.8 12.8v230.4c0 6.4 6.4 12.8 12.8 12.8zm-192 0h22.4c6.4 0 12.8-6.4 12.8-12.8V140.8c0-6.4-6.4-12.8-12.8-12.8h-22.4c-6.4 0-12.8 6.4-12.8 12.8v198.4c0 6.4 6.4 12.8 12.8 12.8zm96 0h22.4c6.4 0 12.8-6.4 12.8-12.8V204.8c0-6.4-6.4-12.8-12.8-12.8h-22.4c-6.4 0-12.8 6.4-12.8 12.8v134.4c0 6.4 6.4 12.8 12.8 12.8zM496 400H48V80c0-8.84-7.16-16-16-16H16C7.16 64 0 71.16 0 80v336c0 17.67 14.33 32 32 32h464c8.84 0 16-7.16 16-16v-16c0-8.84-7.16-16-16-16zm-387.2-48h22.4c6.4 0 12.8-6.4 12.8-12.8v-70.4c0-6.4-6.4-12.8-12.8-12.8h-22.4c-6.4 0-12.8 6.4-12.8 12.8v70.4c0 6.4 6.4 12.8 12.8 12.8z\" class=\"\"><\/path><\/svg><\/i> <img loading=\"lazy\" decoding=\"async\" width=\"16\" height=\"16\" alt=\"Loading\" src=\"https:\/\/temucotelevision.cl\/web\/wp-content\/plugins\/page-views-count\/ajax-loader-2x.gif\" border=0 \/><\/p>\n<div class=\"pvc_clear\"><\/div>\n<p>\u00b7&nbsp;&nbsp;&nbsp;&nbsp;&nbsp;&nbsp;&nbsp;Seremi Calder\u00f3n, destac\u00f3 el apoyo parlamentario al importante proyecto en materia de telecomunicaciones. Como un verdadero hito en materia de<\/p>\n","protected":false},"author":1,"featured_media":11287,"comment_status":"open","ping_status":"open","sticky":false,"template":"","format":"standard","meta":{"colormag_page_container_layout":"default_layout","colormag_page_sidebar_layout":"default_layout","footnotes":""},"categories":[14],"tags":[1623,2597,415],"class_list":["post-11286","post","type-post","status-publish","format-standard","has-post-thumbnail","hentry","category-temuco","tag-conectividad","tag-roaming","tag-zonas"],"a3_pvc":{"activated":true,"total_views":49,"today_views":0},"_links":{"self":[{"href":"https:\/\/temucotelevision.cl\/web\/wp-json\/wp\/v2\/posts\/11286","targetHints":{"allow":["GET"]}}],"collection":[{"href":"https:\/\/temucotelevision.cl\/web\/wp-json\/wp\/v2\/posts"}],"about":[{"href":"https:\/\/temucotelevision.cl\/web\/wp-json\/wp\/v2\/types\/post"}],"author":[{"embeddable":true,"href":"https:\/\/temucotelevision.cl\/web\/wp-json\/wp\/v2\/users\/1"}],"replies":[{"embeddable":true,"href":"https:\/\/temucotelevision.cl\/web\/wp-json\/wp\/v2\/comments?post=11286"}],"version-history":[{"count":1,"href":"https:\/\/temucotelevision.cl\/web\/wp-json\/wp\/v2\/posts\/11286\/revisions"}],"predecessor-version":[{"id":11288,"href":"https:\/\/temucotelevision.cl\/web\/wp-json\/wp\/v2\/posts\/11286\/revisions\/11288"}],"wp:featuredmedia":[{"embeddable":true,"href":"https:\/\/temucotelevision.cl\/web\/wp-json\/wp\/v2\/media\/11287"}],"wp:attachment":[{"href":"https:\/\/temucotelevision.cl\/web\/wp-json\/wp\/v2\/media?parent=11286"}],"wp:term":[{"taxonomy":"category","embeddable":true,"href":"https:\/\/temucotelevision.cl\/web\/wp-json\/wp\/v2\/categories?post=11286"},{"taxonomy":"post_tag","embeddable":true,"href":"https:\/\/temucotelevision.cl\/web\/wp-json\/wp\/v2\/tags?post=11286"}],"curies":[{"name":"wp","href":"https:\/\/api.w.org\/{rel}","templated":true}]}}