{"id":11283,"date":"2020-06-11T15:25:05","date_gmt":"2020-06-11T18:25:05","guid":{"rendered":"https:\/\/temucotelevision.cl\/web\/?p=11283"},"modified":"2020-06-11T15:25:06","modified_gmt":"2020-06-11T18:25:06","slug":"carabineros-erradica-foco-de-trafico-de-drogas-e-incauta-cocaina-oculta-en-una-lavadora-en-tolten%ef%bb%bf","status":"publish","type":"post","link":"https:\/\/temucotelevision.cl\/web\/2020\/06\/11\/carabineros-erradica-foco-de-trafico-de-drogas-e-incauta-cocaina-oculta-en-una-lavadora-en-tolten%ef%bb%bf\/","title":{"rendered":"Carabineros erradica foco de tr\u00e1fico de drogas e incauta coca\u00edna oculta en una lavadora en Tolt\u00e9n\ufeff"},"content":{"rendered":"<div class=\"pvc_clear\"><\/div><p id=\"pvc_stats_11283\" class=\"pvc_stats total_only  \" data-element-id=\"11283\" style=\"\"><i class=\"pvc-stats-icon large\" aria-hidden=\"true\"><svg aria-hidden=\"true\" focusable=\"false\" data-prefix=\"far\" data-icon=\"chart-bar\" role=\"img\" xmlns=\"http:\/\/www.w3.org\/2000\/svg\" viewBox=\"0 0 512 512\" class=\"svg-inline--fa fa-chart-bar fa-w-16 fa-2x\"><path fill=\"currentColor\" d=\"M396.8 352h22.4c6.4 0 12.8-6.4 12.8-12.8V108.8c0-6.4-6.4-12.8-12.8-12.8h-22.4c-6.4 0-12.8 6.4-12.8 12.8v230.4c0 6.4 6.4 12.8 12.8 12.8zm-192 0h22.4c6.4 0 12.8-6.4 12.8-12.8V140.8c0-6.4-6.4-12.8-12.8-12.8h-22.4c-6.4 0-12.8 6.4-12.8 12.8v198.4c0 6.4 6.4 12.8 12.8 12.8zm96 0h22.4c6.4 0 12.8-6.4 12.8-12.8V204.8c0-6.4-6.4-12.8-12.8-12.8h-22.4c-6.4 0-12.8 6.4-12.8 12.8v134.4c0 6.4 6.4 12.8 12.8 12.8zM496 400H48V80c0-8.84-7.16-16-16-16H16C7.16 64 0 71.16 0 80v336c0 17.67 14.33 32 32 32h464c8.84 0 16-7.16 16-16v-16c0-8.84-7.16-16-16-16zm-387.2-48h22.4c6.4 0 12.8-6.4 12.8-12.8v-70.4c0-6.4-6.4-12.8-12.8-12.8h-22.4c-6.4 0-12.8 6.4-12.8 12.8v70.4c0 6.4 6.4 12.8 12.8 12.8z\" class=\"\"><\/path><\/svg><\/i> <img loading=\"lazy\" decoding=\"async\" width=\"16\" height=\"16\" alt=\"Loading\" src=\"https:\/\/temucotelevision.cl\/web\/wp-content\/plugins\/page-views-count\/ajax-loader-2x.gif\" border=0 \/><\/p><div class=\"pvc_clear\"><\/div>\n<p><em>Por instrucci\u00f3n de la Fiscal\u00eda, el imputado pas\u00f3 a control de la detenci\u00f3n siendo decretada prisi\u00f3n preventiva por el delito de tr\u00e1fico de drogas. Carabineros destac\u00f3 que se trata del segundo procedimiento en ese sector en menos de una semana, sacando de circulaci\u00f3n un total m\u00e1s de medio kilo de coca\u00edna.<\/em><\/p>\n\n\n\n<p>Con m\u00e1s de mil dosis de coca\u00edna, Carabineros del OS-7 \u201cAraucan\u00eda\u201d detuvo a un sujeto en la comuna de Tolt\u00e9n. El procedimiento deriv\u00f3 luego de una denuncia por amenazas con arma blanca.<\/p>\n\n\n\n<p>Carabineros concurri\u00f3 a verificar la denuncia logrando detener al imputado y entre sus vestimentas encontr\u00f3 coca\u00edna, por lo cual siguiendo con las diligencias investigativas, con las autorizaciones correspondientes Carabineros del OS-7 ingres\u00f3 a un domicilio, incaut\u00e1ndose desde el interior de una lavadora m\u00e1s dosis de la droga.<\/p>\n\n\n\n<p>\u201cCon m\u00e1s de mil dosis de clorhidrato de coca\u00edna, fue detenida una persona en Tolt\u00e9n luego que Carabineros lo detuviera por el delito de amenazas con un cuchillo contra otra persona. Con estos antecedentes el OS-7 en conjunto con el Ministerio P\u00fablico desarrollaron distintas diligencias investigativas procediendo Carabineros a hacer ingreso a un domicilio incautando desde el interior de una lavadora m\u00e1s coca\u00edna, sumando entre decomisado al sujeto en su detenci\u00f3n y en su casa, m\u00e1s de mil dosis del estupefaciente\u201d, precis\u00f3 el Capit\u00e1n Rodolfo Moller, Jefe del OS-7 \u201cAraucan\u00eda\u201d.<\/p>\n\n\n\n<p>Por instrucci\u00f3n de la Fiscal\u00eda, el imputado pas\u00f3 a control de la detenci\u00f3n siendo decretada prisi\u00f3n preventiva por el delito de tr\u00e1fico de drogas. Carabineros destac\u00f3 que se trata del segundo procedimiento en ese sector en menos de una semana, sacando de circulaci\u00f3n un total m\u00e1s de medio kilo de coca\u00edna.&nbsp;<\/p>\n","protected":false},"excerpt":{"rendered":"<div class=\"pvc_clear\"><\/div>\n<p id=\"pvc_stats_11283\" class=\"pvc_stats total_only  \" data-element-id=\"11283\" style=\"\"><i class=\"pvc-stats-icon large\" aria-hidden=\"true\"><svg aria-hidden=\"true\" focusable=\"false\" data-prefix=\"far\" data-icon=\"chart-bar\" role=\"img\" xmlns=\"http:\/\/www.w3.org\/2000\/svg\" viewBox=\"0 0 512 512\" class=\"svg-inline--fa fa-chart-bar fa-w-16 fa-2x\"><path fill=\"currentColor\" d=\"M396.8 352h22.4c6.4 0 12.8-6.4 12.8-12.8V108.8c0-6.4-6.4-12.8-12.8-12.8h-22.4c-6.4 0-12.8 6.4-12.8 12.8v230.4c0 6.4 6.4 12.8 12.8 12.8zm-192 0h22.4c6.4 0 12.8-6.4 12.8-12.8V140.8c0-6.4-6.4-12.8-12.8-12.8h-22.4c-6.4 0-12.8 6.4-12.8 12.8v198.4c0 6.4 6.4 12.8 12.8 12.8zm96 0h22.4c6.4 0 12.8-6.4 12.8-12.8V204.8c0-6.4-6.4-12.8-12.8-12.8h-22.4c-6.4 0-12.8 6.4-12.8 12.8v134.4c0 6.4 6.4 12.8 12.8 12.8zM496 400H48V80c0-8.84-7.16-16-16-16H16C7.16 64 0 71.16 0 80v336c0 17.67 14.33 32 32 32h464c8.84 0 16-7.16 16-16v-16c0-8.84-7.16-16-16-16zm-387.2-48h22.4c6.4 0 12.8-6.4 12.8-12.8v-70.4c0-6.4-6.4-12.8-12.8-12.8h-22.4c-6.4 0-12.8 6.4-12.8 12.8v70.4c0 6.4 6.4 12.8 12.8 12.8z\" class=\"\"><\/path><\/svg><\/i> <img loading=\"lazy\" decoding=\"async\" width=\"16\" height=\"16\" alt=\"Loading\" src=\"https:\/\/temucotelevision.cl\/web\/wp-content\/plugins\/page-views-count\/ajax-loader-2x.gif\" border=0 \/><\/p>\n<div class=\"pvc_clear\"><\/div>\n<p>Por instrucci\u00f3n de la Fiscal\u00eda, el imputado pas\u00f3 a control de la detenci\u00f3n siendo decretada prisi\u00f3n preventiva por el delito<\/p>\n","protected":false},"author":1,"featured_media":11284,"comment_status":"open","ping_status":"open","sticky":false,"template":"","format":"standard","meta":{"colormag_page_container_layout":"default_layout","colormag_page_sidebar_layout":"default_layout","footnotes":""},"categories":[16],"tags":[146],"class_list":["post-11283","post","type-post","status-publish","format-standard","has-post-thumbnail","hentry","category-policial","tag-comuna"],"a3_pvc":{"activated":true,"total_views":30,"today_views":0},"_links":{"self":[{"href":"https:\/\/temucotelevision.cl\/web\/wp-json\/wp\/v2\/posts\/11283","targetHints":{"allow":["GET"]}}],"collection":[{"href":"https:\/\/temucotelevision.cl\/web\/wp-json\/wp\/v2\/posts"}],"about":[{"href":"https:\/\/temucotelevision.cl\/web\/wp-json\/wp\/v2\/types\/post"}],"author":[{"embeddable":true,"href":"https:\/\/temucotelevision.cl\/web\/wp-json\/wp\/v2\/users\/1"}],"replies":[{"embeddable":true,"href":"https:\/\/temucotelevision.cl\/web\/wp-json\/wp\/v2\/comments?post=11283"}],"version-history":[{"count":1,"href":"https:\/\/temucotelevision.cl\/web\/wp-json\/wp\/v2\/posts\/11283\/revisions"}],"predecessor-version":[{"id":11285,"href":"https:\/\/temucotelevision.cl\/web\/wp-json\/wp\/v2\/posts\/11283\/revisions\/11285"}],"wp:featuredmedia":[{"embeddable":true,"href":"https:\/\/temucotelevision.cl\/web\/wp-json\/wp\/v2\/media\/11284"}],"wp:attachment":[{"href":"https:\/\/temucotelevision.cl\/web\/wp-json\/wp\/v2\/media?parent=11283"}],"wp:term":[{"taxonomy":"category","embeddable":true,"href":"https:\/\/temucotelevision.cl\/web\/wp-json\/wp\/v2\/categories?post=11283"},{"taxonomy":"post_tag","embeddable":true,"href":"https:\/\/temucotelevision.cl\/web\/wp-json\/wp\/v2\/tags?post=11283"}],"curies":[{"name":"wp","href":"https:\/\/api.w.org\/{rel}","templated":true}]}}