{"id":11281,"date":"2020-06-11T15:11:11","date_gmt":"2020-06-11T18:11:11","guid":{"rendered":"https:\/\/temucotelevision.cl\/web\/?p=11281"},"modified":"2020-06-11T15:11:12","modified_gmt":"2020-06-11T18:11:12","slug":"nueva-ley-apoyada-por-celis-prohibe-corte-de-luz-agua-y-telefonia-a-familias-de-la-araucania","status":"publish","type":"post","link":"https:\/\/temucotelevision.cl\/web\/2020\/06\/11\/nueva-ley-apoyada-por-celis-prohibe-corte-de-luz-agua-y-telefonia-a-familias-de-la-araucania\/","title":{"rendered":"Nueva Ley apoyada por Celis prohibe corte de luz, agua y telefon\u00eda a familias de La Araucan\u00eda"},"content":{"rendered":"<div class=\"pvc_clear\"><\/div><p id=\"pvc_stats_11281\" class=\"pvc_stats total_only  \" data-element-id=\"11281\" style=\"\"><i class=\"pvc-stats-icon large\" aria-hidden=\"true\"><svg aria-hidden=\"true\" focusable=\"false\" data-prefix=\"far\" data-icon=\"chart-bar\" role=\"img\" xmlns=\"http:\/\/www.w3.org\/2000\/svg\" viewBox=\"0 0 512 512\" class=\"svg-inline--fa fa-chart-bar fa-w-16 fa-2x\"><path fill=\"currentColor\" d=\"M396.8 352h22.4c6.4 0 12.8-6.4 12.8-12.8V108.8c0-6.4-6.4-12.8-12.8-12.8h-22.4c-6.4 0-12.8 6.4-12.8 12.8v230.4c0 6.4 6.4 12.8 12.8 12.8zm-192 0h22.4c6.4 0 12.8-6.4 12.8-12.8V140.8c0-6.4-6.4-12.8-12.8-12.8h-22.4c-6.4 0-12.8 6.4-12.8 12.8v198.4c0 6.4 6.4 12.8 12.8 12.8zm96 0h22.4c6.4 0 12.8-6.4 12.8-12.8V204.8c0-6.4-6.4-12.8-12.8-12.8h-22.4c-6.4 0-12.8 6.4-12.8 12.8v134.4c0 6.4 6.4 12.8 12.8 12.8zM496 400H48V80c0-8.84-7.16-16-16-16H16C7.16 64 0 71.16 0 80v336c0 17.67 14.33 32 32 32h464c8.84 0 16-7.16 16-16v-16c0-8.84-7.16-16-16-16zm-387.2-48h22.4c6.4 0 12.8-6.4 12.8-12.8v-70.4c0-6.4-6.4-12.8-12.8-12.8h-22.4c-6.4 0-12.8 6.4-12.8 12.8v70.4c0 6.4 6.4 12.8 12.8 12.8z\" class=\"\"><\/path><\/svg><\/i> <img loading=\"lazy\" decoding=\"async\" width=\"16\" height=\"16\" alt=\"Loading\" src=\"https:\/\/temucotelevision.cl\/web\/wp-content\/plugins\/page-views-count\/ajax-loader-2x.gif\" border=0 \/><\/p><div class=\"pvc_clear\"><\/div>\n<p>Finalmente, la C\u00e1mara de Diputados dio luz verde en horas de esta tarde al tan ansiado proyecto de ley que proh\u00edbe a las empresas cortar los servicios b\u00e1sicos de luz, agua y telefon\u00eda. Un proyecto que cont\u00f3 con el voto de aprobaci\u00f3n del diputado por La Araucan\u00eda Ricardo Celis, y que, si bien es un enorme beneficio para la ciudadan\u00eda en tiempos de pandemia, no fue lo que se buscaba en un principio.<\/p>\n\n\n\n<p>\u201cHubi\u00e9semos esperado otra ley, pues la intenci\u00f3n original fue que no se cobraran estos servicios b\u00e1sicos a las personas que no pudieran pagarlo, sin embargo, el Gobierno indic\u00f3 que esto era inconstitucional, por tanto, no prosper\u00f3 y lo mejor que logramos fue esta prohibici\u00f3n de corte de servicios b\u00e1sicos\u201d se\u00f1al\u00f3 el parlamentario.&nbsp;<\/p>\n\n\n\n<p>Con todo, la nueva ley deja entonces de ser una negociaci\u00f3n de buena voluntad entre el ejecutivo y las empresas prestadoras de servicios y pasa a ser una obligaci\u00f3n \u201cTodas las personas, aunque est\u00e9n atrasadas en sus pagos, pueden prorratearlos hasta en doce cuotas, teniendo 90 d\u00edas para hacerlo, y los servicios asociados a corte y restituci\u00f3n no podr\u00e1n ser cargados al consumidor. Y aunque ya llevamos tres meses donde esto es de forma voluntaria, a partir de su promulgaci\u00f3n ahora es ley de la Rep\u00fablica\u201d&nbsp;<\/p>\n\n\n\n<p>Tras proyecto, que de aprobarse en el Senado se convertir\u00e1 en una buena noticia para las familias de la regi\u00f3n, el representante por La Araucan\u00eda seguir\u00e1 buscando f\u00f3rmulas para alivianar la carga de gastos que tienen las familias durante esta pandemia y c\u00f3mo apoyar a todos los ciudadanos para que puedan responder a sus compromisos econ\u00f3micos para en el corto y mediano plazo poder tener un itinerario de c\u00f3mo salir adelante a nivel econ\u00f3mico. Un dato importante es que en la regi\u00f3n se podr\u00e1n acoger a esta ley 16.450 clientes de Aguas San Isidro (ESSSI) a lo que se suman los clientes de Aguas Araucan\u00eda. Mientras, en el \u00e1rea de servicios el\u00e9ctricos&nbsp;&nbsp;CGE y&nbsp;&nbsp;Frontel suman 204.620 clientes que se pueden acoger a esta ley adem\u00e1s de las distintas empresas de telefon\u00eda.<\/p>\n","protected":false},"excerpt":{"rendered":"<div class=\"pvc_clear\"><\/div>\n<p id=\"pvc_stats_11281\" class=\"pvc_stats total_only  \" data-element-id=\"11281\" style=\"\"><i class=\"pvc-stats-icon large\" aria-hidden=\"true\"><svg aria-hidden=\"true\" focusable=\"false\" data-prefix=\"far\" data-icon=\"chart-bar\" role=\"img\" xmlns=\"http:\/\/www.w3.org\/2000\/svg\" viewBox=\"0 0 512 512\" class=\"svg-inline--fa fa-chart-bar fa-w-16 fa-2x\"><path fill=\"currentColor\" d=\"M396.8 352h22.4c6.4 0 12.8-6.4 12.8-12.8V108.8c0-6.4-6.4-12.8-12.8-12.8h-22.4c-6.4 0-12.8 6.4-12.8 12.8v230.4c0 6.4 6.4 12.8 12.8 12.8zm-192 0h22.4c6.4 0 12.8-6.4 12.8-12.8V140.8c0-6.4-6.4-12.8-12.8-12.8h-22.4c-6.4 0-12.8 6.4-12.8 12.8v198.4c0 6.4 6.4 12.8 12.8 12.8zm96 0h22.4c6.4 0 12.8-6.4 12.8-12.8V204.8c0-6.4-6.4-12.8-12.8-12.8h-22.4c-6.4 0-12.8 6.4-12.8 12.8v134.4c0 6.4 6.4 12.8 12.8 12.8zM496 400H48V80c0-8.84-7.16-16-16-16H16C7.16 64 0 71.16 0 80v336c0 17.67 14.33 32 32 32h464c8.84 0 16-7.16 16-16v-16c0-8.84-7.16-16-16-16zm-387.2-48h22.4c6.4 0 12.8-6.4 12.8-12.8v-70.4c0-6.4-6.4-12.8-12.8-12.8h-22.4c-6.4 0-12.8 6.4-12.8 12.8v70.4c0 6.4 6.4 12.8 12.8 12.8z\" class=\"\"><\/path><\/svg><\/i> <img loading=\"lazy\" decoding=\"async\" width=\"16\" height=\"16\" alt=\"Loading\" src=\"https:\/\/temucotelevision.cl\/web\/wp-content\/plugins\/page-views-count\/ajax-loader-2x.gif\" border=0 \/><\/p>\n<div class=\"pvc_clear\"><\/div>\n<p>Finalmente, la C\u00e1mara de Diputados dio luz verde en horas de esta tarde al tan ansiado proyecto de ley que<\/p>\n","protected":false},"author":1,"featured_media":10617,"comment_status":"open","ping_status":"open","sticky":false,"template":"","format":"standard","meta":{"colormag_page_container_layout":"default_layout","colormag_page_sidebar_layout":"default_layout","footnotes":""},"categories":[84],"tags":[604],"class_list":["post-11281","post","type-post","status-publish","format-standard","has-post-thumbnail","hentry","category-politica","tag-camara"],"a3_pvc":{"activated":true,"total_views":9,"today_views":0},"_links":{"self":[{"href":"https:\/\/temucotelevision.cl\/web\/wp-json\/wp\/v2\/posts\/11281","targetHints":{"allow":["GET"]}}],"collection":[{"href":"https:\/\/temucotelevision.cl\/web\/wp-json\/wp\/v2\/posts"}],"about":[{"href":"https:\/\/temucotelevision.cl\/web\/wp-json\/wp\/v2\/types\/post"}],"author":[{"embeddable":true,"href":"https:\/\/temucotelevision.cl\/web\/wp-json\/wp\/v2\/users\/1"}],"replies":[{"embeddable":true,"href":"https:\/\/temucotelevision.cl\/web\/wp-json\/wp\/v2\/comments?post=11281"}],"version-history":[{"count":1,"href":"https:\/\/temucotelevision.cl\/web\/wp-json\/wp\/v2\/posts\/11281\/revisions"}],"predecessor-version":[{"id":11282,"href":"https:\/\/temucotelevision.cl\/web\/wp-json\/wp\/v2\/posts\/11281\/revisions\/11282"}],"wp:featuredmedia":[{"embeddable":true,"href":"https:\/\/temucotelevision.cl\/web\/wp-json\/wp\/v2\/media\/10617"}],"wp:attachment":[{"href":"https:\/\/temucotelevision.cl\/web\/wp-json\/wp\/v2\/media?parent=11281"}],"wp:term":[{"taxonomy":"category","embeddable":true,"href":"https:\/\/temucotelevision.cl\/web\/wp-json\/wp\/v2\/categories?post=11281"},{"taxonomy":"post_tag","embeddable":true,"href":"https:\/\/temucotelevision.cl\/web\/wp-json\/wp\/v2\/tags?post=11281"}],"curies":[{"name":"wp","href":"https:\/\/api.w.org\/{rel}","templated":true}]}}