{"id":11279,"date":"2020-06-11T14:13:31","date_gmt":"2020-06-11T17:13:31","guid":{"rendered":"https:\/\/temucotelevision.cl\/web\/?p=11279"},"modified":"2020-06-11T14:15:24","modified_gmt":"2020-06-11T17:15:24","slug":"covid-19-reporte-enviado-por-la-seremi-de-salud-suma-47-nuevos-casos-para-hoy-revisa-actualizacion-por-comunas-aqui","status":"publish","type":"post","link":"https:\/\/temucotelevision.cl\/web\/2020\/06\/11\/covid-19-reporte-enviado-por-la-seremi-de-salud-suma-47-nuevos-casos-para-hoy-revisa-actualizacion-por-comunas-aqui\/","title":{"rendered":"Covid-19: Reporte enviado por la Seremi de Salud suma 47 nuevos casos para hoy , revisa actualizaci\u00f3n por comunas aqu\u00ed"},"content":{"rendered":"<div class=\"pvc_clear\"><\/div><p id=\"pvc_stats_11279\" class=\"pvc_stats total_only  \" data-element-id=\"11279\" style=\"\"><i class=\"pvc-stats-icon large\" aria-hidden=\"true\"><svg aria-hidden=\"true\" focusable=\"false\" data-prefix=\"far\" data-icon=\"chart-bar\" role=\"img\" xmlns=\"http:\/\/www.w3.org\/2000\/svg\" viewBox=\"0 0 512 512\" class=\"svg-inline--fa fa-chart-bar fa-w-16 fa-2x\"><path fill=\"currentColor\" d=\"M396.8 352h22.4c6.4 0 12.8-6.4 12.8-12.8V108.8c0-6.4-6.4-12.8-12.8-12.8h-22.4c-6.4 0-12.8 6.4-12.8 12.8v230.4c0 6.4 6.4 12.8 12.8 12.8zm-192 0h22.4c6.4 0 12.8-6.4 12.8-12.8V140.8c0-6.4-6.4-12.8-12.8-12.8h-22.4c-6.4 0-12.8 6.4-12.8 12.8v198.4c0 6.4 6.4 12.8 12.8 12.8zm96 0h22.4c6.4 0 12.8-6.4 12.8-12.8V204.8c0-6.4-6.4-12.8-12.8-12.8h-22.4c-6.4 0-12.8 6.4-12.8 12.8v134.4c0 6.4 6.4 12.8 12.8 12.8zM496 400H48V80c0-8.84-7.16-16-16-16H16C7.16 64 0 71.16 0 80v336c0 17.67 14.33 32 32 32h464c8.84 0 16-7.16 16-16v-16c0-8.84-7.16-16-16-16zm-387.2-48h22.4c6.4 0 12.8-6.4 12.8-12.8v-70.4c0-6.4-6.4-12.8-12.8-12.8h-22.4c-6.4 0-12.8 6.4-12.8 12.8v70.4c0 6.4 6.4 12.8 12.8 12.8z\" class=\"\"><\/path><\/svg><\/i> <img loading=\"lazy\" decoding=\"async\" width=\"16\" height=\"16\" alt=\"Loading\" src=\"https:\/\/temucotelevision.cl\/web\/wp-content\/plugins\/page-views-count\/ajax-loader-2x.gif\" border=0 \/><\/p><div class=\"pvc_clear\"><\/div>\n<p><strong>2.535 son los casos confirmados de COVID- 19 en La Araucan\u00eda.<\/strong><\/p>\n\n\n\n<p>Durante el d\u00eda ayer fueron 47 los nuevos casos confirmados de COVID- 19 en la regi\u00f3n. Estos nuevos casos sumados a los confirmados anteriormente, nos entregan la siguiente distribuci\u00f3n comunal:<\/p>\n\n\n\n<table class=\"wp-block-table\"><tbody><tr><td><strong>Comuna de residencia<\/strong><\/td><td><strong>N\u00b0 de casos<\/strong><\/td><\/tr><tr><td>Angol<\/td><td>214<\/td><\/tr><tr><td>Carahue<\/td><td>68<\/td><\/tr><tr><td>Chol-Chol<\/td><td>22<\/td><\/tr><tr><td>Collipulli<\/td><td>34<\/td><\/tr><tr><td>Cunco<\/td><td>45<\/td><\/tr><tr><td>Curacaut\u00edn<\/td><td>10<\/td><\/tr><tr><td>Curarrehue<\/td><td>4<\/td><\/tr><tr><td>Ercilla<\/td><td>16<\/td><\/tr><tr><td>Freire<\/td><td>87<\/td><\/tr><tr><td>Galvarino<\/td><td>81<\/td><\/tr><tr><td>Gorbea<\/td><td>30<\/td><\/tr><tr><td>Lautaro<\/td><td>95<\/td><\/tr><tr><td>Loncoche<\/td><td>49<\/td><\/tr><tr><td>Lonquimay<\/td><td>66<\/td><\/tr><tr><td>Los Sauces<\/td><td>7<\/td><\/tr><tr><td>Lumaco<\/td><td>14<\/td><\/tr><tr><td>Melipeuco<\/td><td>8<\/td><\/tr><tr><td>Nueva Imperial<\/td><td>75<\/td><\/tr><tr><td>Padre Las Casas<\/td><td>166<\/td><\/tr><tr><td>Perquenco<\/td><td>14<\/td><\/tr><tr><td>Pitrufqu\u00e9n<\/td><td>67<\/td><\/tr><tr><td>Puc\u00f3n<\/td><td>54<\/td><\/tr><tr><td>Pur\u00e9n<\/td><td>8<\/td><\/tr><tr><td>Renaico<\/td><td>26<\/td><\/tr><tr><td>Saavedra<\/td><td>92<\/td><\/tr><tr><td>Temuco<\/td><td>852<\/td><\/tr><tr><td>Teodoro Schmidt<\/td><td>10<\/td><\/tr><tr><td>Tolt\u00e9n<\/td><td>16<\/td><\/tr><tr><td>Traigu\u00e9n<\/td><td>19<\/td><\/tr><tr><td>Victoria<\/td><td>125<\/td><\/tr><tr><td>Vilc\u00fan<\/td><td>98<\/td><\/tr><tr><td>Villarrica<\/td><td>37<\/td><\/tr><tr><td><strong>Total General<\/strong><\/td><td><strong>2.509<\/strong><\/td><\/tr><tr><td>*Informaci\u00f3n susceptible de ser modificada, en relaci\u00f3n a los resultados de las investigaciones Epidemiol\u00f3gicas.<strong><\/strong><\/td><td>* Se extraen 26 casos del an\u00e1lisis, puesto que presentan residencia en otras regiones.<strong><\/strong><\/td><\/tr><\/tbody><\/table>\n\n\n\n<table class=\"wp-block-table\"><tbody><tr><td><strong>Casos nuevos<\/strong><\/td><td><strong>Sintom\u00e1ticos&nbsp;<\/strong><\/td><td><strong>Asintom\u00e1ticos<\/strong><\/td><\/tr><tr><td><strong>47<\/strong><\/td><td><strong>34<\/strong><\/td><td><strong>13<\/strong><\/td><\/tr><\/tbody><\/table>\n\n\n\n<p><strong>Casos confirmados por sexo<\/strong><\/p>\n\n\n\n<table class=\"wp-block-table\"><tbody><tr><td><strong>Sexo<\/strong><\/td><td><strong>N\u00b0 Casos<\/strong><\/td><td><strong>Porcentaje<\/strong><\/td><\/tr><tr><td>Hombre<\/td><td>1.230<\/td><td>49,0%<\/td><\/tr><tr><td>Mujer<\/td><td>1.279<\/td><td>51,0%<\/td><\/tr><\/tbody><\/table>\n\n\n\n<p><strong>Pacientes* en los cuales han transcurrido 14 d\u00edas posteriores a su diagn\u00f3stico.<\/strong><\/p>\n\n\n\n<table class=\"wp-block-table\"><tbody><tr><td>&nbsp;<\/td><td><strong>N\u00b0 de Casos&nbsp;<\/strong><\/td><td><strong>Porcentaje&nbsp;<\/strong><\/td><\/tr><tr><td>Diagn\u00f3stico hace m\u00e1s de 14 d\u00edas&nbsp;<\/td><td>1.876<\/td><td>76.4%&nbsp;<\/td><\/tr><tr><td>Diagn\u00f3stico hace menos de 14 d\u00edas&nbsp;<\/td><td>581<\/td><td>23.6%&nbsp;<\/td><\/tr><tr><td><strong>Total general&nbsp;<\/strong><\/td><td><strong>2.457&nbsp;<\/strong><\/td><td><strong>100.00%&nbsp;<\/strong><\/td><\/tr><\/tbody><\/table>\n\n\n\n<p>*Se excluyen del an\u00e1lisis los pacientes fallecidos.<\/p>\n\n\n\n<p><strong>Ex\u00e1menes PCR procesados en las \u00faltimas 24 hrs.<\/strong><\/p>\n\n\n\n<table class=\"wp-block-table\"><tbody><tr><td>N\u00b0 de Muestras procesadas (10.06.2020)<\/td><td>551<\/td><\/tr><\/tbody><\/table>\n\n\n\n<table class=\"wp-block-table\"><tbody><tr><td><strong>Fallecidos<\/strong><\/td><td>34<\/td><\/tr><\/tbody><\/table>\n\n\n\n<p>De la totalidad de casos 59 se encuentran hospitalizados, de estos, 24 en Unidades de Paciente Cr\u00edtico (UTI 09 &#8211; UCI 15) y 11 conectados a ventilador mec\u00e1nico de los cuales 10 se encuentran en establecimientos de la red p\u00fablica y 1 en cl\u00ednicas privadas.<\/p>\n\n\n\n<p>Estos antecedentes de los nuevos 47 casos de Covid- 19 confirmados, se suman a los 2.488 ya conocidos, sumando un total de 2.535 casos confirmados en la regi\u00f3n de La Araucan\u00eda.<\/p>\n","protected":false},"excerpt":{"rendered":"<div class=\"pvc_clear\"><\/div>\n<p id=\"pvc_stats_11279\" class=\"pvc_stats total_only  \" data-element-id=\"11279\" style=\"\"><i class=\"pvc-stats-icon large\" aria-hidden=\"true\"><svg aria-hidden=\"true\" focusable=\"false\" data-prefix=\"far\" data-icon=\"chart-bar\" role=\"img\" xmlns=\"http:\/\/www.w3.org\/2000\/svg\" viewBox=\"0 0 512 512\" class=\"svg-inline--fa fa-chart-bar fa-w-16 fa-2x\"><path fill=\"currentColor\" d=\"M396.8 352h22.4c6.4 0 12.8-6.4 12.8-12.8V108.8c0-6.4-6.4-12.8-12.8-12.8h-22.4c-6.4 0-12.8 6.4-12.8 12.8v230.4c0 6.4 6.4 12.8 12.8 12.8zm-192 0h22.4c6.4 0 12.8-6.4 12.8-12.8V140.8c0-6.4-6.4-12.8-12.8-12.8h-22.4c-6.4 0-12.8 6.4-12.8 12.8v198.4c0 6.4 6.4 12.8 12.8 12.8zm96 0h22.4c6.4 0 12.8-6.4 12.8-12.8V204.8c0-6.4-6.4-12.8-12.8-12.8h-22.4c-6.4 0-12.8 6.4-12.8 12.8v134.4c0 6.4 6.4 12.8 12.8 12.8zM496 400H48V80c0-8.84-7.16-16-16-16H16C7.16 64 0 71.16 0 80v336c0 17.67 14.33 32 32 32h464c8.84 0 16-7.16 16-16v-16c0-8.84-7.16-16-16-16zm-387.2-48h22.4c6.4 0 12.8-6.4 12.8-12.8v-70.4c0-6.4-6.4-12.8-12.8-12.8h-22.4c-6.4 0-12.8 6.4-12.8 12.8v70.4c0 6.4 6.4 12.8 12.8 12.8z\" class=\"\"><\/path><\/svg><\/i> <img loading=\"lazy\" decoding=\"async\" width=\"16\" height=\"16\" alt=\"Loading\" src=\"https:\/\/temucotelevision.cl\/web\/wp-content\/plugins\/page-views-count\/ajax-loader-2x.gif\" border=0 \/><\/p>\n<div class=\"pvc_clear\"><\/div>\n<p>2.535 son los casos confirmados de COVID- 19 en La Araucan\u00eda. Durante el d\u00eda ayer fueron 47 los nuevos casos<\/p>\n","protected":false},"author":1,"featured_media":10720,"comment_status":"open","ping_status":"open","sticky":false,"template":"","format":"standard","meta":{"colormag_page_container_layout":"default_layout","colormag_page_sidebar_layout":"default_layout","footnotes":""},"categories":[15],"tags":[131],"class_list":["post-11279","post","type-post","status-publish","format-standard","has-post-thumbnail","hentry","category-la-araucania","tag-salud"],"a3_pvc":{"activated":true,"total_views":22,"today_views":0},"_links":{"self":[{"href":"https:\/\/temucotelevision.cl\/web\/wp-json\/wp\/v2\/posts\/11279","targetHints":{"allow":["GET"]}}],"collection":[{"href":"https:\/\/temucotelevision.cl\/web\/wp-json\/wp\/v2\/posts"}],"about":[{"href":"https:\/\/temucotelevision.cl\/web\/wp-json\/wp\/v2\/types\/post"}],"author":[{"embeddable":true,"href":"https:\/\/temucotelevision.cl\/web\/wp-json\/wp\/v2\/users\/1"}],"replies":[{"embeddable":true,"href":"https:\/\/temucotelevision.cl\/web\/wp-json\/wp\/v2\/comments?post=11279"}],"version-history":[{"count":1,"href":"https:\/\/temucotelevision.cl\/web\/wp-json\/wp\/v2\/posts\/11279\/revisions"}],"predecessor-version":[{"id":11280,"href":"https:\/\/temucotelevision.cl\/web\/wp-json\/wp\/v2\/posts\/11279\/revisions\/11280"}],"wp:featuredmedia":[{"embeddable":true,"href":"https:\/\/temucotelevision.cl\/web\/wp-json\/wp\/v2\/media\/10720"}],"wp:attachment":[{"href":"https:\/\/temucotelevision.cl\/web\/wp-json\/wp\/v2\/media?parent=11279"}],"wp:term":[{"taxonomy":"category","embeddable":true,"href":"https:\/\/temucotelevision.cl\/web\/wp-json\/wp\/v2\/categories?post=11279"},{"taxonomy":"post_tag","embeddable":true,"href":"https:\/\/temucotelevision.cl\/web\/wp-json\/wp\/v2\/tags?post=11279"}],"curies":[{"name":"wp","href":"https:\/\/api.w.org\/{rel}","templated":true}]}}