{"id":11272,"date":"2020-06-11T12:43:00","date_gmt":"2020-06-11T15:43:00","guid":{"rendered":"https:\/\/temucotelevision.cl\/web\/?p=11272"},"modified":"2020-06-11T12:59:13","modified_gmt":"2020-06-11T15:59:13","slug":"carabineros-detiene-a-enmascarado-que-intento-robar-una-casa-en-loncoche-quebranto-libertad-vigilada-y-toque-de-queda%ef%bb%bf","status":"publish","type":"post","link":"https:\/\/temucotelevision.cl\/web\/2020\/06\/11\/carabineros-detiene-a-enmascarado-que-intento-robar-una-casa-en-loncoche-quebranto-libertad-vigilada-y-toque-de-queda%ef%bb%bf\/","title":{"rendered":"Carabineros detiene a enmascarado que intent\u00f3 robar una casa en Loncoche: quebrant\u00f3 libertad vigilada y toque de queda\ufeff"},"content":{"rendered":"<div class=\"pvc_clear\"><\/div><p id=\"pvc_stats_11272\" class=\"pvc_stats total_only  \" data-element-id=\"11272\" style=\"\"><i class=\"pvc-stats-icon large\" aria-hidden=\"true\"><svg aria-hidden=\"true\" focusable=\"false\" data-prefix=\"far\" data-icon=\"chart-bar\" role=\"img\" xmlns=\"http:\/\/www.w3.org\/2000\/svg\" viewBox=\"0 0 512 512\" class=\"svg-inline--fa fa-chart-bar fa-w-16 fa-2x\"><path fill=\"currentColor\" d=\"M396.8 352h22.4c6.4 0 12.8-6.4 12.8-12.8V108.8c0-6.4-6.4-12.8-12.8-12.8h-22.4c-6.4 0-12.8 6.4-12.8 12.8v230.4c0 6.4 6.4 12.8 12.8 12.8zm-192 0h22.4c6.4 0 12.8-6.4 12.8-12.8V140.8c0-6.4-6.4-12.8-12.8-12.8h-22.4c-6.4 0-12.8 6.4-12.8 12.8v198.4c0 6.4 6.4 12.8 12.8 12.8zm96 0h22.4c6.4 0 12.8-6.4 12.8-12.8V204.8c0-6.4-6.4-12.8-12.8-12.8h-22.4c-6.4 0-12.8 6.4-12.8 12.8v134.4c0 6.4 6.4 12.8 12.8 12.8zM496 400H48V80c0-8.84-7.16-16-16-16H16C7.16 64 0 71.16 0 80v336c0 17.67 14.33 32 32 32h464c8.84 0 16-7.16 16-16v-16c0-8.84-7.16-16-16-16zm-387.2-48h22.4c6.4 0 12.8-6.4 12.8-12.8v-70.4c0-6.4-6.4-12.8-12.8-12.8h-22.4c-6.4 0-12.8 6.4-12.8 12.8v70.4c0 6.4 6.4 12.8 12.8 12.8z\" class=\"\"><\/path><\/svg><\/i> <img loading=\"lazy\" decoding=\"async\" width=\"16\" height=\"16\" alt=\"Loading\" src=\"https:\/\/temucotelevision.cl\/web\/wp-content\/plugins\/page-views-count\/ajax-loader-2x.gif\" border=0 \/><\/p><div class=\"pvc_clear\"><\/div>\n<p><em>Sujeto hab\u00eda sido detenido por un robo anterior como adolescente y al cumplir los 18 a\u00f1os, se acogi\u00f3 al beneficio de libertad vigilada.<\/em><\/p>\n\n\n\n<p>R\u00e1pida respuesta de Carabineros de la 6a. Comisar\u00eda \u201cLoncoche\u201d permiti\u00f3 la detenci\u00f3n de un sujeto enmascarado que ingres\u00f3 a robar a un domicilio durante esta madrugada en pleno toque de queda.<\/p>\n\n\n\n<p>Se trata de A.R.S.P. de 18 a\u00f1os de edad, quien no s\u00f3lo quebrant\u00f3 la medida sanitaria para prevenir el Coronavirus, sino tambi\u00e9n el beneficio de libertad vigilada que le hab\u00eda sido otorgado al cumplir la mayor\u00eda de edad, logrando as\u00ed salir del CRC del Sename en Cholchol lugar donde cumpl\u00eda una medida cautelar tras ser sorprendido en otro delito de robo.<\/p>\n\n\n\n<p>El Capit\u00e1n Pablo Cisternas, Subcomisario de la 6a. Comisar\u00eda Loncoche, relat\u00f3 que \u201cdurante esta madrugada, Carabineros procedi\u00f3 a la detenci\u00f3n de un sujeto por el delito de robo en lugar habitado ya que ingres\u00f3 a un domicilio y al ser sorprendido por los propietarios se dio a la fuga, logrando Carabineros detenerlo en las cercan\u00edas del lugar, donde se pudo verificar que manten\u00eda una m\u00e1scara y las herramientas para cometer el delito. Al verificar sus antecedentes, se pudo establecer que esta persona manten\u00eda una medida cautelar de arresto domiciliario total bajo el beneficio de libertad vigilada\u201d.<\/p>\n\n\n\n<p>Por instrucci\u00f3n del fiscal de turno, este jueves el imputado pasar\u00e1 a control de detenci\u00f3n por los delitos de robo en lugar habitado, quebrantamiento de medida cautelar y toque de queda.&nbsp;<\/p>\n","protected":false},"excerpt":{"rendered":"<div class=\"pvc_clear\"><\/div>\n<p id=\"pvc_stats_11272\" class=\"pvc_stats total_only  \" data-element-id=\"11272\" style=\"\"><i class=\"pvc-stats-icon large\" aria-hidden=\"true\"><svg aria-hidden=\"true\" focusable=\"false\" data-prefix=\"far\" data-icon=\"chart-bar\" role=\"img\" xmlns=\"http:\/\/www.w3.org\/2000\/svg\" viewBox=\"0 0 512 512\" class=\"svg-inline--fa fa-chart-bar fa-w-16 fa-2x\"><path fill=\"currentColor\" d=\"M396.8 352h22.4c6.4 0 12.8-6.4 12.8-12.8V108.8c0-6.4-6.4-12.8-12.8-12.8h-22.4c-6.4 0-12.8 6.4-12.8 12.8v230.4c0 6.4 6.4 12.8 12.8 12.8zm-192 0h22.4c6.4 0 12.8-6.4 12.8-12.8V140.8c0-6.4-6.4-12.8-12.8-12.8h-22.4c-6.4 0-12.8 6.4-12.8 12.8v198.4c0 6.4 6.4 12.8 12.8 12.8zm96 0h22.4c6.4 0 12.8-6.4 12.8-12.8V204.8c0-6.4-6.4-12.8-12.8-12.8h-22.4c-6.4 0-12.8 6.4-12.8 12.8v134.4c0 6.4 6.4 12.8 12.8 12.8zM496 400H48V80c0-8.84-7.16-16-16-16H16C7.16 64 0 71.16 0 80v336c0 17.67 14.33 32 32 32h464c8.84 0 16-7.16 16-16v-16c0-8.84-7.16-16-16-16zm-387.2-48h22.4c6.4 0 12.8-6.4 12.8-12.8v-70.4c0-6.4-6.4-12.8-12.8-12.8h-22.4c-6.4 0-12.8 6.4-12.8 12.8v70.4c0 6.4 6.4 12.8 12.8 12.8z\" class=\"\"><\/path><\/svg><\/i> <img loading=\"lazy\" decoding=\"async\" width=\"16\" height=\"16\" alt=\"Loading\" src=\"https:\/\/temucotelevision.cl\/web\/wp-content\/plugins\/page-views-count\/ajax-loader-2x.gif\" border=0 \/><\/p>\n<div class=\"pvc_clear\"><\/div>\n<p>Sujeto hab\u00eda sido detenido por un robo anterior como adolescente y al cumplir los 18 a\u00f1os, se acogi\u00f3 al beneficio<\/p>\n","protected":false},"author":1,"featured_media":11274,"comment_status":"open","ping_status":"open","sticky":false,"template":"","format":"standard","meta":{"colormag_page_container_layout":"default_layout","colormag_page_sidebar_layout":"default_layout","footnotes":""},"categories":[16],"tags":[2595,138,866],"class_list":["post-11272","post","type-post","status-publish","format-standard","has-post-thumbnail","hentry","category-policial","tag-enmascarado","tag-robo","tag-vivienda"],"a3_pvc":{"activated":true,"total_views":25,"today_views":0},"_links":{"self":[{"href":"https:\/\/temucotelevision.cl\/web\/wp-json\/wp\/v2\/posts\/11272","targetHints":{"allow":["GET"]}}],"collection":[{"href":"https:\/\/temucotelevision.cl\/web\/wp-json\/wp\/v2\/posts"}],"about":[{"href":"https:\/\/temucotelevision.cl\/web\/wp-json\/wp\/v2\/types\/post"}],"author":[{"embeddable":true,"href":"https:\/\/temucotelevision.cl\/web\/wp-json\/wp\/v2\/users\/1"}],"replies":[{"embeddable":true,"href":"https:\/\/temucotelevision.cl\/web\/wp-json\/wp\/v2\/comments?post=11272"}],"version-history":[{"count":2,"href":"https:\/\/temucotelevision.cl\/web\/wp-json\/wp\/v2\/posts\/11272\/revisions"}],"predecessor-version":[{"id":11275,"href":"https:\/\/temucotelevision.cl\/web\/wp-json\/wp\/v2\/posts\/11272\/revisions\/11275"}],"wp:featuredmedia":[{"embeddable":true,"href":"https:\/\/temucotelevision.cl\/web\/wp-json\/wp\/v2\/media\/11274"}],"wp:attachment":[{"href":"https:\/\/temucotelevision.cl\/web\/wp-json\/wp\/v2\/media?parent=11272"}],"wp:term":[{"taxonomy":"category","embeddable":true,"href":"https:\/\/temucotelevision.cl\/web\/wp-json\/wp\/v2\/categories?post=11272"},{"taxonomy":"post_tag","embeddable":true,"href":"https:\/\/temucotelevision.cl\/web\/wp-json\/wp\/v2\/tags?post=11272"}],"curies":[{"name":"wp","href":"https:\/\/api.w.org\/{rel}","templated":true}]}}