{"id":11268,"date":"2020-06-11T08:00:18","date_gmt":"2020-06-11T11:00:18","guid":{"rendered":"https:\/\/temucotelevision.cl\/web\/?p=11268"},"modified":"2020-06-11T01:03:42","modified_gmt":"2020-06-11T04:03:42","slug":"en-puente-alto-y-las-regiones-del-biobio-y-la-araucania-clinicas-moviles-realizaron-cerca-de-2-mil-test-por-coronavirus-en-abril-y-mayo%ef%bb%bf","status":"publish","type":"post","link":"https:\/\/temucotelevision.cl\/web\/2020\/06\/11\/en-puente-alto-y-las-regiones-del-biobio-y-la-araucania-clinicas-moviles-realizaron-cerca-de-2-mil-test-por-coronavirus-en-abril-y-mayo%ef%bb%bf\/","title":{"rendered":"En Puente Alto, y las regiones del Biob\u00edo y La Araucan\u00eda: Cl\u00ednicas M\u00f3viles realizaron cerca de 2 mil test por coronavirus en abril y mayo\ufeff"},"content":{"rendered":"<div class=\"pvc_clear\"><\/div><p id=\"pvc_stats_11268\" class=\"pvc_stats total_only  \" data-element-id=\"11268\" style=\"\"><i class=\"pvc-stats-icon large\" aria-hidden=\"true\"><svg aria-hidden=\"true\" focusable=\"false\" data-prefix=\"far\" data-icon=\"chart-bar\" role=\"img\" xmlns=\"http:\/\/www.w3.org\/2000\/svg\" viewBox=\"0 0 512 512\" class=\"svg-inline--fa fa-chart-bar fa-w-16 fa-2x\"><path fill=\"currentColor\" d=\"M396.8 352h22.4c6.4 0 12.8-6.4 12.8-12.8V108.8c0-6.4-6.4-12.8-12.8-12.8h-22.4c-6.4 0-12.8 6.4-12.8 12.8v230.4c0 6.4 6.4 12.8 12.8 12.8zm-192 0h22.4c6.4 0 12.8-6.4 12.8-12.8V140.8c0-6.4-6.4-12.8-12.8-12.8h-22.4c-6.4 0-12.8 6.4-12.8 12.8v198.4c0 6.4 6.4 12.8 12.8 12.8zm96 0h22.4c6.4 0 12.8-6.4 12.8-12.8V204.8c0-6.4-6.4-12.8-12.8-12.8h-22.4c-6.4 0-12.8 6.4-12.8 12.8v134.4c0 6.4 6.4 12.8 12.8 12.8zM496 400H48V80c0-8.84-7.16-16-16-16H16C7.16 64 0 71.16 0 80v336c0 17.67 14.33 32 32 32h464c8.84 0 16-7.16 16-16v-16c0-8.84-7.16-16-16-16zm-387.2-48h22.4c6.4 0 12.8-6.4 12.8-12.8v-70.4c0-6.4-6.4-12.8-12.8-12.8h-22.4c-6.4 0-12.8 6.4-12.8 12.8v70.4c0 6.4 6.4 12.8 12.8 12.8z\" class=\"\"><\/path><\/svg><\/i> <img loading=\"lazy\" decoding=\"async\" width=\"16\" height=\"16\" alt=\"Loading\" src=\"https:\/\/temucotelevision.cl\/web\/wp-content\/plugins\/page-views-count\/ajax-loader-2x.gif\" border=0 \/><\/p><div class=\"pvc_clear\"><\/div>\n<p>La iniciativa impulsada por CMPC y Desaf\u00edo Levantemos Chile consta de furgones capacitados con equipamiento y personal m\u00e9dico que recorre diversos barrios para atender a vecinos en sus domicilios, especialmente a adultos mayores, y as\u00ed evitar que se trasladen a centros hospitalarios donde podr\u00edan contagiarse por Covid-19.<\/p>\n\n\n\n<p>Acudir a centros hospitalarios hoy en d\u00eda, en \u00e9poca de pandemia, puede ser m\u00e1s perjudicial para la salud que una soluci\u00f3n, debido al significativo aumento de casos de personas con coronavirus que han llegado incluso a colapsar dichos lugares, los que se transforman un potencial foco de contagio.&nbsp;<\/p>\n\n\n\n<p>Es por eso, y buscando aportar para que la ciudadan\u00eda evite ir a los hospitales, CMPC y Desaf\u00edo Levantemos Chile se unieron bajo la iniciativa de las Cl\u00ednicas M\u00f3viles: veh\u00edculos equipados con insumos y personal m\u00e9dico dedicados a recorrer diversos barrios con el fin de atender a los vecinos, especialmente a los adultos mayores, realizando chequeos preventivos; en caso de sospecha, tomar ex\u00e1menes por Covid-19 (PCR); vacunar contra la influenza; revisar antecedentes cl\u00ednicos hist\u00f3ricos; entregar remedios, entre otros.<\/p>\n\n\n\n<p>\u00bfD\u00f3nde operan las Cl\u00ednicas M\u00f3viles? Seg\u00fan los Informes Epidemiol\u00f3gicos del Ministerio de Salud de Chile, entregados desde el 30 de marzo al 29 de mayo, las regiones Metropolitana y de La Araucan\u00eda han sido de las m\u00e1s afectadas en todo el pa\u00eds, especialmente la comuna de Puente Alto en la capital.&nbsp;<\/p>\n\n\n\n<p>Es debido a las altas cifras de contagios, que los casos se hayan dado en localidades m\u00e1s vulnerables y que correspondan a zonas en las que CMPC tiene presencia productiva; Puente Alto, Biob\u00edo y La Araucan\u00eda fueron elegidas para activar la iniciativa.<\/p>\n\n\n\n<p>En el caso de Puente Alto -comuna metropolitana en la que CMPC est\u00e1 presente hace 100 a\u00f1os- desde el 29 de abril, cuando se activaron las dos Cl\u00ednicas M\u00f3viles en la comuna, hasta el 29 de mayo, se realizaron 1.046 tomas de muestras por sospecha de coronavirus.<\/p>\n\n\n\n<p>En el caso de la regi\u00f3n del Biob\u00edo, la Cl\u00ednica M\u00f3vil estuvo presente en Los \u00c1ngeles desde el 13 al 30 de abril, periodo en el que se tomaron 31 muestras PCR y se entregaron 299 medicamentos.<\/p>\n\n\n\n<p>En la comuna de Temuco, regi\u00f3n de La Araucan\u00eda, desde el 9 de abril al 29 de mayo, se realizaron 770 muestras por Covid-19 y se entregaron 211 medicamentos, mientras que en Lautaro, desde el 22 al 28 de mayo se tomaron 28 test PCR; en Cunco el 28 de mayo se realizaron 14 ex\u00e1menes por Covid-19; y en Labranza del 18 al 22 de mayo se tomaron 31 muestras y se entregaron 20 medicamentos.&nbsp;<\/p>\n\n\n\n<p>En resumen, entre abril y mayo, las Cl\u00ednicas M\u00f3viles realizaron 1.920 ex\u00e1menes PCR y entregaron 530 medicamentos a vecinos de las localidades anteriormente mencionadas.&nbsp;<\/p>\n\n\n\n<p>Hoy, la alianza entre Desaf\u00edo Levantemos Chile y CMPC contempla dos Cl\u00ednicas M\u00f3viles en Puente Alto y cuatro en La Araucan\u00eda. Los recorridos que ellas realizan son coordinados y establecidos por las autoridades municipales y de salud correspondiente a cada localidad, como el Servicio de Salud Metropolitano Sur Oriente -en el caso de Puente Alto-, y el Servicio de Salud Araucan\u00eda Sur y Servicio Araucan\u00eda Norte, en La Araucan\u00eda, quienes adem\u00e1s incorporan el personal m\u00e9dico que atiende a los vecinos, entre ellos param\u00e9dicos, enfermeras y kinesi\u00f3logos.&nbsp;<\/p>\n\n\n\n<p>\u00bfA qui\u00e9nes atienden las Cl\u00ednicas M\u00f3viles? El foco principal est\u00e1 en acudir a residencias de adultos mayores, muchas de ellas pertenecientes al Servicio Nacional de Mayores (Senama), y zonas rurales. Luego de atender dicho grupo, las cl\u00ednicas se coordinan para atender a ni\u00f1os y centros del Servicio Nacional de Menores (Sename).<\/p>\n\n\n\n<p>El trabajo de las Cl\u00ednicas M\u00f3viles complementa el trabajo del servicio de salud, y ayuda a descongestionar los centros y as\u00ed evitar contagios.<\/p>\n\n\n\n<div class=\"wp-block-image\"><figure class=\"aligncenter\"><img loading=\"lazy\" decoding=\"async\" width=\"640\" height=\"480\" src=\"https:\/\/temucotelevision.cl\/web\/wp-content\/uploads\/2020\/06\/clinica-movil.jpeg\" alt=\"\" class=\"wp-image-11270\"\/><\/figure><\/div>\n","protected":false},"excerpt":{"rendered":"<div class=\"pvc_clear\"><\/div>\n<p id=\"pvc_stats_11268\" class=\"pvc_stats total_only  \" data-element-id=\"11268\" style=\"\"><i class=\"pvc-stats-icon large\" aria-hidden=\"true\"><svg aria-hidden=\"true\" focusable=\"false\" data-prefix=\"far\" data-icon=\"chart-bar\" role=\"img\" xmlns=\"http:\/\/www.w3.org\/2000\/svg\" viewBox=\"0 0 512 512\" class=\"svg-inline--fa fa-chart-bar fa-w-16 fa-2x\"><path fill=\"currentColor\" d=\"M396.8 352h22.4c6.4 0 12.8-6.4 12.8-12.8V108.8c0-6.4-6.4-12.8-12.8-12.8h-22.4c-6.4 0-12.8 6.4-12.8 12.8v230.4c0 6.4 6.4 12.8 12.8 12.8zm-192 0h22.4c6.4 0 12.8-6.4 12.8-12.8V140.8c0-6.4-6.4-12.8-12.8-12.8h-22.4c-6.4 0-12.8 6.4-12.8 12.8v198.4c0 6.4 6.4 12.8 12.8 12.8zm96 0h22.4c6.4 0 12.8-6.4 12.8-12.8V204.8c0-6.4-6.4-12.8-12.8-12.8h-22.4c-6.4 0-12.8 6.4-12.8 12.8v134.4c0 6.4 6.4 12.8 12.8 12.8zM496 400H48V80c0-8.84-7.16-16-16-16H16C7.16 64 0 71.16 0 80v336c0 17.67 14.33 32 32 32h464c8.84 0 16-7.16 16-16v-16c0-8.84-7.16-16-16-16zm-387.2-48h22.4c6.4 0 12.8-6.4 12.8-12.8v-70.4c0-6.4-6.4-12.8-12.8-12.8h-22.4c-6.4 0-12.8 6.4-12.8 12.8v70.4c0 6.4 6.4 12.8 12.8 12.8z\" class=\"\"><\/path><\/svg><\/i> <img loading=\"lazy\" decoding=\"async\" width=\"16\" height=\"16\" alt=\"Loading\" src=\"https:\/\/temucotelevision.cl\/web\/wp-content\/plugins\/page-views-count\/ajax-loader-2x.gif\" border=0 \/><\/p>\n<div class=\"pvc_clear\"><\/div>\n<p>La iniciativa impulsada por CMPC y Desaf\u00edo Levantemos Chile consta de furgones capacitados con equipamiento y personal m\u00e9dico que recorre<\/p>\n","protected":false},"author":1,"featured_media":11269,"comment_status":"open","ping_status":"open","sticky":false,"template":"","format":"standard","meta":{"colormag_page_container_layout":"default_layout","colormag_page_sidebar_layout":"default_layout","footnotes":""},"categories":[15],"tags":[2344,2365,233],"class_list":["post-11268","post","type-post","status-publish","format-standard","has-post-thumbnail","hentry","category-la-araucania","tag-clinicas","tag-cmpc","tag-test"],"a3_pvc":{"activated":true,"total_views":30,"today_views":0},"_links":{"self":[{"href":"https:\/\/temucotelevision.cl\/web\/wp-json\/wp\/v2\/posts\/11268","targetHints":{"allow":["GET"]}}],"collection":[{"href":"https:\/\/temucotelevision.cl\/web\/wp-json\/wp\/v2\/posts"}],"about":[{"href":"https:\/\/temucotelevision.cl\/web\/wp-json\/wp\/v2\/types\/post"}],"author":[{"embeddable":true,"href":"https:\/\/temucotelevision.cl\/web\/wp-json\/wp\/v2\/users\/1"}],"replies":[{"embeddable":true,"href":"https:\/\/temucotelevision.cl\/web\/wp-json\/wp\/v2\/comments?post=11268"}],"version-history":[{"count":1,"href":"https:\/\/temucotelevision.cl\/web\/wp-json\/wp\/v2\/posts\/11268\/revisions"}],"predecessor-version":[{"id":11271,"href":"https:\/\/temucotelevision.cl\/web\/wp-json\/wp\/v2\/posts\/11268\/revisions\/11271"}],"wp:featuredmedia":[{"embeddable":true,"href":"https:\/\/temucotelevision.cl\/web\/wp-json\/wp\/v2\/media\/11269"}],"wp:attachment":[{"href":"https:\/\/temucotelevision.cl\/web\/wp-json\/wp\/v2\/media?parent=11268"}],"wp:term":[{"taxonomy":"category","embeddable":true,"href":"https:\/\/temucotelevision.cl\/web\/wp-json\/wp\/v2\/categories?post=11268"},{"taxonomy":"post_tag","embeddable":true,"href":"https:\/\/temucotelevision.cl\/web\/wp-json\/wp\/v2\/tags?post=11268"}],"curies":[{"name":"wp","href":"https:\/\/api.w.org\/{rel}","templated":true}]}}