{"id":11265,"date":"2020-06-11T00:41:09","date_gmt":"2020-06-11T03:41:09","guid":{"rendered":"https:\/\/temucotelevision.cl\/web\/?p=11265"},"modified":"2020-06-11T00:41:12","modified_gmt":"2020-06-11T03:41:12","slug":"ninas-y-ninos-en-cuarentena-en-hotel-frontera-recibieron-ludica-donacion-del-seremi-de-desarrollo-social-y-familia","status":"publish","type":"post","link":"https:\/\/temucotelevision.cl\/web\/2020\/06\/11\/ninas-y-ninos-en-cuarentena-en-hotel-frontera-recibieron-ludica-donacion-del-seremi-de-desarrollo-social-y-familia\/","title":{"rendered":"Ni\u00f1as y ni\u00f1os en cuarentena en Hotel Frontera recibieron l\u00fadica donaci\u00f3n del Seremi de Desarrollo Social y Familia"},"content":{"rendered":"<div class=\"pvc_clear\"><\/div><p id=\"pvc_stats_11265\" class=\"pvc_stats total_only  \" data-element-id=\"11265\" style=\"\"><i class=\"pvc-stats-icon large\" aria-hidden=\"true\"><svg aria-hidden=\"true\" focusable=\"false\" data-prefix=\"far\" data-icon=\"chart-bar\" role=\"img\" xmlns=\"http:\/\/www.w3.org\/2000\/svg\" viewBox=\"0 0 512 512\" class=\"svg-inline--fa fa-chart-bar fa-w-16 fa-2x\"><path fill=\"currentColor\" d=\"M396.8 352h22.4c6.4 0 12.8-6.4 12.8-12.8V108.8c0-6.4-6.4-12.8-12.8-12.8h-22.4c-6.4 0-12.8 6.4-12.8 12.8v230.4c0 6.4 6.4 12.8 12.8 12.8zm-192 0h22.4c6.4 0 12.8-6.4 12.8-12.8V140.8c0-6.4-6.4-12.8-12.8-12.8h-22.4c-6.4 0-12.8 6.4-12.8 12.8v198.4c0 6.4 6.4 12.8 12.8 12.8zm96 0h22.4c6.4 0 12.8-6.4 12.8-12.8V204.8c0-6.4-6.4-12.8-12.8-12.8h-22.4c-6.4 0-12.8 6.4-12.8 12.8v134.4c0 6.4 6.4 12.8 12.8 12.8zM496 400H48V80c0-8.84-7.16-16-16-16H16C7.16 64 0 71.16 0 80v336c0 17.67 14.33 32 32 32h464c8.84 0 16-7.16 16-16v-16c0-8.84-7.16-16-16-16zm-387.2-48h22.4c6.4 0 12.8-6.4 12.8-12.8v-70.4c0-6.4-6.4-12.8-12.8-12.8h-22.4c-6.4 0-12.8 6.4-12.8 12.8v70.4c0 6.4 6.4 12.8 12.8 12.8z\" class=\"\"><\/path><\/svg><\/i> <img loading=\"lazy\" decoding=\"async\" width=\"16\" height=\"16\" alt=\"Loading\" src=\"https:\/\/temucotelevision.cl\/web\/wp-content\/plugins\/page-views-count\/ajax-loader-2x.gif\" border=0 \/><\/p><div class=\"pvc_clear\"><\/div>\n<p>El cl\u00e1sico Hotel Frontera de Temuco, emplazado en el centro de la capital regional, est\u00e1 funcionando como residencia sanitaria desde abril para recibir a las personas que presentan un diagnostico positivo de COVID-19. Entre todos los pacientes tambi\u00e9n hay ni\u00f1as y ni\u00f1os que realizan la cuarentena y que se han visto afectados por no poder realizar actividades de forma normal.<\/p>\n\n\n\n<p>Por este motivo, el Seremi de Desarrollo Social y Familia, Rodrigo Carrasco, lleg\u00f3 al frontis del tradicional hotel para entregar 11 mochilas que forman parte de los kits de emergencias del subsistema Chile Crece Contigo de la Subsecretar\u00eda de la Ni\u00f1ez.&nbsp;<\/p>\n\n\n\n<p>Gracias a esta donaci\u00f3n los ni\u00f1os podr\u00e1n tener mejores pasatiempos mientras cumplen con la estricta cuarentena. Cada mochila contiene diferentes juegos y juguetes como peluches, burbujas, pelotas saltarinas, libros para colorear, l\u00e1pices, linternas, entre otras cosas.&nbsp;<\/p>\n\n\n\n<p>El Seremi Rodrigo Carrasco destac\u00f3 la importancia de estas mochilas para que cada ni\u00f1o y ni\u00f1a de la regi\u00f3n que se encuentra ah\u00ed tenga un mejor pasatiempo. \u201cEstas mochilas traen muchos implementos que permiten que los ni\u00f1os puedan tener un momento m\u00e1s divertido, poder distenderse y pasar estos momentos de emergencias y cuarentena de una forma m\u00e1s entretenida. Por supuesto que tambi\u00e9n alejarlos de las pantallas y de la televisi\u00f3n\u201d, asegur\u00f3.<\/p>\n\n\n\n<p>Estas mochilas tambi\u00e9n fueron entregadas en residencias del Sename, residencias de acogidas del Servicio Nacional de la Mujer y Equidad de G\u00e9nero y en un centro penitenciario de Villarrica.<\/p>\n","protected":false},"excerpt":{"rendered":"<div class=\"pvc_clear\"><\/div>\n<p id=\"pvc_stats_11265\" class=\"pvc_stats total_only  \" data-element-id=\"11265\" style=\"\"><i class=\"pvc-stats-icon large\" aria-hidden=\"true\"><svg aria-hidden=\"true\" focusable=\"false\" data-prefix=\"far\" data-icon=\"chart-bar\" role=\"img\" xmlns=\"http:\/\/www.w3.org\/2000\/svg\" viewBox=\"0 0 512 512\" class=\"svg-inline--fa fa-chart-bar fa-w-16 fa-2x\"><path fill=\"currentColor\" d=\"M396.8 352h22.4c6.4 0 12.8-6.4 12.8-12.8V108.8c0-6.4-6.4-12.8-12.8-12.8h-22.4c-6.4 0-12.8 6.4-12.8 12.8v230.4c0 6.4 6.4 12.8 12.8 12.8zm-192 0h22.4c6.4 0 12.8-6.4 12.8-12.8V140.8c0-6.4-6.4-12.8-12.8-12.8h-22.4c-6.4 0-12.8 6.4-12.8 12.8v198.4c0 6.4 6.4 12.8 12.8 12.8zm96 0h22.4c6.4 0 12.8-6.4 12.8-12.8V204.8c0-6.4-6.4-12.8-12.8-12.8h-22.4c-6.4 0-12.8 6.4-12.8 12.8v134.4c0 6.4 6.4 12.8 12.8 12.8zM496 400H48V80c0-8.84-7.16-16-16-16H16C7.16 64 0 71.16 0 80v336c0 17.67 14.33 32 32 32h464c8.84 0 16-7.16 16-16v-16c0-8.84-7.16-16-16-16zm-387.2-48h22.4c6.4 0 12.8-6.4 12.8-12.8v-70.4c0-6.4-6.4-12.8-12.8-12.8h-22.4c-6.4 0-12.8 6.4-12.8 12.8v70.4c0 6.4 6.4 12.8 12.8 12.8z\" class=\"\"><\/path><\/svg><\/i> <img loading=\"lazy\" decoding=\"async\" width=\"16\" height=\"16\" alt=\"Loading\" src=\"https:\/\/temucotelevision.cl\/web\/wp-content\/plugins\/page-views-count\/ajax-loader-2x.gif\" border=0 \/><\/p>\n<div class=\"pvc_clear\"><\/div>\n<p>El cl\u00e1sico Hotel Frontera de Temuco, emplazado en el centro de la capital regional, est\u00e1 funcionando como residencia sanitaria desde<\/p>\n","protected":false},"author":1,"featured_media":11266,"comment_status":"open","ping_status":"open","sticky":false,"template":"","format":"standard","meta":{"colormag_page_container_layout":"default_layout","colormag_page_sidebar_layout":"default_layout","footnotes":""},"categories":[15],"tags":[2360,386,849],"class_list":["post-11265","post","type-post","status-publish","format-standard","has-post-thumbnail","hentry","category-la-araucania","tag-donacion","tag-ninos","tag-residencia"],"a3_pvc":{"activated":true,"total_views":30,"today_views":0},"_links":{"self":[{"href":"https:\/\/temucotelevision.cl\/web\/wp-json\/wp\/v2\/posts\/11265","targetHints":{"allow":["GET"]}}],"collection":[{"href":"https:\/\/temucotelevision.cl\/web\/wp-json\/wp\/v2\/posts"}],"about":[{"href":"https:\/\/temucotelevision.cl\/web\/wp-json\/wp\/v2\/types\/post"}],"author":[{"embeddable":true,"href":"https:\/\/temucotelevision.cl\/web\/wp-json\/wp\/v2\/users\/1"}],"replies":[{"embeddable":true,"href":"https:\/\/temucotelevision.cl\/web\/wp-json\/wp\/v2\/comments?post=11265"}],"version-history":[{"count":1,"href":"https:\/\/temucotelevision.cl\/web\/wp-json\/wp\/v2\/posts\/11265\/revisions"}],"predecessor-version":[{"id":11267,"href":"https:\/\/temucotelevision.cl\/web\/wp-json\/wp\/v2\/posts\/11265\/revisions\/11267"}],"wp:featuredmedia":[{"embeddable":true,"href":"https:\/\/temucotelevision.cl\/web\/wp-json\/wp\/v2\/media\/11266"}],"wp:attachment":[{"href":"https:\/\/temucotelevision.cl\/web\/wp-json\/wp\/v2\/media?parent=11265"}],"wp:term":[{"taxonomy":"category","embeddable":true,"href":"https:\/\/temucotelevision.cl\/web\/wp-json\/wp\/v2\/categories?post=11265"},{"taxonomy":"post_tag","embeddable":true,"href":"https:\/\/temucotelevision.cl\/web\/wp-json\/wp\/v2\/tags?post=11265"}],"curies":[{"name":"wp","href":"https:\/\/api.w.org\/{rel}","templated":true}]}}