{"id":11263,"date":"2020-06-10T21:51:24","date_gmt":"2020-06-11T00:51:24","guid":{"rendered":"https:\/\/temucotelevision.cl\/web\/?p=11263"},"modified":"2020-06-10T21:51:25","modified_gmt":"2020-06-11T00:51:25","slug":"diputado-rathgeb-valoro-aprobacion-de-proyecto-que-prohibe-el-corte-de-servicios-basicos-durante-la-pandemia%ef%bb%bf","status":"publish","type":"post","link":"https:\/\/temucotelevision.cl\/web\/2020\/06\/10\/diputado-rathgeb-valoro-aprobacion-de-proyecto-que-prohibe-el-corte-de-servicios-basicos-durante-la-pandemia%ef%bb%bf\/","title":{"rendered":"Diputado Rathgeb valor\u00f3 aprobaci\u00f3n de proyecto que proh\u00edbe el corte de servicios b\u00e1sicos durante la pandemia\ufeff"},"content":{"rendered":"<div class=\"pvc_clear\"><\/div><p id=\"pvc_stats_11263\" class=\"pvc_stats total_only  \" data-element-id=\"11263\" style=\"\"><i class=\"pvc-stats-icon large\" aria-hidden=\"true\"><svg aria-hidden=\"true\" focusable=\"false\" data-prefix=\"far\" data-icon=\"chart-bar\" role=\"img\" xmlns=\"http:\/\/www.w3.org\/2000\/svg\" viewBox=\"0 0 512 512\" class=\"svg-inline--fa fa-chart-bar fa-w-16 fa-2x\"><path fill=\"currentColor\" d=\"M396.8 352h22.4c6.4 0 12.8-6.4 12.8-12.8V108.8c0-6.4-6.4-12.8-12.8-12.8h-22.4c-6.4 0-12.8 6.4-12.8 12.8v230.4c0 6.4 6.4 12.8 12.8 12.8zm-192 0h22.4c6.4 0 12.8-6.4 12.8-12.8V140.8c0-6.4-6.4-12.8-12.8-12.8h-22.4c-6.4 0-12.8 6.4-12.8 12.8v198.4c0 6.4 6.4 12.8 12.8 12.8zm96 0h22.4c6.4 0 12.8-6.4 12.8-12.8V204.8c0-6.4-6.4-12.8-12.8-12.8h-22.4c-6.4 0-12.8 6.4-12.8 12.8v134.4c0 6.4 6.4 12.8 12.8 12.8zM496 400H48V80c0-8.84-7.16-16-16-16H16C7.16 64 0 71.16 0 80v336c0 17.67 14.33 32 32 32h464c8.84 0 16-7.16 16-16v-16c0-8.84-7.16-16-16-16zm-387.2-48h22.4c6.4 0 12.8-6.4 12.8-12.8v-70.4c0-6.4-6.4-12.8-12.8-12.8h-22.4c-6.4 0-12.8 6.4-12.8 12.8v70.4c0 6.4 6.4 12.8 12.8 12.8z\" class=\"\"><\/path><\/svg><\/i> <img loading=\"lazy\" decoding=\"async\" width=\"16\" height=\"16\" alt=\"Loading\" src=\"https:\/\/temucotelevision.cl\/web\/wp-content\/plugins\/page-views-count\/ajax-loader-2x.gif\" border=0 \/><\/p><div class=\"pvc_clear\"><\/div>\n<p><strong>Congresista por La Araucan\u00eda, puntualiz\u00f3 que era necesario y urgente, considerando que muchas familias se han quedado sin sus principales fuentes de ingreso a ra\u00edz de la emergencia sanitaria.<\/strong><\/p>\n\n\n\n<p>La situaci\u00f3n que se est\u00e1 viviendo en el pa\u00eds a ra\u00edz del Coronavirus, est\u00e1 afectando a miles de hogares tanto en t\u00e9rminos sanitarios, como tambi\u00e9n en la parte econ\u00f3mica, donde muchas familias han sufrido serias mermas en materia de ingresos.<\/p>\n\n\n\n<p>Debido al actual panorama la C\u00e1mara de Diputados, aprob\u00f3 el proyecto de ley que permite garantizar la continuidad de servicios b\u00e1sicos, durante la vigencia del estado de cat\u00e1strofe, a aquellas personas que presentan moras en el pago de sus cuentas.<\/p>\n\n\n\n<p>Para el parlamentario de Renovaci\u00f3n Nacional por La Araucan\u00eda, Jorge Rathgeb Schifferli, era de suma importancia que se diera el visto bueno a esta iniciativa, porque son muchas las familias que han tenido serios perjuicios econ\u00f3micos debido a la pandemia y que en caso de prosperar este proyecto, podr\u00e1n tener algo de tranquilidad.<\/p>\n\n\n\n<p>\u201cEstamos pasando por un momento dif\u00edcil en el pa\u00eds y en especial en nuestra Regi\u00f3n, por lo cual era de suma importancia que se ratificara esta iniciativa en la C\u00e1mara, considerando que muchas personas han visto perjudicada su econom\u00eda y no tienen recursos para pagar sus cuentas, por lo mismo era absolutamente necesario que se pudiera aprobar, porque permite dar algo de calma a las familias que no la est\u00e1n pasando bien\u201d, puntualiz\u00f3 el diputado Rathgeb.<\/p>\n\n\n\n<p>El proyecto establece que las empresas proveedoras de servicios sanitarios, empresas y cooperativas de distribuci\u00f3n de electricidad y las empresas de distribuci\u00f3n de gas de red, no podr\u00e1n cortar el suministro por mora en el pago a los siguientes clientes: usuarios residenciales o domiciliarios, hospitales y centros de salud, c\u00e1rceles y recintos penitenciarios, hogares de menores en riesgo social, abandono o compromiso delictual, hogares y establecimientos de larga estad\u00eda de adultos mayores, Bomberos, organizaciones sin fines de lucro y microempresas.<\/p>\n\n\n\n<p>El texto que fue aprobado por la Sala de la C\u00e1mara fue despachado al Senado, instituci\u00f3n que, de dar tambi\u00e9n su ratificaci\u00f3n, dejar\u00e1 la propuesta en condiciones de pasar al Ejecutivo para su promulgaci\u00f3n como ley.<\/p>\n","protected":false},"excerpt":{"rendered":"<div class=\"pvc_clear\"><\/div>\n<p id=\"pvc_stats_11263\" class=\"pvc_stats total_only  \" data-element-id=\"11263\" style=\"\"><i class=\"pvc-stats-icon large\" aria-hidden=\"true\"><svg aria-hidden=\"true\" focusable=\"false\" data-prefix=\"far\" data-icon=\"chart-bar\" role=\"img\" xmlns=\"http:\/\/www.w3.org\/2000\/svg\" viewBox=\"0 0 512 512\" class=\"svg-inline--fa fa-chart-bar fa-w-16 fa-2x\"><path fill=\"currentColor\" d=\"M396.8 352h22.4c6.4 0 12.8-6.4 12.8-12.8V108.8c0-6.4-6.4-12.8-12.8-12.8h-22.4c-6.4 0-12.8 6.4-12.8 12.8v230.4c0 6.4 6.4 12.8 12.8 12.8zm-192 0h22.4c6.4 0 12.8-6.4 12.8-12.8V140.8c0-6.4-6.4-12.8-12.8-12.8h-22.4c-6.4 0-12.8 6.4-12.8 12.8v198.4c0 6.4 6.4 12.8 12.8 12.8zm96 0h22.4c6.4 0 12.8-6.4 12.8-12.8V204.8c0-6.4-6.4-12.8-12.8-12.8h-22.4c-6.4 0-12.8 6.4-12.8 12.8v134.4c0 6.4 6.4 12.8 12.8 12.8zM496 400H48V80c0-8.84-7.16-16-16-16H16C7.16 64 0 71.16 0 80v336c0 17.67 14.33 32 32 32h464c8.84 0 16-7.16 16-16v-16c0-8.84-7.16-16-16-16zm-387.2-48h22.4c6.4 0 12.8-6.4 12.8-12.8v-70.4c0-6.4-6.4-12.8-12.8-12.8h-22.4c-6.4 0-12.8 6.4-12.8 12.8v70.4c0 6.4 6.4 12.8 12.8 12.8z\" class=\"\"><\/path><\/svg><\/i> <img loading=\"lazy\" decoding=\"async\" width=\"16\" height=\"16\" alt=\"Loading\" src=\"https:\/\/temucotelevision.cl\/web\/wp-content\/plugins\/page-views-count\/ajax-loader-2x.gif\" border=0 \/><\/p>\n<div class=\"pvc_clear\"><\/div>\n<p>Congresista por La Araucan\u00eda, puntualiz\u00f3 que era necesario y urgente, considerando que muchas familias se han quedado sin sus principales<\/p>\n","protected":false},"author":1,"featured_media":7849,"comment_status":"open","ping_status":"open","sticky":false,"template":"","format":"standard","meta":{"colormag_page_container_layout":"default_layout","colormag_page_sidebar_layout":"default_layout","footnotes":""},"categories":[84],"tags":[2312],"class_list":["post-11263","post","type-post","status-publish","format-standard","has-post-thumbnail","hentry","category-politica","tag-pandemia"],"a3_pvc":{"activated":true,"total_views":18,"today_views":0},"_links":{"self":[{"href":"https:\/\/temucotelevision.cl\/web\/wp-json\/wp\/v2\/posts\/11263","targetHints":{"allow":["GET"]}}],"collection":[{"href":"https:\/\/temucotelevision.cl\/web\/wp-json\/wp\/v2\/posts"}],"about":[{"href":"https:\/\/temucotelevision.cl\/web\/wp-json\/wp\/v2\/types\/post"}],"author":[{"embeddable":true,"href":"https:\/\/temucotelevision.cl\/web\/wp-json\/wp\/v2\/users\/1"}],"replies":[{"embeddable":true,"href":"https:\/\/temucotelevision.cl\/web\/wp-json\/wp\/v2\/comments?post=11263"}],"version-history":[{"count":1,"href":"https:\/\/temucotelevision.cl\/web\/wp-json\/wp\/v2\/posts\/11263\/revisions"}],"predecessor-version":[{"id":11264,"href":"https:\/\/temucotelevision.cl\/web\/wp-json\/wp\/v2\/posts\/11263\/revisions\/11264"}],"wp:featuredmedia":[{"embeddable":true,"href":"https:\/\/temucotelevision.cl\/web\/wp-json\/wp\/v2\/media\/7849"}],"wp:attachment":[{"href":"https:\/\/temucotelevision.cl\/web\/wp-json\/wp\/v2\/media?parent=11263"}],"wp:term":[{"taxonomy":"category","embeddable":true,"href":"https:\/\/temucotelevision.cl\/web\/wp-json\/wp\/v2\/categories?post=11263"},{"taxonomy":"post_tag","embeddable":true,"href":"https:\/\/temucotelevision.cl\/web\/wp-json\/wp\/v2\/tags?post=11263"}],"curies":[{"name":"wp","href":"https:\/\/api.w.org\/{rel}","templated":true}]}}