{"id":11260,"date":"2020-06-10T21:02:56","date_gmt":"2020-06-11T00:02:56","guid":{"rendered":"https:\/\/temucotelevision.cl\/web\/?p=11260"},"modified":"2020-06-10T21:02:57","modified_gmt":"2020-06-11T00:02:57","slug":"sernameg-da-apoyo-legal-y-sicologico-a-mujeres-victimas-de-violencias-de-alta-gravedad-no-estan-solas","status":"publish","type":"post","link":"https:\/\/temucotelevision.cl\/web\/2020\/06\/10\/sernameg-da-apoyo-legal-y-sicologico-a-mujeres-victimas-de-violencias-de-alta-gravedad-no-estan-solas\/","title":{"rendered":"SernamEG da apoyo legal y sicol\u00f3gico a mujeres v\u00edctimas de violencias de alta gravedad. No est\u00e1n solas"},"content":{"rendered":"<div class=\"pvc_clear\"><\/div><p id=\"pvc_stats_11260\" class=\"pvc_stats total_only  \" data-element-id=\"11260\" style=\"\"><i class=\"pvc-stats-icon large\" aria-hidden=\"true\"><svg aria-hidden=\"true\" focusable=\"false\" data-prefix=\"far\" data-icon=\"chart-bar\" role=\"img\" xmlns=\"http:\/\/www.w3.org\/2000\/svg\" viewBox=\"0 0 512 512\" class=\"svg-inline--fa fa-chart-bar fa-w-16 fa-2x\"><path fill=\"currentColor\" d=\"M396.8 352h22.4c6.4 0 12.8-6.4 12.8-12.8V108.8c0-6.4-6.4-12.8-12.8-12.8h-22.4c-6.4 0-12.8 6.4-12.8 12.8v230.4c0 6.4 6.4 12.8 12.8 12.8zm-192 0h22.4c6.4 0 12.8-6.4 12.8-12.8V140.8c0-6.4-6.4-12.8-12.8-12.8h-22.4c-6.4 0-12.8 6.4-12.8 12.8v198.4c0 6.4 6.4 12.8 12.8 12.8zm96 0h22.4c6.4 0 12.8-6.4 12.8-12.8V204.8c0-6.4-6.4-12.8-12.8-12.8h-22.4c-6.4 0-12.8 6.4-12.8 12.8v134.4c0 6.4 6.4 12.8 12.8 12.8zM496 400H48V80c0-8.84-7.16-16-16-16H16C7.16 64 0 71.16 0 80v336c0 17.67 14.33 32 32 32h464c8.84 0 16-7.16 16-16v-16c0-8.84-7.16-16-16-16zm-387.2-48h22.4c6.4 0 12.8-6.4 12.8-12.8v-70.4c0-6.4-6.4-12.8-12.8-12.8h-22.4c-6.4 0-12.8 6.4-12.8 12.8v70.4c0 6.4 6.4 12.8 12.8 12.8z\" class=\"\"><\/path><\/svg><\/i> <img loading=\"lazy\" decoding=\"async\" width=\"16\" height=\"16\" alt=\"Loading\" src=\"https:\/\/temucotelevision.cl\/web\/wp-content\/plugins\/page-views-count\/ajax-loader-2x.gif\" border=0 \/><\/p><div class=\"pvc_clear\"><\/div>\n<p>El Servicio Nacional de la Mujer y la Equidad de G\u00e9nero, est\u00e1 en contacto con las familias y v\u00edctimas de los casos de connotaci\u00f3n p\u00fablica de violencia extrema que lamentablemente han ocurrido durante estos \u00faltimos d\u00edas en nuestra regi\u00f3n.<\/p>\n\n\n\n<p>Mujeres j\u00f3venes, madres, hija, amigas, trabajadoras, han sido v\u00edctimas de violencia extrema en estos d\u00edas. Hasta perder la vida una de ellas en Victoria a manos de su expareja y padre de sus hijos. Siendo el primer femicidio consumado en lo que va del a\u00f1o en La Araucan\u00eda. En Padre Las Casas, joven mujer que ser\u00e1 madre por primera vez, con cinco meses de embarazo, su esposo y padre del beb\u00e9, la agrede violentamente, alcanza a escapar siendo as\u00ed v\u00edctima del cuarto femicidio frustrado. Y joven voluntaria, bombera de 19 a\u00f1os, es atacada sexualmente al interior de cuartel de Temuco.<\/p>\n\n\n\n<p>En tal sentido el director(s) de SernamEG, Jaime Saldivia Palacios, expres\u00f3 que \u201ctenemos una gran preocupaci\u00f3n a ver violencias de alta gravedad hacia mujeres, tanto desde el punto de vista del derecho a la vida como en su libertad sexual (\u2026) En los tres casos y otros ocurridos con anterioridad nuestro servicio est\u00e1 trabajando arduamente, prestando asesor\u00eda jur\u00eddica y sicol\u00f3gica a las v\u00edctimas y sus familias. Y es as\u00ed como en caso de la agresi\u00f3n sexual hemos interpuesto querella por el delito de violaci\u00f3n, y en el caso de Padre Las Casas hemos coordinado la representaci\u00f3n legal a fin de concretar en los pr\u00f3ximos d\u00edas igual acci\u00f3n judicial y esperamos poder representar a la familia de la comuna de Victoria en igual sentido.&nbsp; Es nuestro mayor esfuerzo el dar asesor\u00eda jur\u00eddica y sicol\u00f3gica a todas las v\u00edctimas y entregarles la confianza de acercarse a nuestro servicio para obtener la mayor sanci\u00f3n penal\u201d.<\/p>\n\n\n\n<p>Por su parte, la seremi Sara Suazo Suazo hizo un llamado a la comunidad frente a la intranquilidad respecto a las violencias hacia las mujeres se\u00f1alando que \u201chacemos un llamado a que denuncien, a que no callen, que no sigan soportando violencias ni econ\u00f3mica, ni sexual ni sicol\u00f3gica. Vamos a seguir trabajando y pidiendo a la comunidad apoyo, que tengamos empat\u00eda y solidaridad de poder visibilizar todas las violencias que est\u00e1n viviendo las mujeres. No est\u00e1n solas\u201d.<\/p>\n\n\n\n<p><\/p>\n","protected":false},"excerpt":{"rendered":"<div class=\"pvc_clear\"><\/div>\n<p id=\"pvc_stats_11260\" class=\"pvc_stats total_only  \" data-element-id=\"11260\" style=\"\"><i class=\"pvc-stats-icon large\" aria-hidden=\"true\"><svg aria-hidden=\"true\" focusable=\"false\" data-prefix=\"far\" data-icon=\"chart-bar\" role=\"img\" xmlns=\"http:\/\/www.w3.org\/2000\/svg\" viewBox=\"0 0 512 512\" class=\"svg-inline--fa fa-chart-bar fa-w-16 fa-2x\"><path fill=\"currentColor\" d=\"M396.8 352h22.4c6.4 0 12.8-6.4 12.8-12.8V108.8c0-6.4-6.4-12.8-12.8-12.8h-22.4c-6.4 0-12.8 6.4-12.8 12.8v230.4c0 6.4 6.4 12.8 12.8 12.8zm-192 0h22.4c6.4 0 12.8-6.4 12.8-12.8V140.8c0-6.4-6.4-12.8-12.8-12.8h-22.4c-6.4 0-12.8 6.4-12.8 12.8v198.4c0 6.4 6.4 12.8 12.8 12.8zm96 0h22.4c6.4 0 12.8-6.4 12.8-12.8V204.8c0-6.4-6.4-12.8-12.8-12.8h-22.4c-6.4 0-12.8 6.4-12.8 12.8v134.4c0 6.4 6.4 12.8 12.8 12.8zM496 400H48V80c0-8.84-7.16-16-16-16H16C7.16 64 0 71.16 0 80v336c0 17.67 14.33 32 32 32h464c8.84 0 16-7.16 16-16v-16c0-8.84-7.16-16-16-16zm-387.2-48h22.4c6.4 0 12.8-6.4 12.8-12.8v-70.4c0-6.4-6.4-12.8-12.8-12.8h-22.4c-6.4 0-12.8 6.4-12.8 12.8v70.4c0 6.4 6.4 12.8 12.8 12.8z\" class=\"\"><\/path><\/svg><\/i> <img loading=\"lazy\" decoding=\"async\" width=\"16\" height=\"16\" alt=\"Loading\" src=\"https:\/\/temucotelevision.cl\/web\/wp-content\/plugins\/page-views-count\/ajax-loader-2x.gif\" border=0 \/><\/p>\n<div class=\"pvc_clear\"><\/div>\n<p>El Servicio Nacional de la Mujer y la Equidad de G\u00e9nero, est\u00e1 en contacto con las familias y v\u00edctimas de<\/p>\n","protected":false},"author":1,"featured_media":11261,"comment_status":"open","ping_status":"open","sticky":false,"template":"","format":"standard","meta":{"colormag_page_container_layout":"default_layout","colormag_page_sidebar_layout":"default_layout","footnotes":""},"categories":[14],"tags":[2592,1237],"class_list":["post-11260","post","type-post","status-publish","format-standard","has-post-thumbnail","hentry","category-temuco","tag-sernameg","tag-violencia"],"a3_pvc":{"activated":true,"total_views":53,"today_views":0},"_links":{"self":[{"href":"https:\/\/temucotelevision.cl\/web\/wp-json\/wp\/v2\/posts\/11260","targetHints":{"allow":["GET"]}}],"collection":[{"href":"https:\/\/temucotelevision.cl\/web\/wp-json\/wp\/v2\/posts"}],"about":[{"href":"https:\/\/temucotelevision.cl\/web\/wp-json\/wp\/v2\/types\/post"}],"author":[{"embeddable":true,"href":"https:\/\/temucotelevision.cl\/web\/wp-json\/wp\/v2\/users\/1"}],"replies":[{"embeddable":true,"href":"https:\/\/temucotelevision.cl\/web\/wp-json\/wp\/v2\/comments?post=11260"}],"version-history":[{"count":1,"href":"https:\/\/temucotelevision.cl\/web\/wp-json\/wp\/v2\/posts\/11260\/revisions"}],"predecessor-version":[{"id":11262,"href":"https:\/\/temucotelevision.cl\/web\/wp-json\/wp\/v2\/posts\/11260\/revisions\/11262"}],"wp:featuredmedia":[{"embeddable":true,"href":"https:\/\/temucotelevision.cl\/web\/wp-json\/wp\/v2\/media\/11261"}],"wp:attachment":[{"href":"https:\/\/temucotelevision.cl\/web\/wp-json\/wp\/v2\/media?parent=11260"}],"wp:term":[{"taxonomy":"category","embeddable":true,"href":"https:\/\/temucotelevision.cl\/web\/wp-json\/wp\/v2\/categories?post=11260"},{"taxonomy":"post_tag","embeddable":true,"href":"https:\/\/temucotelevision.cl\/web\/wp-json\/wp\/v2\/tags?post=11260"}],"curies":[{"name":"wp","href":"https:\/\/api.w.org\/{rel}","templated":true}]}}