{"id":11257,"date":"2020-06-10T20:52:09","date_gmt":"2020-06-10T23:52:09","guid":{"rendered":"https:\/\/temucotelevision.cl\/web\/?p=11257"},"modified":"2020-06-11T13:01:38","modified_gmt":"2020-06-11T16:01:38","slug":"ante-escenario-de-covid-19-aldeas-infantiles-sos-pone-a-disposicion-de-las-autoridades-sanitarias-dos-recintos-en-nuble-y-chiguayante%ef%bb%bf","status":"publish","type":"post","link":"https:\/\/temucotelevision.cl\/web\/2020\/06\/10\/ante-escenario-de-covid-19-aldeas-infantiles-sos-pone-a-disposicion-de-las-autoridades-sanitarias-dos-recintos-en-nuble-y-chiguayante%ef%bb%bf\/","title":{"rendered":"Ante escenario de Covid-19: Aldeas Infantiles SOS pone a disposici\u00f3n de las autoridades sanitarias dos recintos en \u00d1uble y Chiguayante\ufeff"},"content":{"rendered":"<div class=\"pvc_clear\"><\/div><p id=\"pvc_stats_11257\" class=\"pvc_stats total_only  \" data-element-id=\"11257\" style=\"\"><i class=\"pvc-stats-icon large\" aria-hidden=\"true\"><svg aria-hidden=\"true\" focusable=\"false\" data-prefix=\"far\" data-icon=\"chart-bar\" role=\"img\" xmlns=\"http:\/\/www.w3.org\/2000\/svg\" viewBox=\"0 0 512 512\" class=\"svg-inline--fa fa-chart-bar fa-w-16 fa-2x\"><path fill=\"currentColor\" d=\"M396.8 352h22.4c6.4 0 12.8-6.4 12.8-12.8V108.8c0-6.4-6.4-12.8-12.8-12.8h-22.4c-6.4 0-12.8 6.4-12.8 12.8v230.4c0 6.4 6.4 12.8 12.8 12.8zm-192 0h22.4c6.4 0 12.8-6.4 12.8-12.8V140.8c0-6.4-6.4-12.8-12.8-12.8h-22.4c-6.4 0-12.8 6.4-12.8 12.8v198.4c0 6.4 6.4 12.8 12.8 12.8zm96 0h22.4c6.4 0 12.8-6.4 12.8-12.8V204.8c0-6.4-6.4-12.8-12.8-12.8h-22.4c-6.4 0-12.8 6.4-12.8 12.8v134.4c0 6.4 6.4 12.8 12.8 12.8zM496 400H48V80c0-8.84-7.16-16-16-16H16C7.16 64 0 71.16 0 80v336c0 17.67 14.33 32 32 32h464c8.84 0 16-7.16 16-16v-16c0-8.84-7.16-16-16-16zm-387.2-48h22.4c6.4 0 12.8-6.4 12.8-12.8v-70.4c0-6.4-6.4-12.8-12.8-12.8h-22.4c-6.4 0-12.8 6.4-12.8 12.8v70.4c0 6.4 6.4 12.8 12.8 12.8z\" class=\"\"><\/path><\/svg><\/i> <img loading=\"lazy\" decoding=\"async\" width=\"16\" height=\"16\" alt=\"Loading\" src=\"https:\/\/temucotelevision.cl\/web\/wp-content\/plugins\/page-views-count\/ajax-loader-2x.gif\" border=0 \/><\/p><div class=\"pvc_clear\"><\/div>\n<p>Dada la dif\u00edcil situaci\u00f3n que plantea el coronavirus y la necesidad urgente de lugares, tanto para la habilitaci\u00f3n de centros hospitalarios de emergencia o para residencias sanitarias de aislamiento, Aldeas Infantiles SOS Chile puso a disposici\u00f3n dos recintos en lugares estrat\u00e9gicos el cual contiene u total de 90 camas para el tratamiento del Covid-19.<\/p>\n\n\n\n<iframe loading=\"lazy\" width=\"560\" height=\"315\" src=\"https:\/\/www.youtube.com\/embed\/EArenoObkiU\" frameborder=\"0\" allow=\"accelerometer; autoplay; encrypted-media; gyroscope; picture-in-picture\" allowfullscreen><\/iframe>\n\n\n\n<p>Se trata del Centro de Formaci\u00f3n Chiguayante, ubicado en esta localidad, a unos 30 minutos del centro de Concepci\u00f3n, el cual cuenta con m\u00e1s de 14 habitaciones con dos camas cada una, ba\u00f1os individuales y tambi\u00e9n, espacios comunes de cocina, sal\u00f3n de reuniones, \u00e1reas verdes y ba\u00f1os comunes. Y el otro recinto, es la Aldea de Bulnes, ubicada en esta localidad, a 45 minutos de la ciudad de Chill\u00e1n, la cual cuenta con 7 casas de 140 metros cuadrados cada una y con dos ba\u00f1os, m\u00e1s 3 caba\u00f1a. Es decir, un total de 31 habitaciones con dos camas cada una, entendiendo el distanciamiento que debe haber entre las personas y, adem\u00e1s, con amplias \u00e1reas verdes.<\/p>\n\n\n\n<p><em>\u201cEl ofrecimiento ya est\u00e1 hecho a las autoridades, quienes est\u00e1n analizando el mejor uso que le dar\u00e1n a estas 90 camas. Quisimos poner a disposici\u00f3n estos dos espacios, para responder al car\u00e1cter humanitario que tenemos en los distintos pa\u00edses donde estamos y esperamos que m\u00e1s organizaciones como nosotros, y tengan la disponibilidad, se motiven y ofrezcan tambi\u00e9n sus instalaciones para que entre todos superemos esta pandemia, porque hoy m\u00e1s que nunca se requiere del apoyo y colaboraci\u00f3n mutua, entendiendo que entre todos nos cuidamos<\/em>\u201d, se\u00f1al\u00f3 el Director Nacional de Aldeas Infantiles SOS, Carlos Aracena.&nbsp;<\/p>\n\n\n\n<p>Cabe destacar que la iniciativa viene desde Aldeas Infantiles SOS, una organizaci\u00f3n sin fines de lucro, que se dedica al cuidado temporal de m\u00e1s de 441 de ni\u00f1os, ni\u00f1as, adolescentes y j\u00f3venes gravemente vulnerados en sus derechos, los que siguen siendo atendidos por la organizaci\u00f3n y con la cobertura de todas sus necesidades. Por ello, los equipos t\u00e9cnicos los siguen&nbsp;&nbsp;teleacompa\u00f1ando y mediante redes sociales buscan estar presentes tambi\u00e9n en la vida de las familias y ni\u00f1os que participan en sus 5 Programas de Prevenci\u00f3n.&nbsp;<\/p>\n\n\n\n<p>Hay que destacar que la organizaci\u00f3n cuenta con Pol\u00edticas Internacionales de Ayuda Humanitaria y actu\u00f3 bajo esta l\u00ednea para el terremoto de 2010 del 27 de febrero, donde activ\u00f3 proyectos de Fortalecimiento Familiar para el cuidado diario de ni\u00f1os, ni\u00f1as, adolescentes y familias, que se encontraban siniestrados por esta cat\u00e1strofe en la Regi\u00f3n del Biob\u00edo, Nuble y Araucan\u00eda, facilitando espacios de cuidados y alimentaci\u00f3n. Asimismo, cuatro colaboradores viajaron a Hait\u00ed a prestar apoyo profesional para el terremoto de enero de 2010 que azot\u00f3 fuertemente a esta naci\u00f3n.<\/p>\n\n\n\n<p>Aldeas Infantiles SOS Chile continuar\u00e1 manteniendo una estrecha coordinaci\u00f3n con SENAME y el MINSAL depositando todos sus esfuerzos por mantener el bienestar de todos quienes est\u00e1n en sus Programas, y agradece p\u00fablicamente a sus cuidadoras y equipos, quienes se mantienen en cuarentana junto a los ni\u00f1os, ni\u00f1as y adolescentes buscando con compromiso y amor, sortear esta esta compleja situaci\u00f3n que afecta a Chile y al mundo. Porque entre todos nos cuidamos, la organizaci\u00f3n te insta a quedarte en casa y a conocer m\u00e1s sobre su Plan de Contingencia COVID-19 en&nbsp;<a href=\"http:\/\/www.aldeasinfantiles.cl\/\">www.aldeasinfantiles.cl<\/a>.<\/p>\n","protected":false},"excerpt":{"rendered":"<div class=\"pvc_clear\"><\/div>\n<p id=\"pvc_stats_11257\" class=\"pvc_stats total_only  \" data-element-id=\"11257\" style=\"\"><i class=\"pvc-stats-icon large\" aria-hidden=\"true\"><svg aria-hidden=\"true\" focusable=\"false\" data-prefix=\"far\" data-icon=\"chart-bar\" role=\"img\" xmlns=\"http:\/\/www.w3.org\/2000\/svg\" viewBox=\"0 0 512 512\" class=\"svg-inline--fa fa-chart-bar fa-w-16 fa-2x\"><path fill=\"currentColor\" d=\"M396.8 352h22.4c6.4 0 12.8-6.4 12.8-12.8V108.8c0-6.4-6.4-12.8-12.8-12.8h-22.4c-6.4 0-12.8 6.4-12.8 12.8v230.4c0 6.4 6.4 12.8 12.8 12.8zm-192 0h22.4c6.4 0 12.8-6.4 12.8-12.8V140.8c0-6.4-6.4-12.8-12.8-12.8h-22.4c-6.4 0-12.8 6.4-12.8 12.8v198.4c0 6.4 6.4 12.8 12.8 12.8zm96 0h22.4c6.4 0 12.8-6.4 12.8-12.8V204.8c0-6.4-6.4-12.8-12.8-12.8h-22.4c-6.4 0-12.8 6.4-12.8 12.8v134.4c0 6.4 6.4 12.8 12.8 12.8zM496 400H48V80c0-8.84-7.16-16-16-16H16C7.16 64 0 71.16 0 80v336c0 17.67 14.33 32 32 32h464c8.84 0 16-7.16 16-16v-16c0-8.84-7.16-16-16-16zm-387.2-48h22.4c6.4 0 12.8-6.4 12.8-12.8v-70.4c0-6.4-6.4-12.8-12.8-12.8h-22.4c-6.4 0-12.8 6.4-12.8 12.8v70.4c0 6.4 6.4 12.8 12.8 12.8z\" class=\"\"><\/path><\/svg><\/i> <img loading=\"lazy\" decoding=\"async\" width=\"16\" height=\"16\" alt=\"Loading\" src=\"https:\/\/temucotelevision.cl\/web\/wp-content\/plugins\/page-views-count\/ajax-loader-2x.gif\" border=0 \/><\/p>\n<div class=\"pvc_clear\"><\/div>\n<p>Dada la dif\u00edcil situaci\u00f3n que plantea el coronavirus y la necesidad urgente de lugares, tanto para la habilitaci\u00f3n de centros<\/p>\n","protected":false},"author":1,"featured_media":11258,"comment_status":"open","ping_status":"open","sticky":false,"template":"","format":"standard","meta":{"colormag_page_container_layout":"default_layout","colormag_page_sidebar_layout":"default_layout","footnotes":""},"categories":[101],"tags":[2589,2591,2590],"class_list":["post-11257","post","type-post","status-publish","format-standard","has-post-thumbnail","hentry","category-actualidad","tag-aldeas","tag-recintos","tag-sos"],"a3_pvc":{"activated":true,"total_views":364,"today_views":0},"_links":{"self":[{"href":"https:\/\/temucotelevision.cl\/web\/wp-json\/wp\/v2\/posts\/11257","targetHints":{"allow":["GET"]}}],"collection":[{"href":"https:\/\/temucotelevision.cl\/web\/wp-json\/wp\/v2\/posts"}],"about":[{"href":"https:\/\/temucotelevision.cl\/web\/wp-json\/wp\/v2\/types\/post"}],"author":[{"embeddable":true,"href":"https:\/\/temucotelevision.cl\/web\/wp-json\/wp\/v2\/users\/1"}],"replies":[{"embeddable":true,"href":"https:\/\/temucotelevision.cl\/web\/wp-json\/wp\/v2\/comments?post=11257"}],"version-history":[{"count":2,"href":"https:\/\/temucotelevision.cl\/web\/wp-json\/wp\/v2\/posts\/11257\/revisions"}],"predecessor-version":[{"id":11278,"href":"https:\/\/temucotelevision.cl\/web\/wp-json\/wp\/v2\/posts\/11257\/revisions\/11278"}],"wp:featuredmedia":[{"embeddable":true,"href":"https:\/\/temucotelevision.cl\/web\/wp-json\/wp\/v2\/media\/11258"}],"wp:attachment":[{"href":"https:\/\/temucotelevision.cl\/web\/wp-json\/wp\/v2\/media?parent=11257"}],"wp:term":[{"taxonomy":"category","embeddable":true,"href":"https:\/\/temucotelevision.cl\/web\/wp-json\/wp\/v2\/categories?post=11257"},{"taxonomy":"post_tag","embeddable":true,"href":"https:\/\/temucotelevision.cl\/web\/wp-json\/wp\/v2\/tags?post=11257"}],"curies":[{"name":"wp","href":"https:\/\/api.w.org\/{rel}","templated":true}]}}