{"id":11240,"date":"2020-06-10T19:11:27","date_gmt":"2020-06-10T22:11:27","guid":{"rendered":"https:\/\/temucotelevision.cl\/web\/?p=11240"},"modified":"2020-06-10T19:18:31","modified_gmt":"2020-06-10T22:18:31","slug":"hotel-montepiedra-de-temuco-se-suma-como-tercera-residencia-sanitaria-dependiente-del-servicio-de-salud-araucania-sur-%ef%bb%bf","status":"publish","type":"post","link":"https:\/\/temucotelevision.cl\/web\/2020\/06\/10\/hotel-montepiedra-de-temuco-se-suma-como-tercera-residencia-sanitaria-dependiente-del-servicio-de-salud-araucania-sur-%ef%bb%bf\/","title":{"rendered":"Hotel Montepiedra de Temuco se suma como tercera residencia sanitaria dependiente del Servicio de Salud Araucan\u00eda Sur \ufeff"},"content":{"rendered":"<div class=\"pvc_clear\"><\/div><p id=\"pvc_stats_11240\" class=\"pvc_stats total_only  \" data-element-id=\"11240\" style=\"\"><i class=\"pvc-stats-icon large\" aria-hidden=\"true\"><svg aria-hidden=\"true\" focusable=\"false\" data-prefix=\"far\" data-icon=\"chart-bar\" role=\"img\" xmlns=\"http:\/\/www.w3.org\/2000\/svg\" viewBox=\"0 0 512 512\" class=\"svg-inline--fa fa-chart-bar fa-w-16 fa-2x\"><path fill=\"currentColor\" d=\"M396.8 352h22.4c6.4 0 12.8-6.4 12.8-12.8V108.8c0-6.4-6.4-12.8-12.8-12.8h-22.4c-6.4 0-12.8 6.4-12.8 12.8v230.4c0 6.4 6.4 12.8 12.8 12.8zm-192 0h22.4c6.4 0 12.8-6.4 12.8-12.8V140.8c0-6.4-6.4-12.8-12.8-12.8h-22.4c-6.4 0-12.8 6.4-12.8 12.8v198.4c0 6.4 6.4 12.8 12.8 12.8zm96 0h22.4c6.4 0 12.8-6.4 12.8-12.8V204.8c0-6.4-6.4-12.8-12.8-12.8h-22.4c-6.4 0-12.8 6.4-12.8 12.8v134.4c0 6.4 6.4 12.8 12.8 12.8zM496 400H48V80c0-8.84-7.16-16-16-16H16C7.16 64 0 71.16 0 80v336c0 17.67 14.33 32 32 32h464c8.84 0 16-7.16 16-16v-16c0-8.84-7.16-16-16-16zm-387.2-48h22.4c6.4 0 12.8-6.4 12.8-12.8v-70.4c0-6.4-6.4-12.8-12.8-12.8h-22.4c-6.4 0-12.8 6.4-12.8 12.8v70.4c0 6.4 6.4 12.8 12.8 12.8z\" class=\"\"><\/path><\/svg><\/i> <img loading=\"lazy\" decoding=\"async\" width=\"16\" height=\"16\" alt=\"Loading\" src=\"https:\/\/temucotelevision.cl\/web\/wp-content\/plugins\/page-views-count\/ajax-loader-2x.gif\" border=0 \/><\/p><div class=\"pvc_clear\"><\/div>\n<p><strong>La medida busca seguir en la l\u00ednea del control a la propagaci\u00f3n del coronavirus y se eval\u00faa abrir una nueva residencia durante la pr\u00f3xima semana.<\/strong><\/p>\n\n\n\n<p>A partir de este mi\u00e9rcoles 10 de junio y con el personal de salud id\u00f3neo, comenz\u00f3 la apertura de la tercera residencia sanitaria en Temuco, dependiente del Servicio de Salud Araucan\u00eda Sur, con la contrataci\u00f3n del Apart Hotel Montepiedra que dispone de 49 habitaciones, sum\u00e1ndose a los 198 cupos del Hotel Frontera y 60 del Hotel Bayern.<\/p>\n\n\n\n<p>La nueva residencia fue inspeccionada por personal del Servicio de Salud Araucan\u00eda Sur y la coordinadora de las residencias sanitarias, antes de iniciar la operatividad del recinto, para cerciorarse que cumplan las actuales indicaciones sanitarias definidas desde el Ministerio de Salud.<\/p>\n\n\n\n<p>Esta residencia, al igual que las dos habilitadas anteriormente, cuenta con servicio de alimentaci\u00f3n de 4 comidas diarias, servicio de aseo, personal cl\u00ednico contratado para poder hacer seguimiento m\u00e9dico de estas personas, en caso que alguno de ellos se complejizara y para mantenerlos en constante monitoreo, recordando que a las residencias llegan personas con COVID positivo, pero en buenas condiciones de salud, que por diversos motivos no pueden realizar su cuarentena en sus hogares.<\/p>\n\n\n\n<p>Estas residencias son gratuitas y que no hace distinciones respecto del tipo de cobertura de salud que tiene asociada la persona, ya sea FONASA o ISAPRE, siempre y cuando esta cumpla con los requisitos de ingreso.<\/p>\n\n\n\n<p>Esta nueva dependencia cuenta con apoyo de equipos t\u00e9cnicos de salud permanente; compuesto de 1 enfermera y 2 t\u00e9cnicos param\u00e9dicos quienes velar\u00e1n por el estricto cumplimiento de las medidas de protecci\u00f3n de los usuarios, de seguridad y de quienes prestan los servicios de limpieza y alimentaci\u00f3n.<\/p>\n\n\n\n<p>Hay que recordar que los usuarios son clasificados y derivados a esta residencia cumpliendo condiciones de riesgo biopsicosocial; pacientes positivos de Covid-19,&nbsp; pero que no puede mantenerse en su propia residencia; casos sospechosos o probables de covid-19 que no cuenten con condiciones para resguardar la cuarentena indicada en su domicilio, chilenos que se encontraban en otros pa\u00edses y que, al haber ingresado de regreso a Chile, por diversos motivos no tienen posibilidad de llegar a sus hogares, entre otras dispuestas por la autoridad sanitaria y que requieran derivaci\u00f3n a estos lugares.<\/p>\n\n\n\n<p>Todas las personas que hagan uso de estas residencias deben permanecer por un m\u00ednimo de 14 d\u00edas, hasta completar su cuarentena y as\u00ed asegurar el cumplimiento de las medidas de aislamiento social de usuarios que no son graves ni cr\u00edticos.<\/p>\n\n\n\n<div class=\"wp-block-image\"><figure class=\"aligncenter\"><img loading=\"lazy\" decoding=\"async\" width=\"1024\" height=\"683\" src=\"https:\/\/temucotelevision.cl\/web\/wp-content\/uploads\/2020\/06\/hotel-montepiedra-2-1024x683.jpg\" alt=\"\" class=\"wp-image-11245\" srcset=\"https:\/\/temucotelevision.cl\/web\/wp-content\/uploads\/2020\/06\/hotel-montepiedra-2.jpg 1024w, https:\/\/temucotelevision.cl\/web\/wp-content\/uploads\/2020\/06\/hotel-montepiedra-2-768x512.jpg 768w\" sizes=\"auto, (max-width: 1024px) 100vw, 1024px\" \/><\/figure><\/div>\n","protected":false},"excerpt":{"rendered":"<div class=\"pvc_clear\"><\/div>\n<p id=\"pvc_stats_11240\" class=\"pvc_stats total_only  \" data-element-id=\"11240\" style=\"\"><i class=\"pvc-stats-icon large\" aria-hidden=\"true\"><svg aria-hidden=\"true\" focusable=\"false\" data-prefix=\"far\" data-icon=\"chart-bar\" role=\"img\" xmlns=\"http:\/\/www.w3.org\/2000\/svg\" viewBox=\"0 0 512 512\" class=\"svg-inline--fa fa-chart-bar fa-w-16 fa-2x\"><path fill=\"currentColor\" d=\"M396.8 352h22.4c6.4 0 12.8-6.4 12.8-12.8V108.8c0-6.4-6.4-12.8-12.8-12.8h-22.4c-6.4 0-12.8 6.4-12.8 12.8v230.4c0 6.4 6.4 12.8 12.8 12.8zm-192 0h22.4c6.4 0 12.8-6.4 12.8-12.8V140.8c0-6.4-6.4-12.8-12.8-12.8h-22.4c-6.4 0-12.8 6.4-12.8 12.8v198.4c0 6.4 6.4 12.8 12.8 12.8zm96 0h22.4c6.4 0 12.8-6.4 12.8-12.8V204.8c0-6.4-6.4-12.8-12.8-12.8h-22.4c-6.4 0-12.8 6.4-12.8 12.8v134.4c0 6.4 6.4 12.8 12.8 12.8zM496 400H48V80c0-8.84-7.16-16-16-16H16C7.16 64 0 71.16 0 80v336c0 17.67 14.33 32 32 32h464c8.84 0 16-7.16 16-16v-16c0-8.84-7.16-16-16-16zm-387.2-48h22.4c6.4 0 12.8-6.4 12.8-12.8v-70.4c0-6.4-6.4-12.8-12.8-12.8h-22.4c-6.4 0-12.8 6.4-12.8 12.8v70.4c0 6.4 6.4 12.8 12.8 12.8z\" class=\"\"><\/path><\/svg><\/i> <img loading=\"lazy\" decoding=\"async\" width=\"16\" height=\"16\" alt=\"Loading\" src=\"https:\/\/temucotelevision.cl\/web\/wp-content\/plugins\/page-views-count\/ajax-loader-2x.gif\" border=0 \/><\/p>\n<div class=\"pvc_clear\"><\/div>\n<p>La medida busca seguir en la l\u00ednea del control a la propagaci\u00f3n del coronavirus y se eval\u00faa abrir una nueva<\/p>\n","protected":false},"author":1,"featured_media":11241,"comment_status":"open","ping_status":"open","sticky":false,"template":"","format":"standard","meta":{"colormag_page_container_layout":"default_layout","colormag_page_sidebar_layout":"default_layout","footnotes":""},"categories":[15],"tags":[2312],"class_list":["post-11240","post","type-post","status-publish","format-standard","has-post-thumbnail","hentry","category-la-araucania","tag-pandemia"],"a3_pvc":{"activated":true,"total_views":49,"today_views":0},"_links":{"self":[{"href":"https:\/\/temucotelevision.cl\/web\/wp-json\/wp\/v2\/posts\/11240","targetHints":{"allow":["GET"]}}],"collection":[{"href":"https:\/\/temucotelevision.cl\/web\/wp-json\/wp\/v2\/posts"}],"about":[{"href":"https:\/\/temucotelevision.cl\/web\/wp-json\/wp\/v2\/types\/post"}],"author":[{"embeddable":true,"href":"https:\/\/temucotelevision.cl\/web\/wp-json\/wp\/v2\/users\/1"}],"replies":[{"embeddable":true,"href":"https:\/\/temucotelevision.cl\/web\/wp-json\/wp\/v2\/comments?post=11240"}],"version-history":[{"count":3,"href":"https:\/\/temucotelevision.cl\/web\/wp-json\/wp\/v2\/posts\/11240\/revisions"}],"predecessor-version":[{"id":11246,"href":"https:\/\/temucotelevision.cl\/web\/wp-json\/wp\/v2\/posts\/11240\/revisions\/11246"}],"wp:featuredmedia":[{"embeddable":true,"href":"https:\/\/temucotelevision.cl\/web\/wp-json\/wp\/v2\/media\/11241"}],"wp:attachment":[{"href":"https:\/\/temucotelevision.cl\/web\/wp-json\/wp\/v2\/media?parent=11240"}],"wp:term":[{"taxonomy":"category","embeddable":true,"href":"https:\/\/temucotelevision.cl\/web\/wp-json\/wp\/v2\/categories?post=11240"},{"taxonomy":"post_tag","embeddable":true,"href":"https:\/\/temucotelevision.cl\/web\/wp-json\/wp\/v2\/tags?post=11240"}],"curies":[{"name":"wp","href":"https:\/\/api.w.org\/{rel}","templated":true}]}}