{"id":11237,"date":"2020-06-10T15:41:17","date_gmt":"2020-06-10T18:41:17","guid":{"rendered":"https:\/\/temucotelevision.cl\/web\/?p=11237"},"modified":"2020-06-10T15:41:20","modified_gmt":"2020-06-10T18:41:20","slug":"vesta-lugg-presenta-el-contrato-version-clean","status":"publish","type":"post","link":"https:\/\/temucotelevision.cl\/web\/2020\/06\/10\/vesta-lugg-presenta-el-contrato-version-clean\/","title":{"rendered":"Vesta Lugg presenta &#8220;El Contrato&#8221; versi\u00f3n Clean"},"content":{"rendered":"<div class=\"pvc_clear\"><\/div><p id=\"pvc_stats_11237\" class=\"pvc_stats total_only  \" data-element-id=\"11237\" style=\"\"><i class=\"pvc-stats-icon large\" aria-hidden=\"true\"><svg aria-hidden=\"true\" focusable=\"false\" data-prefix=\"far\" data-icon=\"chart-bar\" role=\"img\" xmlns=\"http:\/\/www.w3.org\/2000\/svg\" viewBox=\"0 0 512 512\" class=\"svg-inline--fa fa-chart-bar fa-w-16 fa-2x\"><path fill=\"currentColor\" d=\"M396.8 352h22.4c6.4 0 12.8-6.4 12.8-12.8V108.8c0-6.4-6.4-12.8-12.8-12.8h-22.4c-6.4 0-12.8 6.4-12.8 12.8v230.4c0 6.4 6.4 12.8 12.8 12.8zm-192 0h22.4c6.4 0 12.8-6.4 12.8-12.8V140.8c0-6.4-6.4-12.8-12.8-12.8h-22.4c-6.4 0-12.8 6.4-12.8 12.8v198.4c0 6.4 6.4 12.8 12.8 12.8zm96 0h22.4c6.4 0 12.8-6.4 12.8-12.8V204.8c0-6.4-6.4-12.8-12.8-12.8h-22.4c-6.4 0-12.8 6.4-12.8 12.8v134.4c0 6.4 6.4 12.8 12.8 12.8zM496 400H48V80c0-8.84-7.16-16-16-16H16C7.16 64 0 71.16 0 80v336c0 17.67 14.33 32 32 32h464c8.84 0 16-7.16 16-16v-16c0-8.84-7.16-16-16-16zm-387.2-48h22.4c6.4 0 12.8-6.4 12.8-12.8v-70.4c0-6.4-6.4-12.8-12.8-12.8h-22.4c-6.4 0-12.8 6.4-12.8 12.8v70.4c0 6.4 6.4 12.8 12.8 12.8z\" class=\"\"><\/path><\/svg><\/i> <img loading=\"lazy\" decoding=\"async\" width=\"16\" height=\"16\" alt=\"Loading\" src=\"https:\/\/temucotelevision.cl\/web\/wp-content\/plugins\/page-views-count\/ajax-loader-2x.gif\" border=0 \/><\/p><div class=\"pvc_clear\"><\/div>\n<p><strong>La canci\u00f3n fue presentada a principios de a\u00f1o en su versi\u00f3n expl\u00edcita. Hoy se edita en esta nueva propuesta, m\u00e1s sutil, pero igualmente determinada.<\/strong><\/p>\n\n\n\n<figure><iframe loading=\"lazy\" width=\"560\" height=\"315\" src=\"https:\/\/www.youtube.com\/embed\/Hb1mMSgvScQ\" allowfullscreen=\"\"><\/iframe><\/figure>\n\n\n\n<p>\u201cEl Contrato\u201d es el primer sencillo promocional que la cantante Vesta Lugg present\u00f3 bajo el alero del sello Warner Music Chile, coincidiendo adem\u00e1s con su incorporaci\u00f3n a la familia internacional de Bizarro Live Music.Editada a principio de este a\u00f1o, en su versi\u00f3n expl\u00edcita, la canci\u00f3n vino acompa\u00f1ada de un video que alcanza las 270 mil visualizaciones en su canal oficial de YouTube.<\/p>\n\n\n\n<p>En esta producci\u00f3n musical, la cantante decidi\u00f3 arriesgarse y experimentar con sonidos totalmente diferentes. En palabras de la int\u00e9rprete,\u00a0<em>\u201cquer\u00eda incursionar con algo oscuro, sonidos que se sintieran que los arrastras por el piso. Ten\u00eda algo que decir y no lo pod\u00eda expresar en cualquier contexto\u201d.<\/em>\u00a0<\/p>\n\n\n\n<p>\u201cEl Contrato\u201d es concebido como un espacio para impulsar el empoderamiento y visibilizar los constantes acosos y menosprecios que sufren las mujeres.\u00a0Con m\u00e1s de 12 a\u00f1os de carrera, Vesta Lugg no calla ante las situaciones que enfrenta socialmente por el hecho de ser mujer, pero una versi\u00f3n m\u00e1s impl\u00edcita de su \u00e9xito se hac\u00eda necesaria para sonar en todas las radios del pa\u00eds, sin exclusi\u00f3n. Y este es el resultado.<\/p>\n","protected":false},"excerpt":{"rendered":"<div class=\"pvc_clear\"><\/div>\n<p id=\"pvc_stats_11237\" class=\"pvc_stats total_only  \" data-element-id=\"11237\" style=\"\"><i class=\"pvc-stats-icon large\" aria-hidden=\"true\"><svg aria-hidden=\"true\" focusable=\"false\" data-prefix=\"far\" data-icon=\"chart-bar\" role=\"img\" xmlns=\"http:\/\/www.w3.org\/2000\/svg\" viewBox=\"0 0 512 512\" class=\"svg-inline--fa fa-chart-bar fa-w-16 fa-2x\"><path fill=\"currentColor\" d=\"M396.8 352h22.4c6.4 0 12.8-6.4 12.8-12.8V108.8c0-6.4-6.4-12.8-12.8-12.8h-22.4c-6.4 0-12.8 6.4-12.8 12.8v230.4c0 6.4 6.4 12.8 12.8 12.8zm-192 0h22.4c6.4 0 12.8-6.4 12.8-12.8V140.8c0-6.4-6.4-12.8-12.8-12.8h-22.4c-6.4 0-12.8 6.4-12.8 12.8v198.4c0 6.4 6.4 12.8 12.8 12.8zm96 0h22.4c6.4 0 12.8-6.4 12.8-12.8V204.8c0-6.4-6.4-12.8-12.8-12.8h-22.4c-6.4 0-12.8 6.4-12.8 12.8v134.4c0 6.4 6.4 12.8 12.8 12.8zM496 400H48V80c0-8.84-7.16-16-16-16H16C7.16 64 0 71.16 0 80v336c0 17.67 14.33 32 32 32h464c8.84 0 16-7.16 16-16v-16c0-8.84-7.16-16-16-16zm-387.2-48h22.4c6.4 0 12.8-6.4 12.8-12.8v-70.4c0-6.4-6.4-12.8-12.8-12.8h-22.4c-6.4 0-12.8 6.4-12.8 12.8v70.4c0 6.4 6.4 12.8 12.8 12.8z\" class=\"\"><\/path><\/svg><\/i> <img loading=\"lazy\" decoding=\"async\" width=\"16\" height=\"16\" alt=\"Loading\" src=\"https:\/\/temucotelevision.cl\/web\/wp-content\/plugins\/page-views-count\/ajax-loader-2x.gif\" border=0 \/><\/p>\n<div class=\"pvc_clear\"><\/div>\n<p>La canci\u00f3n fue presentada a principios de a\u00f1o en su versi\u00f3n expl\u00edcita. Hoy se edita en esta nueva propuesta, m\u00e1s<\/p>\n","protected":false},"author":1,"featured_media":11238,"comment_status":"open","ping_status":"open","sticky":false,"template":"","format":"standard","meta":{"colormag_page_container_layout":"default_layout","colormag_page_sidebar_layout":"default_layout","footnotes":""},"categories":[369],"tags":[374,2586],"class_list":["post-11237","post","type-post","status-publish","format-standard","has-post-thumbnail","hentry","category-musica","tag-cancion","tag-vesta-lugg"],"a3_pvc":{"activated":true,"total_views":30,"today_views":0},"_links":{"self":[{"href":"https:\/\/temucotelevision.cl\/web\/wp-json\/wp\/v2\/posts\/11237","targetHints":{"allow":["GET"]}}],"collection":[{"href":"https:\/\/temucotelevision.cl\/web\/wp-json\/wp\/v2\/posts"}],"about":[{"href":"https:\/\/temucotelevision.cl\/web\/wp-json\/wp\/v2\/types\/post"}],"author":[{"embeddable":true,"href":"https:\/\/temucotelevision.cl\/web\/wp-json\/wp\/v2\/users\/1"}],"replies":[{"embeddable":true,"href":"https:\/\/temucotelevision.cl\/web\/wp-json\/wp\/v2\/comments?post=11237"}],"version-history":[{"count":1,"href":"https:\/\/temucotelevision.cl\/web\/wp-json\/wp\/v2\/posts\/11237\/revisions"}],"predecessor-version":[{"id":11239,"href":"https:\/\/temucotelevision.cl\/web\/wp-json\/wp\/v2\/posts\/11237\/revisions\/11239"}],"wp:featuredmedia":[{"embeddable":true,"href":"https:\/\/temucotelevision.cl\/web\/wp-json\/wp\/v2\/media\/11238"}],"wp:attachment":[{"href":"https:\/\/temucotelevision.cl\/web\/wp-json\/wp\/v2\/media?parent=11237"}],"wp:term":[{"taxonomy":"category","embeddable":true,"href":"https:\/\/temucotelevision.cl\/web\/wp-json\/wp\/v2\/categories?post=11237"},{"taxonomy":"post_tag","embeddable":true,"href":"https:\/\/temucotelevision.cl\/web\/wp-json\/wp\/v2\/tags?post=11237"}],"curies":[{"name":"wp","href":"https:\/\/api.w.org\/{rel}","templated":true}]}}