{"id":11228,"date":"2020-06-10T14:11:28","date_gmt":"2020-06-10T17:11:28","guid":{"rendered":"https:\/\/temucotelevision.cl\/web\/?p=11228"},"modified":"2020-06-10T14:12:34","modified_gmt":"2020-06-10T17:12:34","slug":"victoria-seremi-de-la-mujer-y-la-equidad-de-genero-lamenta-femicidio-de-joven-madre","status":"publish","type":"post","link":"https:\/\/temucotelevision.cl\/web\/2020\/06\/10\/victoria-seremi-de-la-mujer-y-la-equidad-de-genero-lamenta-femicidio-de-joven-madre\/","title":{"rendered":"Victoria: Seremi de la Mujer y la Equidad de G\u00e9nero lamenta femicidio de joven madre"},"content":{"rendered":"<div class=\"pvc_clear\"><\/div><p id=\"pvc_stats_11228\" class=\"pvc_stats total_only  \" data-element-id=\"11228\" style=\"\"><i class=\"pvc-stats-icon large\" aria-hidden=\"true\"><svg aria-hidden=\"true\" focusable=\"false\" data-prefix=\"far\" data-icon=\"chart-bar\" role=\"img\" xmlns=\"http:\/\/www.w3.org\/2000\/svg\" viewBox=\"0 0 512 512\" class=\"svg-inline--fa fa-chart-bar fa-w-16 fa-2x\"><path fill=\"currentColor\" d=\"M396.8 352h22.4c6.4 0 12.8-6.4 12.8-12.8V108.8c0-6.4-6.4-12.8-12.8-12.8h-22.4c-6.4 0-12.8 6.4-12.8 12.8v230.4c0 6.4 6.4 12.8 12.8 12.8zm-192 0h22.4c6.4 0 12.8-6.4 12.8-12.8V140.8c0-6.4-6.4-12.8-12.8-12.8h-22.4c-6.4 0-12.8 6.4-12.8 12.8v198.4c0 6.4 6.4 12.8 12.8 12.8zm96 0h22.4c6.4 0 12.8-6.4 12.8-12.8V204.8c0-6.4-6.4-12.8-12.8-12.8h-22.4c-6.4 0-12.8 6.4-12.8 12.8v134.4c0 6.4 6.4 12.8 12.8 12.8zM496 400H48V80c0-8.84-7.16-16-16-16H16C7.16 64 0 71.16 0 80v336c0 17.67 14.33 32 32 32h464c8.84 0 16-7.16 16-16v-16c0-8.84-7.16-16-16-16zm-387.2-48h22.4c6.4 0 12.8-6.4 12.8-12.8v-70.4c0-6.4-6.4-12.8-12.8-12.8h-22.4c-6.4 0-12.8 6.4-12.8 12.8v70.4c0 6.4 6.4 12.8 12.8 12.8z\" class=\"\"><\/path><\/svg><\/i> <img loading=\"lazy\" decoding=\"async\" width=\"16\" height=\"16\" alt=\"Loading\" src=\"https:\/\/temucotelevision.cl\/web\/wp-content\/plugins\/page-views-count\/ajax-loader-2x.gif\" border=0 \/><\/p><div class=\"pvc_clear\"><\/div>\n<p>Polic\u00edas y el Centro de la Mujer de Victoria reportaron un presunto Femicidio consumado en la comuna, donde la v\u00edctima es una joven mujer de 29 a\u00f1os y ser\u00eda la su expareja quien le habr\u00eda dado muerte con arma de fuego.<\/p>\n\n\n\n<p>La seremi de la Mujer y la Equidad de G\u00e9nero Sara Suazo Suazo, lament\u00f3 la p\u00e9rdida de la joven madre se\u00f1alando que \u201cha sido una jornada muy triste. Un agresor le ha arrebatado la vida a una mujer, madre, hija, amiga\u2026estamos coordinados con las polic\u00edas para saber en c\u00f3mo apoyar a la familia de ella\u201d.<\/p>\n\n\n\n<p>Cabe mencionar en este contexto que el Servicio Nacional de la Mujer y la Equidad de G\u00e9nero cuenta con diversos canales de apoyo a las mujeres que est\u00e9n viviendo violencia por parte de sus parejas o exparejas. <\/p>\n\n\n\n<p>El\u00a0<strong>Fono 1455\u00a0entrega orien<\/strong>taci\u00f3n e informaci\u00f3n, funciona las 24 horas, los 365 d\u00edas del a\u00f1o, con cobertura nacional y es gratuito. Chat web 1455 y WhatsappMujer +56997007000 #NoEst\u00e1sSola<\/p>\n\n\n\n<figure class=\"wp-block-image\"><img loading=\"lazy\" decoding=\"async\" width=\"820\" height=\"312\" src=\"https:\/\/temucotelevision.cl\/web\/wp-content\/uploads\/2020\/06\/1455.png\" alt=\"\" class=\"wp-image-11233\" srcset=\"https:\/\/temucotelevision.cl\/web\/wp-content\/uploads\/2020\/06\/1455.png 820w, https:\/\/temucotelevision.cl\/web\/wp-content\/uploads\/2020\/06\/1455-768x292.png 768w\" sizes=\"auto, (max-width: 820px) 100vw, 820px\" \/><\/figure>\n","protected":false},"excerpt":{"rendered":"<div class=\"pvc_clear\"><\/div>\n<p id=\"pvc_stats_11228\" class=\"pvc_stats total_only  \" data-element-id=\"11228\" style=\"\"><i class=\"pvc-stats-icon large\" aria-hidden=\"true\"><svg aria-hidden=\"true\" focusable=\"false\" data-prefix=\"far\" data-icon=\"chart-bar\" role=\"img\" xmlns=\"http:\/\/www.w3.org\/2000\/svg\" viewBox=\"0 0 512 512\" class=\"svg-inline--fa fa-chart-bar fa-w-16 fa-2x\"><path fill=\"currentColor\" d=\"M396.8 352h22.4c6.4 0 12.8-6.4 12.8-12.8V108.8c0-6.4-6.4-12.8-12.8-12.8h-22.4c-6.4 0-12.8 6.4-12.8 12.8v230.4c0 6.4 6.4 12.8 12.8 12.8zm-192 0h22.4c6.4 0 12.8-6.4 12.8-12.8V140.8c0-6.4-6.4-12.8-12.8-12.8h-22.4c-6.4 0-12.8 6.4-12.8 12.8v198.4c0 6.4 6.4 12.8 12.8 12.8zm96 0h22.4c6.4 0 12.8-6.4 12.8-12.8V204.8c0-6.4-6.4-12.8-12.8-12.8h-22.4c-6.4 0-12.8 6.4-12.8 12.8v134.4c0 6.4 6.4 12.8 12.8 12.8zM496 400H48V80c0-8.84-7.16-16-16-16H16C7.16 64 0 71.16 0 80v336c0 17.67 14.33 32 32 32h464c8.84 0 16-7.16 16-16v-16c0-8.84-7.16-16-16-16zm-387.2-48h22.4c6.4 0 12.8-6.4 12.8-12.8v-70.4c0-6.4-6.4-12.8-12.8-12.8h-22.4c-6.4 0-12.8 6.4-12.8 12.8v70.4c0 6.4 6.4 12.8 12.8 12.8z\" class=\"\"><\/path><\/svg><\/i> <img loading=\"lazy\" decoding=\"async\" width=\"16\" height=\"16\" alt=\"Loading\" src=\"https:\/\/temucotelevision.cl\/web\/wp-content\/plugins\/page-views-count\/ajax-loader-2x.gif\" border=0 \/><\/p>\n<div class=\"pvc_clear\"><\/div>\n<p>Polic\u00edas y el Centro de la Mujer de Victoria reportaron un presunto Femicidio consumado en la comuna, donde la v\u00edctima<\/p>\n","protected":false},"author":1,"featured_media":11230,"comment_status":"open","ping_status":"open","sticky":false,"template":"","format":"standard","meta":{"colormag_page_container_layout":"default_layout","colormag_page_sidebar_layout":"default_layout","footnotes":""},"categories":[14],"tags":[1367,232],"class_list":["post-11228","post","type-post","status-publish","format-standard","has-post-thumbnail","hentry","category-temuco","tag-madre","tag-seremi"],"a3_pvc":{"activated":true,"total_views":41,"today_views":0},"_links":{"self":[{"href":"https:\/\/temucotelevision.cl\/web\/wp-json\/wp\/v2\/posts\/11228","targetHints":{"allow":["GET"]}}],"collection":[{"href":"https:\/\/temucotelevision.cl\/web\/wp-json\/wp\/v2\/posts"}],"about":[{"href":"https:\/\/temucotelevision.cl\/web\/wp-json\/wp\/v2\/types\/post"}],"author":[{"embeddable":true,"href":"https:\/\/temucotelevision.cl\/web\/wp-json\/wp\/v2\/users\/1"}],"replies":[{"embeddable":true,"href":"https:\/\/temucotelevision.cl\/web\/wp-json\/wp\/v2\/comments?post=11228"}],"version-history":[{"count":2,"href":"https:\/\/temucotelevision.cl\/web\/wp-json\/wp\/v2\/posts\/11228\/revisions"}],"predecessor-version":[{"id":11234,"href":"https:\/\/temucotelevision.cl\/web\/wp-json\/wp\/v2\/posts\/11228\/revisions\/11234"}],"wp:featuredmedia":[{"embeddable":true,"href":"https:\/\/temucotelevision.cl\/web\/wp-json\/wp\/v2\/media\/11230"}],"wp:attachment":[{"href":"https:\/\/temucotelevision.cl\/web\/wp-json\/wp\/v2\/media?parent=11228"}],"wp:term":[{"taxonomy":"category","embeddable":true,"href":"https:\/\/temucotelevision.cl\/web\/wp-json\/wp\/v2\/categories?post=11228"},{"taxonomy":"post_tag","embeddable":true,"href":"https:\/\/temucotelevision.cl\/web\/wp-json\/wp\/v2\/tags?post=11228"}],"curies":[{"name":"wp","href":"https:\/\/api.w.org\/{rel}","templated":true}]}}