{"id":11222,"date":"2020-06-10T13:48:55","date_gmt":"2020-06-10T16:48:55","guid":{"rendered":"https:\/\/temucotelevision.cl\/web\/?p=11222"},"modified":"2020-06-10T13:50:04","modified_gmt":"2020-06-10T16:50:04","slug":"denise-rosenthal-desvela-historia-que-sera-parte-de-su-proximo-disco-con-nuevo-single-no-olvidar","status":"publish","type":"post","link":"https:\/\/temucotelevision.cl\/web\/2020\/06\/10\/denise-rosenthal-desvela-historia-que-sera-parte-de-su-proximo-disco-con-nuevo-single-no-olvidar\/","title":{"rendered":"Denise Rosenthal desvela historia que ser\u00e1 parte de su pr\u00f3ximo disco con nuevo single: &#8220;No Olvidar&#8221;"},"content":{"rendered":"<div class=\"pvc_clear\"><\/div><p id=\"pvc_stats_11222\" class=\"pvc_stats total_only  \" data-element-id=\"11222\" style=\"\"><i class=\"pvc-stats-icon large\" aria-hidden=\"true\"><svg aria-hidden=\"true\" focusable=\"false\" data-prefix=\"far\" data-icon=\"chart-bar\" role=\"img\" xmlns=\"http:\/\/www.w3.org\/2000\/svg\" viewBox=\"0 0 512 512\" class=\"svg-inline--fa fa-chart-bar fa-w-16 fa-2x\"><path fill=\"currentColor\" d=\"M396.8 352h22.4c6.4 0 12.8-6.4 12.8-12.8V108.8c0-6.4-6.4-12.8-12.8-12.8h-22.4c-6.4 0-12.8 6.4-12.8 12.8v230.4c0 6.4 6.4 12.8 12.8 12.8zm-192 0h22.4c6.4 0 12.8-6.4 12.8-12.8V140.8c0-6.4-6.4-12.8-12.8-12.8h-22.4c-6.4 0-12.8 6.4-12.8 12.8v198.4c0 6.4 6.4 12.8 12.8 12.8zm96 0h22.4c6.4 0 12.8-6.4 12.8-12.8V204.8c0-6.4-6.4-12.8-12.8-12.8h-22.4c-6.4 0-12.8 6.4-12.8 12.8v134.4c0 6.4 6.4 12.8 12.8 12.8zM496 400H48V80c0-8.84-7.16-16-16-16H16C7.16 64 0 71.16 0 80v336c0 17.67 14.33 32 32 32h464c8.84 0 16-7.16 16-16v-16c0-8.84-7.16-16-16-16zm-387.2-48h22.4c6.4 0 12.8-6.4 12.8-12.8v-70.4c0-6.4-6.4-12.8-12.8-12.8h-22.4c-6.4 0-12.8 6.4-12.8 12.8v70.4c0 6.4 6.4 12.8 12.8 12.8z\" class=\"\"><\/path><\/svg><\/i> <img loading=\"lazy\" decoding=\"async\" width=\"16\" height=\"16\" alt=\"Loading\" src=\"https:\/\/temucotelevision.cl\/web\/wp-content\/plugins\/page-views-count\/ajax-loader-2x.gif\" border=0 \/><\/p><div class=\"pvc_clear\"><\/div>\n<p><strong>\ufeffTras editar<a rel=\"noreferrer noopener\" href=\"https:\/\/mailing.beardmen.cl\/t\/d-l-mhityhk-jkziyirn-j\/\" target=\"_blank\">&nbsp;&#8220;Amor de Madre&#8221;<\/a>&nbsp;y mostrar un misterioso avance bajo el nombre de&nbsp;<a rel=\"noreferrer noopener\" href=\"https:\/\/mailing.beardmen.cl\/t\/d-l-mhityhk-jkziyirn-t\/\" target=\"_blank\">&#8220;Solo Hay Una Vida&#8221;<\/a>, la cantautora chilena hoy cierra esta triada de composiciones que hablan de un proceso personal.<\/strong><\/p>\n\n\n\n<p><strong>La artista estar\u00e1 participando el pr\u00f3ximo 10 de junio en el&nbsp;Latin <\/strong><br><strong>Alternative Music Conference (LAMC), que este a\u00f1o se realizar\u00e1 <\/strong><br><strong>online.<\/strong><\/p>\n\n\n\n<iframe loading=\"lazy\" width=\"560\" height=\"315\" src=\"https:\/\/www.youtube.com\/embed\/hyTELlSkv0c\" frameborder=\"0\" allow=\"accelerometer; autoplay; encrypted-media; gyroscope; picture-in-picture\" allowfullscreen=\"\"><\/iframe>\n\n\n\n<p>El pr\u00f3ximo \u00e1lbum de la cantante, compositora y m\u00fasico&nbsp;<strong>Denise Rosenthal<\/strong>, sigue entregando nuevas pistas. Hoy completa una de las historias que viene en esta placa, que comienza con el exitoso y ya estrenado single&nbsp;<strong>\u201cAmor de Madre\u201d<\/strong>, el misterioso avance que realiz\u00f3 hace unos d\u00edas bajo el nombre de&nbsp;<strong>\u201cSolo Hay Una Vida\u201d<\/strong>, y la nueva canci\u00f3n&nbsp;<strong>\u201cNo olvidar\u201d.<\/strong><\/p>\n\n\n\n<p>Esta triada de composiciones seg\u00fan las propias palabras de la artista, se unen porque quizo compartir ciertos procesos personales que se entrelazan. Partiendo desde la conexi\u00f3n primaria con la madre, pasando por una atm\u00f3sfera m\u00e1s oscura, y culminando con un estado mucho m\u00e1s positivo y objetivo.<\/p>\n\n\n\n<p><em>\u201c<strong>No Olvidar<\/strong>&nbsp;la definir\u00eda como una canci\u00f3n de esta triada que cierra un proceso, que viene a brindar una contenci\u00f3n a toda una serie de crisis, diciendo \u00b4ok, viv\u00ed esto, pero no te olvides de lo que pas\u00f3\u00b4.&nbsp;Viene a reforzar el autoestima, el resistir y sobrevivir, abrazar las cosas buenas y malas\u201d<\/em>.<em>\u201cSiento que estos temas muestran una parte de m\u00ed muy \u00edntima, que no hab\u00eda tocado antes. Anticipan el diverso universo que tendr\u00e1 el disco, que ser\u00e1 para todos los gustos y eso me tiene muy entusiasmada\u201d<\/em>.<\/p>\n\n\n\n<p>Por otro lado,<strong>&nbsp;Denise<\/strong><strong>estar\u00e1 participando de la nueva edici\u00f3n del&nbsp;Latin Alternative Music Conference (LAMC)<\/strong>, con un showcase el mi\u00e9rcoles 10 de junio. Este a\u00f1o el evento se realizar\u00e1 online y gratuito, dadas las circustancias actuales por la propagaci\u00f3n del virus Covid-19.<\/p>\n","protected":false},"excerpt":{"rendered":"<div class=\"pvc_clear\"><\/div>\n<p id=\"pvc_stats_11222\" class=\"pvc_stats total_only  \" data-element-id=\"11222\" style=\"\"><i class=\"pvc-stats-icon large\" aria-hidden=\"true\"><svg aria-hidden=\"true\" focusable=\"false\" data-prefix=\"far\" data-icon=\"chart-bar\" role=\"img\" xmlns=\"http:\/\/www.w3.org\/2000\/svg\" viewBox=\"0 0 512 512\" class=\"svg-inline--fa fa-chart-bar fa-w-16 fa-2x\"><path fill=\"currentColor\" d=\"M396.8 352h22.4c6.4 0 12.8-6.4 12.8-12.8V108.8c0-6.4-6.4-12.8-12.8-12.8h-22.4c-6.4 0-12.8 6.4-12.8 12.8v230.4c0 6.4 6.4 12.8 12.8 12.8zm-192 0h22.4c6.4 0 12.8-6.4 12.8-12.8V140.8c0-6.4-6.4-12.8-12.8-12.8h-22.4c-6.4 0-12.8 6.4-12.8 12.8v198.4c0 6.4 6.4 12.8 12.8 12.8zm96 0h22.4c6.4 0 12.8-6.4 12.8-12.8V204.8c0-6.4-6.4-12.8-12.8-12.8h-22.4c-6.4 0-12.8 6.4-12.8 12.8v134.4c0 6.4 6.4 12.8 12.8 12.8zM496 400H48V80c0-8.84-7.16-16-16-16H16C7.16 64 0 71.16 0 80v336c0 17.67 14.33 32 32 32h464c8.84 0 16-7.16 16-16v-16c0-8.84-7.16-16-16-16zm-387.2-48h22.4c6.4 0 12.8-6.4 12.8-12.8v-70.4c0-6.4-6.4-12.8-12.8-12.8h-22.4c-6.4 0-12.8 6.4-12.8 12.8v70.4c0 6.4 6.4 12.8 12.8 12.8z\" class=\"\"><\/path><\/svg><\/i> <img loading=\"lazy\" decoding=\"async\" width=\"16\" height=\"16\" alt=\"Loading\" src=\"https:\/\/temucotelevision.cl\/web\/wp-content\/plugins\/page-views-count\/ajax-loader-2x.gif\" border=0 \/><\/p>\n<div class=\"pvc_clear\"><\/div>\n<p>\ufeffTras editar&nbsp;&#8220;Amor de Madre&#8221;&nbsp;y mostrar un misterioso avance bajo el nombre de&nbsp;&#8220;Solo Hay Una Vida&#8221;, la cantautora chilena hoy cierra<\/p>\n","protected":false},"author":1,"featured_media":11223,"comment_status":"open","ping_status":"open","sticky":false,"template":"","format":"standard","meta":{"colormag_page_container_layout":"default_layout","colormag_page_sidebar_layout":"default_layout","footnotes":""},"categories":[369],"tags":[900,1487],"class_list":["post-11222","post","type-post","status-publish","format-standard","has-post-thumbnail","hentry","category-musica","tag-disco","tag-historia"],"a3_pvc":{"activated":true,"total_views":20,"today_views":0},"_links":{"self":[{"href":"https:\/\/temucotelevision.cl\/web\/wp-json\/wp\/v2\/posts\/11222","targetHints":{"allow":["GET"]}}],"collection":[{"href":"https:\/\/temucotelevision.cl\/web\/wp-json\/wp\/v2\/posts"}],"about":[{"href":"https:\/\/temucotelevision.cl\/web\/wp-json\/wp\/v2\/types\/post"}],"author":[{"embeddable":true,"href":"https:\/\/temucotelevision.cl\/web\/wp-json\/wp\/v2\/users\/1"}],"replies":[{"embeddable":true,"href":"https:\/\/temucotelevision.cl\/web\/wp-json\/wp\/v2\/comments?post=11222"}],"version-history":[{"count":3,"href":"https:\/\/temucotelevision.cl\/web\/wp-json\/wp\/v2\/posts\/11222\/revisions"}],"predecessor-version":[{"id":11227,"href":"https:\/\/temucotelevision.cl\/web\/wp-json\/wp\/v2\/posts\/11222\/revisions\/11227"}],"wp:featuredmedia":[{"embeddable":true,"href":"https:\/\/temucotelevision.cl\/web\/wp-json\/wp\/v2\/media\/11223"}],"wp:attachment":[{"href":"https:\/\/temucotelevision.cl\/web\/wp-json\/wp\/v2\/media?parent=11222"}],"wp:term":[{"taxonomy":"category","embeddable":true,"href":"https:\/\/temucotelevision.cl\/web\/wp-json\/wp\/v2\/categories?post=11222"},{"taxonomy":"post_tag","embeddable":true,"href":"https:\/\/temucotelevision.cl\/web\/wp-json\/wp\/v2\/tags?post=11222"}],"curies":[{"name":"wp","href":"https:\/\/api.w.org\/{rel}","templated":true}]}}