{"id":11219,"date":"2020-06-10T12:06:27","date_gmt":"2020-06-10T15:06:27","guid":{"rendered":"https:\/\/temucotelevision.cl\/web\/?p=11219"},"modified":"2020-06-10T12:06:28","modified_gmt":"2020-06-10T15:06:28","slug":"renaico-nuevo-furgon-mejorara-condiciones-de-traslado-de-pacientes-que-se-dializan","status":"publish","type":"post","link":"https:\/\/temucotelevision.cl\/web\/2020\/06\/10\/renaico-nuevo-furgon-mejorara-condiciones-de-traslado-de-pacientes-que-se-dializan\/","title":{"rendered":"Renaico: Nuevo furg\u00f3n mejorar\u00e1 condiciones de traslado de pacientes que se dializan"},"content":{"rendered":"<div class=\"pvc_clear\"><\/div><p id=\"pvc_stats_11219\" class=\"pvc_stats total_only  \" data-element-id=\"11219\" style=\"\"><i class=\"pvc-stats-icon large\" aria-hidden=\"true\"><svg aria-hidden=\"true\" focusable=\"false\" data-prefix=\"far\" data-icon=\"chart-bar\" role=\"img\" xmlns=\"http:\/\/www.w3.org\/2000\/svg\" viewBox=\"0 0 512 512\" class=\"svg-inline--fa fa-chart-bar fa-w-16 fa-2x\"><path fill=\"currentColor\" d=\"M396.8 352h22.4c6.4 0 12.8-6.4 12.8-12.8V108.8c0-6.4-6.4-12.8-12.8-12.8h-22.4c-6.4 0-12.8 6.4-12.8 12.8v230.4c0 6.4 6.4 12.8 12.8 12.8zm-192 0h22.4c6.4 0 12.8-6.4 12.8-12.8V140.8c0-6.4-6.4-12.8-12.8-12.8h-22.4c-6.4 0-12.8 6.4-12.8 12.8v198.4c0 6.4 6.4 12.8 12.8 12.8zm96 0h22.4c6.4 0 12.8-6.4 12.8-12.8V204.8c0-6.4-6.4-12.8-12.8-12.8h-22.4c-6.4 0-12.8 6.4-12.8 12.8v134.4c0 6.4 6.4 12.8 12.8 12.8zM496 400H48V80c0-8.84-7.16-16-16-16H16C7.16 64 0 71.16 0 80v336c0 17.67 14.33 32 32 32h464c8.84 0 16-7.16 16-16v-16c0-8.84-7.16-16-16-16zm-387.2-48h22.4c6.4 0 12.8-6.4 12.8-12.8v-70.4c0-6.4-6.4-12.8-12.8-12.8h-22.4c-6.4 0-12.8 6.4-12.8 12.8v70.4c0 6.4 6.4 12.8 12.8 12.8z\" class=\"\"><\/path><\/svg><\/i> <img loading=\"lazy\" decoding=\"async\" width=\"16\" height=\"16\" alt=\"Loading\" src=\"https:\/\/temucotelevision.cl\/web\/wp-content\/plugins\/page-views-count\/ajax-loader-2x.gif\" border=0 \/><\/p><div class=\"pvc_clear\"><\/div>\n<p>Tres veces por semana y durante unas cuatro horas diarias, vecinos (as) de la comuna que padecen insuficiencia renal cr\u00f3nica, deben trasladarse hasta la capital provincial para someterse a sus tratamientos de di\u00e1lisis.<\/p>\n\n\n\n<p>Dada la contingencia a causa del Covid-19, dicho procedimiento que inicia a eso de las 5:00 am cuando funcionarios de la salud acuden hasta los domicilios en b\u00fasqueda del usuario, ya no puede desarrollarse de la manera habitual al igual que muchas otras prestaciones que brinda el Cesfam y el Cecosf.&nbsp;<\/p>\n\n\n\n<p>Es as\u00ed como para garantizar las condiciones de traslado de dichos pacientes, un nuevo furg\u00f3n viene a reforzar el trabajo en salud, as\u00ed lo dio a conocer el alcalde Juan Carlos Reinao Marilao: \u201csabemos que estamos frente a un escenario poco habitual, sin embargo, seguimos al pie del ca\u00f1\u00f3n con nuestros equipos para adoptar medidas que vayan en beneficio de los renaiquinos (as). Es por eso que esta pandemia nos obliga a tener veh\u00edculos con mayores espacios, que permitan cumplir con las indicaciones emanadas desde la autoridad sanitaria a fin de resguardar tanto a los usuarios como tambi\u00e9n al personal de salud\u201d.&nbsp;<\/p>\n\n\n\n<p>Precisar que el minib\u00fas multiprop\u00f3sito gestionado por medio de un AGL, tambi\u00e9n auxiliar\u00e1 otros servicios, prestando apoyo en las diversas tareas para llegar -de manera m\u00e1s oportuna- a cada sector.&nbsp;<\/p>\n","protected":false},"excerpt":{"rendered":"<div class=\"pvc_clear\"><\/div>\n<p id=\"pvc_stats_11219\" class=\"pvc_stats total_only  \" data-element-id=\"11219\" style=\"\"><i class=\"pvc-stats-icon large\" aria-hidden=\"true\"><svg aria-hidden=\"true\" focusable=\"false\" data-prefix=\"far\" data-icon=\"chart-bar\" role=\"img\" xmlns=\"http:\/\/www.w3.org\/2000\/svg\" viewBox=\"0 0 512 512\" class=\"svg-inline--fa fa-chart-bar fa-w-16 fa-2x\"><path fill=\"currentColor\" d=\"M396.8 352h22.4c6.4 0 12.8-6.4 12.8-12.8V108.8c0-6.4-6.4-12.8-12.8-12.8h-22.4c-6.4 0-12.8 6.4-12.8 12.8v230.4c0 6.4 6.4 12.8 12.8 12.8zm-192 0h22.4c6.4 0 12.8-6.4 12.8-12.8V140.8c0-6.4-6.4-12.8-12.8-12.8h-22.4c-6.4 0-12.8 6.4-12.8 12.8v198.4c0 6.4 6.4 12.8 12.8 12.8zm96 0h22.4c6.4 0 12.8-6.4 12.8-12.8V204.8c0-6.4-6.4-12.8-12.8-12.8h-22.4c-6.4 0-12.8 6.4-12.8 12.8v134.4c0 6.4 6.4 12.8 12.8 12.8zM496 400H48V80c0-8.84-7.16-16-16-16H16C7.16 64 0 71.16 0 80v336c0 17.67 14.33 32 32 32h464c8.84 0 16-7.16 16-16v-16c0-8.84-7.16-16-16-16zm-387.2-48h22.4c6.4 0 12.8-6.4 12.8-12.8v-70.4c0-6.4-6.4-12.8-12.8-12.8h-22.4c-6.4 0-12.8 6.4-12.8 12.8v70.4c0 6.4 6.4 12.8 12.8 12.8z\" class=\"\"><\/path><\/svg><\/i> <img loading=\"lazy\" decoding=\"async\" width=\"16\" height=\"16\" alt=\"Loading\" src=\"https:\/\/temucotelevision.cl\/web\/wp-content\/plugins\/page-views-count\/ajax-loader-2x.gif\" border=0 \/><\/p>\n<div class=\"pvc_clear\"><\/div>\n<p>Tres veces por semana y durante unas cuatro horas diarias, vecinos (as) de la comuna que padecen insuficiencia renal cr\u00f3nica,<\/p>\n","protected":false},"author":1,"featured_media":11220,"comment_status":"open","ping_status":"open","sticky":false,"template":"","format":"standard","meta":{"colormag_page_container_layout":"default_layout","colormag_page_sidebar_layout":"default_layout","footnotes":""},"categories":[15],"tags":[1070],"class_list":["post-11219","post","type-post","status-publish","format-standard","has-post-thumbnail","hentry","category-la-araucania","tag-pacientes"],"a3_pvc":{"activated":true,"total_views":115,"today_views":0},"_links":{"self":[{"href":"https:\/\/temucotelevision.cl\/web\/wp-json\/wp\/v2\/posts\/11219","targetHints":{"allow":["GET"]}}],"collection":[{"href":"https:\/\/temucotelevision.cl\/web\/wp-json\/wp\/v2\/posts"}],"about":[{"href":"https:\/\/temucotelevision.cl\/web\/wp-json\/wp\/v2\/types\/post"}],"author":[{"embeddable":true,"href":"https:\/\/temucotelevision.cl\/web\/wp-json\/wp\/v2\/users\/1"}],"replies":[{"embeddable":true,"href":"https:\/\/temucotelevision.cl\/web\/wp-json\/wp\/v2\/comments?post=11219"}],"version-history":[{"count":1,"href":"https:\/\/temucotelevision.cl\/web\/wp-json\/wp\/v2\/posts\/11219\/revisions"}],"predecessor-version":[{"id":11221,"href":"https:\/\/temucotelevision.cl\/web\/wp-json\/wp\/v2\/posts\/11219\/revisions\/11221"}],"wp:featuredmedia":[{"embeddable":true,"href":"https:\/\/temucotelevision.cl\/web\/wp-json\/wp\/v2\/media\/11220"}],"wp:attachment":[{"href":"https:\/\/temucotelevision.cl\/web\/wp-json\/wp\/v2\/media?parent=11219"}],"wp:term":[{"taxonomy":"category","embeddable":true,"href":"https:\/\/temucotelevision.cl\/web\/wp-json\/wp\/v2\/categories?post=11219"},{"taxonomy":"post_tag","embeddable":true,"href":"https:\/\/temucotelevision.cl\/web\/wp-json\/wp\/v2\/tags?post=11219"}],"curies":[{"name":"wp","href":"https:\/\/api.w.org\/{rel}","templated":true}]}}