{"id":11212,"date":"2020-06-10T01:03:40","date_gmt":"2020-06-10T04:03:40","guid":{"rendered":"https:\/\/temucotelevision.cl\/web\/?p=11212"},"modified":"2020-06-10T01:03:42","modified_gmt":"2020-06-10T04:03:42","slug":"gobierno-habilita-primera-residencia-sanitaria-en-la-provincia-de-malleco","status":"publish","type":"post","link":"https:\/\/temucotelevision.cl\/web\/2020\/06\/10\/gobierno-habilita-primera-residencia-sanitaria-en-la-provincia-de-malleco\/","title":{"rendered":"Gobierno habilita Primera Residencia Sanitaria en la Provincia de Malleco"},"content":{"rendered":"<div class=\"pvc_clear\"><\/div><p id=\"pvc_stats_11212\" class=\"pvc_stats total_only  \" data-element-id=\"11212\" style=\"\"><i class=\"pvc-stats-icon large\" aria-hidden=\"true\"><svg aria-hidden=\"true\" focusable=\"false\" data-prefix=\"far\" data-icon=\"chart-bar\" role=\"img\" xmlns=\"http:\/\/www.w3.org\/2000\/svg\" viewBox=\"0 0 512 512\" class=\"svg-inline--fa fa-chart-bar fa-w-16 fa-2x\"><path fill=\"currentColor\" d=\"M396.8 352h22.4c6.4 0 12.8-6.4 12.8-12.8V108.8c0-6.4-6.4-12.8-12.8-12.8h-22.4c-6.4 0-12.8 6.4-12.8 12.8v230.4c0 6.4 6.4 12.8 12.8 12.8zm-192 0h22.4c6.4 0 12.8-6.4 12.8-12.8V140.8c0-6.4-6.4-12.8-12.8-12.8h-22.4c-6.4 0-12.8 6.4-12.8 12.8v198.4c0 6.4 6.4 12.8 12.8 12.8zm96 0h22.4c6.4 0 12.8-6.4 12.8-12.8V204.8c0-6.4-6.4-12.8-12.8-12.8h-22.4c-6.4 0-12.8 6.4-12.8 12.8v134.4c0 6.4 6.4 12.8 12.8 12.8zM496 400H48V80c0-8.84-7.16-16-16-16H16C7.16 64 0 71.16 0 80v336c0 17.67 14.33 32 32 32h464c8.84 0 16-7.16 16-16v-16c0-8.84-7.16-16-16-16zm-387.2-48h22.4c6.4 0 12.8-6.4 12.8-12.8v-70.4c0-6.4-6.4-12.8-12.8-12.8h-22.4c-6.4 0-12.8 6.4-12.8 12.8v70.4c0 6.4 6.4 12.8 12.8 12.8z\" class=\"\"><\/path><\/svg><\/i> <img loading=\"lazy\" decoding=\"async\" width=\"16\" height=\"16\" alt=\"Loading\" src=\"https:\/\/temucotelevision.cl\/web\/wp-content\/plugins\/page-views-count\/ajax-loader-2x.gif\" border=0 \/><\/p><div class=\"pvc_clear\"><\/div>\n<p><strong>Angol.-<\/strong>&nbsp;En el marco del plan impulsado por el Ministerio de Salud de Residencias Sanitarias, cuya finalidad es aislar a aquellas personas que sean COVID+ o contactos estrechos que por sus propios medios no cuenten con las condiciones necesarias para cumplir con este aislamiento, se habilit\u00f3 el Hotel Millaray de Angol, como la primera Residencia Sanitaria de la Provincia de Malleco<\/p>\n\n\n\n<p>Estos recintos son lugares habilitados para &nbsp;personas autovalentes y que no requieren hospitalizaci\u00f3n, pero que no cuentan con las condiciones necesarias para hacer una cuarentena efectiva en su domicilio y con ello asegurar el aislamiento para proteger a otros residentes del hogar y evitar el contagio de personas sanas y de grupos vulnerables, como los adultos mayores y enfermos cr\u00f3nicos.<\/p>\n\n\n\n<p>El nuevo recinto sanitario cuenta con 11 habitaciones implementadas para recibir a 16 personas. No se descarta una segunda residencia sanitaria, si las condiciones as\u00ed lo requieran, se\u00f1al\u00f3 el Gobernador de Malleco, Juan Carlos Beltr\u00e1n.<\/p>\n\n\n\n<p>\u201cquiero destacar la voluntad que ha tenido el Director del SSAN, en acoger la petici\u00f3n de este Gobernador, representando a dirigentes y autoridades Comunales de la Provincia de Malleco, que&nbsp;&nbsp;me hab\u00edan plateado este requerimiento para considerar la comuna de Angol y tambi\u00e9n la comuna de Victoria, por lo tanto hoy estamos muy contentos porque es la manera como estamos haciendo eco de lo se\u00f1alado por el Presidente, Sebastian Pi\u00f1era, en el sentido de adecuar algunos lugares en donde las personas puedan esperar y cumplir su cuarentena, con todas las medidas sanitarias necesarias\u201d<\/p>\n\n\n\n<p>Cabe se\u00f1alar que todas las personas que hagan uso de estas dependencias deben permanecer por un m\u00ednimo de 14 d\u00edas, hasta completar su cuarentena y as\u00ed asegurar el cumplimiento de las medidas de aislamiento social de usuarios que no son graves ni cr\u00edticos.<\/p>\n\n\n\n<p>Por su parte del Director(s) del Servicio de Salud, Alejandro Manr\u00edquez coment\u00f3 \u201c es importante destacar que esta residencia tiene una capacidad de 11 habitaciones y al contar algunas con dos camas son un total de 16 personas que pueden ser albergadas en esta residencia sanitaria. Esta residencia cuenta con 4 t\u00e9cnicos de nivel superior de enfermer\u00eda, quienes van a trabajar en sistema de cuarto turno y tambi\u00e9n con un profesional de enfermer\u00eda que va a estar en horario diurno, quiero destacar que todas estas acciones fueron coordinadas de manera previa con el Gobernador Provincial de Malleco, Juan Carlos Beltr\u00e1n quien ha mostrado la mayor cooperaci\u00f3n para el \u00e9xito y funcionamiento de esta residencia como tambi\u00e9n hemos estado trabajando en conjunto para habilitar una segunda residencia tanto en Angol como una primera en la comuna de Victoria\u201d<\/p>\n\n\n\n<p>Dentro del dise\u00f1o de este plan, y con el fin de apoyar a uno de los rubros afectados econ\u00f3micamente por esta pandemia, se incorpor\u00f3 la colaboraci\u00f3n de transportes escolares con el objetivo de trasladar a los pacientes desde sus domicilios a las residencias.<\/p>\n\n\n\n<p>Est\u00e1n destinadas para el aislamiento temporal de las personas con COVID-19 que tienen una enfermedad leve o muy leve que no tienen donde realizar una cuarentena efectiva debido a que viven en espacios reducidos y pueden poner en riesgo a su entorno social y familiar.<\/p>\n\n\n\n<p>Finalmente al ser consultado por la posibilidad de una segunda Residencia Sanitara, la primera autoridad Provincia se\u00f1alo que \u201cse est\u00e1 estudiando la posibilidad de una segunda residencia, estamos abordando y tomando todas las medidas para brindar el resguardo y atenci\u00f3n de quienes no pueden hacer cuarentena en sus hogares(\u2026) particularmente queremos abordar de manera seria y responsable una Residencia Sanitaria para la comuna de Victoria, el cual ser\u00eda el lugar c\u00e9ntrico para comunas como Lonquimay, Curacaut\u00edn, Traiguen entre otras\u201d, concluy\u00f3<\/p>\n","protected":false},"excerpt":{"rendered":"<div class=\"pvc_clear\"><\/div>\n<p id=\"pvc_stats_11212\" class=\"pvc_stats total_only  \" data-element-id=\"11212\" style=\"\"><i class=\"pvc-stats-icon large\" aria-hidden=\"true\"><svg aria-hidden=\"true\" focusable=\"false\" data-prefix=\"far\" data-icon=\"chart-bar\" role=\"img\" xmlns=\"http:\/\/www.w3.org\/2000\/svg\" viewBox=\"0 0 512 512\" class=\"svg-inline--fa fa-chart-bar fa-w-16 fa-2x\"><path fill=\"currentColor\" d=\"M396.8 352h22.4c6.4 0 12.8-6.4 12.8-12.8V108.8c0-6.4-6.4-12.8-12.8-12.8h-22.4c-6.4 0-12.8 6.4-12.8 12.8v230.4c0 6.4 6.4 12.8 12.8 12.8zm-192 0h22.4c6.4 0 12.8-6.4 12.8-12.8V140.8c0-6.4-6.4-12.8-12.8-12.8h-22.4c-6.4 0-12.8 6.4-12.8 12.8v198.4c0 6.4 6.4 12.8 12.8 12.8zm96 0h22.4c6.4 0 12.8-6.4 12.8-12.8V204.8c0-6.4-6.4-12.8-12.8-12.8h-22.4c-6.4 0-12.8 6.4-12.8 12.8v134.4c0 6.4 6.4 12.8 12.8 12.8zM496 400H48V80c0-8.84-7.16-16-16-16H16C7.16 64 0 71.16 0 80v336c0 17.67 14.33 32 32 32h464c8.84 0 16-7.16 16-16v-16c0-8.84-7.16-16-16-16zm-387.2-48h22.4c6.4 0 12.8-6.4 12.8-12.8v-70.4c0-6.4-6.4-12.8-12.8-12.8h-22.4c-6.4 0-12.8 6.4-12.8 12.8v70.4c0 6.4 6.4 12.8 12.8 12.8z\" class=\"\"><\/path><\/svg><\/i> <img loading=\"lazy\" decoding=\"async\" width=\"16\" height=\"16\" alt=\"Loading\" src=\"https:\/\/temucotelevision.cl\/web\/wp-content\/plugins\/page-views-count\/ajax-loader-2x.gif\" border=0 \/><\/p>\n<div class=\"pvc_clear\"><\/div>\n<p>Angol.-&nbsp;En el marco del plan impulsado por el Ministerio de Salud de Residencias Sanitarias, cuya finalidad es aislar a aquellas<\/p>\n","protected":false},"author":1,"featured_media":11213,"comment_status":"open","ping_status":"open","sticky":false,"template":"","format":"standard","meta":{"colormag_page_container_layout":"default_layout","colormag_page_sidebar_layout":"default_layout","footnotes":""},"categories":[101],"tags":[849],"class_list":["post-11212","post","type-post","status-publish","format-standard","has-post-thumbnail","hentry","category-actualidad","tag-residencia"],"a3_pvc":{"activated":true,"total_views":38,"today_views":0},"_links":{"self":[{"href":"https:\/\/temucotelevision.cl\/web\/wp-json\/wp\/v2\/posts\/11212","targetHints":{"allow":["GET"]}}],"collection":[{"href":"https:\/\/temucotelevision.cl\/web\/wp-json\/wp\/v2\/posts"}],"about":[{"href":"https:\/\/temucotelevision.cl\/web\/wp-json\/wp\/v2\/types\/post"}],"author":[{"embeddable":true,"href":"https:\/\/temucotelevision.cl\/web\/wp-json\/wp\/v2\/users\/1"}],"replies":[{"embeddable":true,"href":"https:\/\/temucotelevision.cl\/web\/wp-json\/wp\/v2\/comments?post=11212"}],"version-history":[{"count":1,"href":"https:\/\/temucotelevision.cl\/web\/wp-json\/wp\/v2\/posts\/11212\/revisions"}],"predecessor-version":[{"id":11214,"href":"https:\/\/temucotelevision.cl\/web\/wp-json\/wp\/v2\/posts\/11212\/revisions\/11214"}],"wp:featuredmedia":[{"embeddable":true,"href":"https:\/\/temucotelevision.cl\/web\/wp-json\/wp\/v2\/media\/11213"}],"wp:attachment":[{"href":"https:\/\/temucotelevision.cl\/web\/wp-json\/wp\/v2\/media?parent=11212"}],"wp:term":[{"taxonomy":"category","embeddable":true,"href":"https:\/\/temucotelevision.cl\/web\/wp-json\/wp\/v2\/categories?post=11212"},{"taxonomy":"post_tag","embeddable":true,"href":"https:\/\/temucotelevision.cl\/web\/wp-json\/wp\/v2\/tags?post=11212"}],"curies":[{"name":"wp","href":"https:\/\/api.w.org\/{rel}","templated":true}]}}