{"id":11209,"date":"2020-06-10T00:44:28","date_gmt":"2020-06-10T03:44:28","guid":{"rendered":"https:\/\/temucotelevision.cl\/web\/?p=11209"},"modified":"2020-06-10T00:44:31","modified_gmt":"2020-06-10T03:44:31","slug":"victoria-juzgado-decreto-prision-a-sujeto-por-femicidio-desacato-y-amenaza","status":"publish","type":"post","link":"https:\/\/temucotelevision.cl\/web\/2020\/06\/10\/victoria-juzgado-decreto-prision-a-sujeto-por-femicidio-desacato-y-amenaza\/","title":{"rendered":"Victoria: Juzgado decret\u00f3 prisi\u00f3n a sujeto por femicidio, desacato y amenaza"},"content":{"rendered":"<div class=\"pvc_clear\"><\/div><p id=\"pvc_stats_11209\" class=\"pvc_stats total_only  \" data-element-id=\"11209\" style=\"\"><i class=\"pvc-stats-icon large\" aria-hidden=\"true\"><svg aria-hidden=\"true\" focusable=\"false\" data-prefix=\"far\" data-icon=\"chart-bar\" role=\"img\" xmlns=\"http:\/\/www.w3.org\/2000\/svg\" viewBox=\"0 0 512 512\" class=\"svg-inline--fa fa-chart-bar fa-w-16 fa-2x\"><path fill=\"currentColor\" d=\"M396.8 352h22.4c6.4 0 12.8-6.4 12.8-12.8V108.8c0-6.4-6.4-12.8-12.8-12.8h-22.4c-6.4 0-12.8 6.4-12.8 12.8v230.4c0 6.4 6.4 12.8 12.8 12.8zm-192 0h22.4c6.4 0 12.8-6.4 12.8-12.8V140.8c0-6.4-6.4-12.8-12.8-12.8h-22.4c-6.4 0-12.8 6.4-12.8 12.8v198.4c0 6.4 6.4 12.8 12.8 12.8zm96 0h22.4c6.4 0 12.8-6.4 12.8-12.8V204.8c0-6.4-6.4-12.8-12.8-12.8h-22.4c-6.4 0-12.8 6.4-12.8 12.8v134.4c0 6.4 6.4 12.8 12.8 12.8zM496 400H48V80c0-8.84-7.16-16-16-16H16C7.16 64 0 71.16 0 80v336c0 17.67 14.33 32 32 32h464c8.84 0 16-7.16 16-16v-16c0-8.84-7.16-16-16-16zm-387.2-48h22.4c6.4 0 12.8-6.4 12.8-12.8v-70.4c0-6.4-6.4-12.8-12.8-12.8h-22.4c-6.4 0-12.8 6.4-12.8 12.8v70.4c0 6.4 6.4 12.8 12.8 12.8z\" class=\"\"><\/path><\/svg><\/i> <img loading=\"lazy\" decoding=\"async\" width=\"16\" height=\"16\" alt=\"Loading\" src=\"https:\/\/temucotelevision.cl\/web\/wp-content\/plugins\/page-views-count\/ajax-loader-2x.gif\" border=0 \/><\/p><div class=\"pvc_clear\"><\/div>\n<p>El Juzgado de Garant\u00eda de Victoria dej\u00f3 hoy \u2013martes 9 de junio\u2013 sujeto a la medida cautelar de prisi\u00f3n preventiva a&nbsp;<strong>Neri Luis Saavedra Valenzuela<\/strong>, imputado por el Ministerio P\u00fablico como autor de los delitos consumados de femicidio, desacato y amenazas. Il\u00edcitos perpetrados en la v\u00edspera, en la comuna.<\/p>\n\n\n\n<p>En la audiencia de formalizaci\u00f3n de la investigaci\u00f3n, realizada por videoconferencia, la magistrada Evelyn Zelaya Latham orden\u00f3 el ingreso en prisi\u00f3n preventiva de Saavedra Valenzuela, por considerar que la libertad del imputado constituye un peligro para la seguridad de la sociedad; adem\u00e1s tuvo presente la gravedad del delito imputado, el desacato de una medida de protecci\u00f3n en favor de la v\u00edctima y las penas asignadas. El tribunal fij\u00f3 en tres meses el plazo de investigaci\u00f3n.<\/p>\n\n\n\n<p>Seg\u00fan el ente persecutor, al mediod\u00eda de ayer, lunes 8 de junio de 2020, Saavedra Valenzuela lleg\u00f3 en un veh\u00edculo hasta el domicilio de la v\u00edctima, su exconviviente Nataly Valeria Sep\u00falveda Oria, y madre de sus tres hijos menores de edad. En el lugar, el imputado procedi\u00f3 a amenazar verbalmente a C.E.R.O., prima de Sep\u00falveda Oria, quien se encontraba circunstancialmente en la vivienda, tom\u00e1ndola, adem\u00e1s, del poler\u00f3n, la zamarrea y apunta con un arma de fuego en el rostro.<\/p>\n\n\n\n<p>Al o\u00edr gritos, Sep\u00falveda Oria se aproxim\u00f3 al imputado, sin salir de la casa, a quien solicit\u00f3 que detuviera las agresiones, ante lo cual Saavedra Valenzuela le dispar\u00f3 y huy\u00f3 del lugar. C.E.R.O. ingres\u00f3 a la vivienda y encontr\u00f3 a su prima tendida en el suelo y con una herida en el pecho.<\/p>\n\n\n\n<p>Sep\u00falveda Oria fue trasladada hasta el Servicio de Urgencia del Hospital de Victoria, donde muri\u00f3 a las 13:18 horas, por un trauma tor\u00e1cico por lesi\u00f3n penetrante de proyectil en costal derecho, de acuerdo a informe de preautopsia.&nbsp;<\/p>\n\n\n\n<p>Tres horas despu\u00e9s de la agresi\u00f3n, Saavedra Valenzuela fue detenido por Carabineros.<\/p>\n","protected":false},"excerpt":{"rendered":"<div class=\"pvc_clear\"><\/div>\n<p id=\"pvc_stats_11209\" class=\"pvc_stats total_only  \" data-element-id=\"11209\" style=\"\"><i class=\"pvc-stats-icon large\" aria-hidden=\"true\"><svg aria-hidden=\"true\" focusable=\"false\" data-prefix=\"far\" data-icon=\"chart-bar\" role=\"img\" xmlns=\"http:\/\/www.w3.org\/2000\/svg\" viewBox=\"0 0 512 512\" class=\"svg-inline--fa fa-chart-bar fa-w-16 fa-2x\"><path fill=\"currentColor\" d=\"M396.8 352h22.4c6.4 0 12.8-6.4 12.8-12.8V108.8c0-6.4-6.4-12.8-12.8-12.8h-22.4c-6.4 0-12.8 6.4-12.8 12.8v230.4c0 6.4 6.4 12.8 12.8 12.8zm-192 0h22.4c6.4 0 12.8-6.4 12.8-12.8V140.8c0-6.4-6.4-12.8-12.8-12.8h-22.4c-6.4 0-12.8 6.4-12.8 12.8v198.4c0 6.4 6.4 12.8 12.8 12.8zm96 0h22.4c6.4 0 12.8-6.4 12.8-12.8V204.8c0-6.4-6.4-12.8-12.8-12.8h-22.4c-6.4 0-12.8 6.4-12.8 12.8v134.4c0 6.4 6.4 12.8 12.8 12.8zM496 400H48V80c0-8.84-7.16-16-16-16H16C7.16 64 0 71.16 0 80v336c0 17.67 14.33 32 32 32h464c8.84 0 16-7.16 16-16v-16c0-8.84-7.16-16-16-16zm-387.2-48h22.4c6.4 0 12.8-6.4 12.8-12.8v-70.4c0-6.4-6.4-12.8-12.8-12.8h-22.4c-6.4 0-12.8 6.4-12.8 12.8v70.4c0 6.4 6.4 12.8 12.8 12.8z\" class=\"\"><\/path><\/svg><\/i> <img loading=\"lazy\" decoding=\"async\" width=\"16\" height=\"16\" alt=\"Loading\" src=\"https:\/\/temucotelevision.cl\/web\/wp-content\/plugins\/page-views-count\/ajax-loader-2x.gif\" border=0 \/><\/p>\n<div class=\"pvc_clear\"><\/div>\n<p>El Juzgado de Garant\u00eda de Victoria dej\u00f3 hoy \u2013martes 9 de junio\u2013 sujeto a la medida cautelar de prisi\u00f3n preventiva<\/p>\n","protected":false},"author":1,"featured_media":11210,"comment_status":"open","ping_status":"open","sticky":false,"template":"","format":"standard","meta":{"colormag_page_container_layout":"default_layout","colormag_page_sidebar_layout":"default_layout","footnotes":""},"categories":[15],"tags":[1043,792,541],"class_list":["post-11209","post","type-post","status-publish","format-standard","has-post-thumbnail","hentry","category-la-araucania","tag-femicidio","tag-imputado","tag-prision"],"a3_pvc":{"activated":true,"total_views":78,"today_views":0},"_links":{"self":[{"href":"https:\/\/temucotelevision.cl\/web\/wp-json\/wp\/v2\/posts\/11209","targetHints":{"allow":["GET"]}}],"collection":[{"href":"https:\/\/temucotelevision.cl\/web\/wp-json\/wp\/v2\/posts"}],"about":[{"href":"https:\/\/temucotelevision.cl\/web\/wp-json\/wp\/v2\/types\/post"}],"author":[{"embeddable":true,"href":"https:\/\/temucotelevision.cl\/web\/wp-json\/wp\/v2\/users\/1"}],"replies":[{"embeddable":true,"href":"https:\/\/temucotelevision.cl\/web\/wp-json\/wp\/v2\/comments?post=11209"}],"version-history":[{"count":1,"href":"https:\/\/temucotelevision.cl\/web\/wp-json\/wp\/v2\/posts\/11209\/revisions"}],"predecessor-version":[{"id":11211,"href":"https:\/\/temucotelevision.cl\/web\/wp-json\/wp\/v2\/posts\/11209\/revisions\/11211"}],"wp:featuredmedia":[{"embeddable":true,"href":"https:\/\/temucotelevision.cl\/web\/wp-json\/wp\/v2\/media\/11210"}],"wp:attachment":[{"href":"https:\/\/temucotelevision.cl\/web\/wp-json\/wp\/v2\/media?parent=11209"}],"wp:term":[{"taxonomy":"category","embeddable":true,"href":"https:\/\/temucotelevision.cl\/web\/wp-json\/wp\/v2\/categories?post=11209"},{"taxonomy":"post_tag","embeddable":true,"href":"https:\/\/temucotelevision.cl\/web\/wp-json\/wp\/v2\/tags?post=11209"}],"curies":[{"name":"wp","href":"https:\/\/api.w.org\/{rel}","templated":true}]}}