{"id":11206,"date":"2020-06-10T00:15:58","date_gmt":"2020-06-10T03:15:58","guid":{"rendered":"https:\/\/temucotelevision.cl\/web\/?p=11206"},"modified":"2020-06-10T00:16:00","modified_gmt":"2020-06-10T03:16:00","slug":"ordenan-prision-preventiva-a-imputados-por-tenencia-de-arma-y-municiones","status":"publish","type":"post","link":"https:\/\/temucotelevision.cl\/web\/2020\/06\/10\/ordenan-prision-preventiva-a-imputados-por-tenencia-de-arma-y-municiones\/","title":{"rendered":"Ordenan prisi\u00f3n preventiva a imputados por tenencia de arma y municiones"},"content":{"rendered":"<div class=\"pvc_clear\"><\/div><p id=\"pvc_stats_11206\" class=\"pvc_stats total_only  \" data-element-id=\"11206\" style=\"\"><i class=\"pvc-stats-icon large\" aria-hidden=\"true\"><svg aria-hidden=\"true\" focusable=\"false\" data-prefix=\"far\" data-icon=\"chart-bar\" role=\"img\" xmlns=\"http:\/\/www.w3.org\/2000\/svg\" viewBox=\"0 0 512 512\" class=\"svg-inline--fa fa-chart-bar fa-w-16 fa-2x\"><path fill=\"currentColor\" d=\"M396.8 352h22.4c6.4 0 12.8-6.4 12.8-12.8V108.8c0-6.4-6.4-12.8-12.8-12.8h-22.4c-6.4 0-12.8 6.4-12.8 12.8v230.4c0 6.4 6.4 12.8 12.8 12.8zm-192 0h22.4c6.4 0 12.8-6.4 12.8-12.8V140.8c0-6.4-6.4-12.8-12.8-12.8h-22.4c-6.4 0-12.8 6.4-12.8 12.8v198.4c0 6.4 6.4 12.8 12.8 12.8zm96 0h22.4c6.4 0 12.8-6.4 12.8-12.8V204.8c0-6.4-6.4-12.8-12.8-12.8h-22.4c-6.4 0-12.8 6.4-12.8 12.8v134.4c0 6.4 6.4 12.8 12.8 12.8zM496 400H48V80c0-8.84-7.16-16-16-16H16C7.16 64 0 71.16 0 80v336c0 17.67 14.33 32 32 32h464c8.84 0 16-7.16 16-16v-16c0-8.84-7.16-16-16-16zm-387.2-48h22.4c6.4 0 12.8-6.4 12.8-12.8v-70.4c0-6.4-6.4-12.8-12.8-12.8h-22.4c-6.4 0-12.8 6.4-12.8 12.8v70.4c0 6.4 6.4 12.8 12.8 12.8z\" class=\"\"><\/path><\/svg><\/i> <img loading=\"lazy\" decoding=\"async\" width=\"16\" height=\"16\" alt=\"Loading\" src=\"https:\/\/temucotelevision.cl\/web\/wp-content\/plugins\/page-views-count\/ajax-loader-2x.gif\" border=0 \/><\/p><div class=\"pvc_clear\"><\/div>\n<p>El Juzgado de Garant\u00eda de Traigu\u00e9n dej\u00f3 hoy \u2013martes 9 de junio\u2013 sujetos a la medida cautelar de prisi\u00f3n preventiva a<strong>&nbsp;V\u00edctor Yovanni Marileo Ancapi, Ferm\u00edn Eduardo M\u00e1rquez Inal, Cristhofer Sebasti\u00e1n Pino Cur\u00edn y Carlos Patricio Pich\u00fan Collonao<\/strong>,&nbsp;imputados por el Ministerio P\u00fablico como autores de los delitos consumados de porte ilegal de arma de fuego prohibida, porte ilegal de arma de fuego convencional, receptaci\u00f3n y tenencia ilegal de municiones. Il\u00edcitos perpetrados en la v\u00edspera, en la comuna. En el caso de Pich\u00fan Collonao,&nbsp;la fiscal\u00eda le imputa, adem\u00e1s, autor\u00eda en el delito consumado de conducci\u00f3n en estado de ebriedad.<\/p>\n\n\n\n<p>En la audiencia de formalizaci\u00f3n de la investigaci\u00f3n, el magistrado Eduardo P\u00e9rez Y\u00e1\u00f1ez orden\u00f3 el ingreso en prisi\u00f3n preventiva de Marileo Ancapi, M\u00e1rquez Inal, Pino Cur\u00edn y Pich\u00fan Collonao, por considerar que libertad de los imputados constituye un peligro para la seguridad de la sociedad y para el \u00e9xito de la investigaci\u00f3n; adem\u00e1s tuvo presente la pena que arriesgan. El tribunal fij\u00f3 en cuatro meses el plazo de investigaci\u00f3n.<\/p>\n\n\n\n<p>Seg\u00fan el ente persecutor, a las 13.30 horas de ayer, lunes 8 de junio de 2020, Carabineros de la Secci\u00f3n de Investigaci\u00f3n Policial de la Tercera Comisar\u00eda de Traigu\u00e9n que se encontraban realizando patrullajes en la Ruta R-730, detectaron a la altura del kil\u00f3metro 10, que la camioneta Toyota Hylux patente SR 1017, permanec\u00eda estacionada en una curva de la v\u00eda con el motor encendido y ambas&nbsp; puertas del lado izquierdo abiertas. Al acercarse al veh\u00edculo, los efectivos policiales vieron a sus ocupantes ingiriendo bebidas alcoh\u00f3licas.<\/p>\n\n\n\n<p>Al proceder a fiscalizar al conductor, el imputado Carlos Patricio Pich\u00fan Collonao, los carabineros se percataron que en el pickup del veh\u00edculo hab\u00eda dos mochilas, que conten\u00edan un total de 41 cartuchos de escopeta calibre 12 sin percutir. Por lo que realizaron un registro a la cabina de la camioneta, encontrando en la parte posterior del asiento trasero un total de 5 armas de fuego convencionales y hechizas: dos escopetas de repetici\u00f3n marca Maverick calibre 12, un fusil marca Daewoo calibre 5.56 y dos escopetas de fabricaci\u00f3n artesanal, adem\u00e1s de una pistola a fogueo marca Bruni de 9 mil\u00edmetros y vestimentas de mimetismo.&nbsp;<\/p>\n\n\n\n<p>Dos de las armas de fuego est\u00e1n inscritas a nombre de terceros personas y manten\u00edan encargo por robo. Ninguno de los imputados cuenta con permisos para portar armas de fuego ni posee la inscripci\u00f3n de las mismas. Al proceder a la detenci\u00f3n, dos sujetos, uno de ellos un menor de edad, lograron darse a la fuga del lugar.<\/p>\n","protected":false},"excerpt":{"rendered":"<div class=\"pvc_clear\"><\/div>\n<p id=\"pvc_stats_11206\" class=\"pvc_stats total_only  \" data-element-id=\"11206\" style=\"\"><i class=\"pvc-stats-icon large\" aria-hidden=\"true\"><svg aria-hidden=\"true\" focusable=\"false\" data-prefix=\"far\" data-icon=\"chart-bar\" role=\"img\" xmlns=\"http:\/\/www.w3.org\/2000\/svg\" viewBox=\"0 0 512 512\" class=\"svg-inline--fa fa-chart-bar fa-w-16 fa-2x\"><path fill=\"currentColor\" d=\"M396.8 352h22.4c6.4 0 12.8-6.4 12.8-12.8V108.8c0-6.4-6.4-12.8-12.8-12.8h-22.4c-6.4 0-12.8 6.4-12.8 12.8v230.4c0 6.4 6.4 12.8 12.8 12.8zm-192 0h22.4c6.4 0 12.8-6.4 12.8-12.8V140.8c0-6.4-6.4-12.8-12.8-12.8h-22.4c-6.4 0-12.8 6.4-12.8 12.8v198.4c0 6.4 6.4 12.8 12.8 12.8zm96 0h22.4c6.4 0 12.8-6.4 12.8-12.8V204.8c0-6.4-6.4-12.8-12.8-12.8h-22.4c-6.4 0-12.8 6.4-12.8 12.8v134.4c0 6.4 6.4 12.8 12.8 12.8zM496 400H48V80c0-8.84-7.16-16-16-16H16C7.16 64 0 71.16 0 80v336c0 17.67 14.33 32 32 32h464c8.84 0 16-7.16 16-16v-16c0-8.84-7.16-16-16-16zm-387.2-48h22.4c6.4 0 12.8-6.4 12.8-12.8v-70.4c0-6.4-6.4-12.8-12.8-12.8h-22.4c-6.4 0-12.8 6.4-12.8 12.8v70.4c0 6.4 6.4 12.8 12.8 12.8z\" class=\"\"><\/path><\/svg><\/i> <img loading=\"lazy\" decoding=\"async\" width=\"16\" height=\"16\" alt=\"Loading\" src=\"https:\/\/temucotelevision.cl\/web\/wp-content\/plugins\/page-views-count\/ajax-loader-2x.gif\" border=0 \/><\/p>\n<div class=\"pvc_clear\"><\/div>\n<p>El Juzgado de Garant\u00eda de Traigu\u00e9n dej\u00f3 hoy \u2013martes 9 de junio\u2013 sujetos a la medida cautelar de prisi\u00f3n preventiva<\/p>\n","protected":false},"author":1,"featured_media":11207,"comment_status":"open","ping_status":"open","sticky":false,"template":"","format":"standard","meta":{"colormag_page_container_layout":"default_layout","colormag_page_sidebar_layout":"default_layout","footnotes":""},"categories":[15],"tags":[2585,140,362],"class_list":["post-11206","post","type-post","status-publish","format-standard","has-post-thumbnail","hentry","category-la-araucania","tag-municion","tag-sujetos","tag-traiguen"],"a3_pvc":{"activated":true,"total_views":78,"today_views":0},"_links":{"self":[{"href":"https:\/\/temucotelevision.cl\/web\/wp-json\/wp\/v2\/posts\/11206","targetHints":{"allow":["GET"]}}],"collection":[{"href":"https:\/\/temucotelevision.cl\/web\/wp-json\/wp\/v2\/posts"}],"about":[{"href":"https:\/\/temucotelevision.cl\/web\/wp-json\/wp\/v2\/types\/post"}],"author":[{"embeddable":true,"href":"https:\/\/temucotelevision.cl\/web\/wp-json\/wp\/v2\/users\/1"}],"replies":[{"embeddable":true,"href":"https:\/\/temucotelevision.cl\/web\/wp-json\/wp\/v2\/comments?post=11206"}],"version-history":[{"count":1,"href":"https:\/\/temucotelevision.cl\/web\/wp-json\/wp\/v2\/posts\/11206\/revisions"}],"predecessor-version":[{"id":11208,"href":"https:\/\/temucotelevision.cl\/web\/wp-json\/wp\/v2\/posts\/11206\/revisions\/11208"}],"wp:featuredmedia":[{"embeddable":true,"href":"https:\/\/temucotelevision.cl\/web\/wp-json\/wp\/v2\/media\/11207"}],"wp:attachment":[{"href":"https:\/\/temucotelevision.cl\/web\/wp-json\/wp\/v2\/media?parent=11206"}],"wp:term":[{"taxonomy":"category","embeddable":true,"href":"https:\/\/temucotelevision.cl\/web\/wp-json\/wp\/v2\/categories?post=11206"},{"taxonomy":"post_tag","embeddable":true,"href":"https:\/\/temucotelevision.cl\/web\/wp-json\/wp\/v2\/tags?post=11206"}],"curies":[{"name":"wp","href":"https:\/\/api.w.org\/{rel}","templated":true}]}}