{"id":11201,"date":"2020-06-09T23:57:30","date_gmt":"2020-06-10T02:57:30","guid":{"rendered":"https:\/\/temucotelevision.cl\/web\/?p=11201"},"modified":"2020-06-10T00:02:26","modified_gmt":"2020-06-10T03:02:26","slug":"los-hitos-que-marcan-los-dos-primeros-meses-de-funcionamiento-del-complejo-asistencial-padre-las-casas","status":"publish","type":"post","link":"https:\/\/temucotelevision.cl\/web\/2020\/06\/09\/los-hitos-que-marcan-los-dos-primeros-meses-de-funcionamiento-del-complejo-asistencial-padre-las-casas\/","title":{"rendered":"Los hitos que marcan los dos primeros meses de funcionamiento del Complejo Asistencial Padre Las Casas"},"content":{"rendered":"<div class=\"pvc_clear\"><\/div><p id=\"pvc_stats_11201\" class=\"pvc_stats total_only  \" data-element-id=\"11201\" style=\"\"><i class=\"pvc-stats-icon large\" aria-hidden=\"true\"><svg aria-hidden=\"true\" focusable=\"false\" data-prefix=\"far\" data-icon=\"chart-bar\" role=\"img\" xmlns=\"http:\/\/www.w3.org\/2000\/svg\" viewBox=\"0 0 512 512\" class=\"svg-inline--fa fa-chart-bar fa-w-16 fa-2x\"><path fill=\"currentColor\" d=\"M396.8 352h22.4c6.4 0 12.8-6.4 12.8-12.8V108.8c0-6.4-6.4-12.8-12.8-12.8h-22.4c-6.4 0-12.8 6.4-12.8 12.8v230.4c0 6.4 6.4 12.8 12.8 12.8zm-192 0h22.4c6.4 0 12.8-6.4 12.8-12.8V140.8c0-6.4-6.4-12.8-12.8-12.8h-22.4c-6.4 0-12.8 6.4-12.8 12.8v198.4c0 6.4 6.4 12.8 12.8 12.8zm96 0h22.4c6.4 0 12.8-6.4 12.8-12.8V204.8c0-6.4-6.4-12.8-12.8-12.8h-22.4c-6.4 0-12.8 6.4-12.8 12.8v134.4c0 6.4 6.4 12.8 12.8 12.8zM496 400H48V80c0-8.84-7.16-16-16-16H16C7.16 64 0 71.16 0 80v336c0 17.67 14.33 32 32 32h464c8.84 0 16-7.16 16-16v-16c0-8.84-7.16-16-16-16zm-387.2-48h22.4c6.4 0 12.8-6.4 12.8-12.8v-70.4c0-6.4-6.4-12.8-12.8-12.8h-22.4c-6.4 0-12.8 6.4-12.8 12.8v70.4c0 6.4 6.4 12.8 12.8 12.8z\" class=\"\"><\/path><\/svg><\/i> <img loading=\"lazy\" decoding=\"async\" width=\"16\" height=\"16\" alt=\"Loading\" src=\"https:\/\/temucotelevision.cl\/web\/wp-content\/plugins\/page-views-count\/ajax-loader-2x.gif\" border=0 \/><\/p><div class=\"pvc_clear\"><\/div>\n<p><strong>El nuevo centro asistencial de la Red Araucan\u00eda Sur debi\u00f3 abrir sus puertas anticipadamente como medida de respuesta a la demanda de camas en la regi\u00f3n por la emergencia sanitaria del Coronavirus.<\/strong><\/p>\n\n\n\n<p>Desde el 6 de abril, a pocos d\u00edas de haber finalizado las obras de su construcci\u00f3n, abri\u00f3 las puertas a sus primeros pacientes el Complejo Asistencial Padre Las Casas, recinto de mediana complejidad que ten\u00eda presupuestada su apertura durante el \u00faltimo trimestre del a\u00f1o, pero debido a la ola de contagios por COVID-19 debi\u00f3 suplir la necesidad de camas en la provincia de Caut\u00edn.<\/p>\n\n\n\n<p>El brusco cambio en la programaci\u00f3n de la puesta en marcha del centro asistencial oblig\u00f3 a adecuarse a la contingencia, habilitando de forma in\u00e9dita en este tipo de procesos, una Unidad de Paciente Cr\u00edtico en menos de un mes para dar apoyo al sistema p\u00fablico de salud, lo que significa que s\u00f3lo recibe pacientes para hospitalizaci\u00f3n derivados de otros dispositivos de salud, sumando a la fecha 127 pacientes que han sido internados, de los cuales cerca de 50 se mantienen al d\u00eda de hoy.<\/p>\n\n\n\n<p>La apertura anticipada ha significado un desaf\u00edo importante para el trabajo de los nuevos equipos de salud que se est\u00e1n conformando que, bajo la direcci\u00f3n del Dr. Christian Nilo, tienen un objetivo trazado en la b\u00fasqueda de una atenci\u00f3n integral y humanizadora.&nbsp;<\/p>\n\n\n\n<p>\u201cEste hospital lo que pretende es volver a las ra\u00edces de la medicina y entender que nuestro objetivo es mejorar las condiciones de salud de la poblaci\u00f3n y no llenarnos de tr\u00e1mites y tecnolog\u00eda sin sentido, la humanizaci\u00f3n de nuestra atenci\u00f3n busca una mirada integral del paciente y la medicina familiar\u201d, destac\u00f3 el director del CAPLC.<\/p>\n\n\n\n<p>Prestaciones<\/p>\n\n\n\n<p>En mayo comenz\u00f3 a funcionar el Laboratorio, con una parte importante de equipos y recurso humano provenientes del Consultorio Miraflores que migr\u00f3 a las nuevas instalaciones, las que permitir\u00e1n su crecimiento y la apertura a nuevas prestaciones en el \u00e1rea. Mientras que en los pr\u00f3ximos d\u00edas iniciar\u00e1 sus trabajos la unidad de Imagenolog\u00eda.<\/p>\n\n\n\n<p>Como hospital de mediana complejidad y referente del Nodo Centro de la red asistencial Araucan\u00eda Sur, su labor abarca la atenci\u00f3n de especialidades m\u00e9dicas para las comunas de Padre Las Casas, Temuco, Vilc\u00fan, Cunco y Melipeuco, las cuales ya han comenzado bajo las condiciones de distanciamiento preventivo v\u00eda telemedicina, con 80 controles a distancia ya realizados en las especialidades de Cirug\u00eda General de Adulto, Traumatolog\u00eda, Urolog\u00eda, Cabeza y Cuello, y Vascular. Atenciones que prontamente incluir\u00e1n m\u00e1s especialidades y tecnolog\u00eda de videollamada.<\/p>\n\n\n\n<p><strong>Protecci\u00f3n al personal<\/strong><\/p>\n\n\n\n<p>Con el ingreso de pacientes COVID-19 positivos, el CAPLC debi\u00f3 implementar medidas de protecci\u00f3n a todo su personal para prevenir contagios tanto en el movimiento intrahospitalario, como en el traslado de sus funcionarios, habilitando un servicio de transporte con buses de acercamiento que abarcan distintas rutas dentro de Padre Las Casas, Temuco y la localidad de Labranza, lo que a la fecha ha dado buenos resultados sin personal contagiado.<\/p>\n\n\n\n<p>Actualmente son cerca de 200 los funcionarios profesionales, t\u00e9cnicos y administrativos, muchos de ellos de la misma comuna de Padre Las Casas, quienes est\u00e1n desarrollando labores en los servicios que se encuentran activos, con una proyecci\u00f3n de una comunidad hospitalaria que llegar\u00e1 a las mil personas cuando el Complejo Asistencial tenga todas sus unidades operativas.<\/p>\n\n\n\n<p>Al respecto cabe se\u00f1alar que, en la b\u00fasqueda de brindar un mejor cuidado a sus usuarios, la elecci\u00f3n del personal contratado y las pr\u00f3ximas plazas de trabajo, se presentan en Empleos P\u00fablicos para asegurar la transparencia en el proceso y seleccionar a quienes cuenten con las mayores capacidades para desarrollar la labor requerida.&nbsp;<\/p>\n","protected":false},"excerpt":{"rendered":"<div class=\"pvc_clear\"><\/div>\n<p id=\"pvc_stats_11201\" class=\"pvc_stats total_only  \" data-element-id=\"11201\" style=\"\"><i class=\"pvc-stats-icon large\" aria-hidden=\"true\"><svg aria-hidden=\"true\" focusable=\"false\" data-prefix=\"far\" data-icon=\"chart-bar\" role=\"img\" xmlns=\"http:\/\/www.w3.org\/2000\/svg\" viewBox=\"0 0 512 512\" class=\"svg-inline--fa fa-chart-bar fa-w-16 fa-2x\"><path fill=\"currentColor\" d=\"M396.8 352h22.4c6.4 0 12.8-6.4 12.8-12.8V108.8c0-6.4-6.4-12.8-12.8-12.8h-22.4c-6.4 0-12.8 6.4-12.8 12.8v230.4c0 6.4 6.4 12.8 12.8 12.8zm-192 0h22.4c6.4 0 12.8-6.4 12.8-12.8V140.8c0-6.4-6.4-12.8-12.8-12.8h-22.4c-6.4 0-12.8 6.4-12.8 12.8v198.4c0 6.4 6.4 12.8 12.8 12.8zm96 0h22.4c6.4 0 12.8-6.4 12.8-12.8V204.8c0-6.4-6.4-12.8-12.8-12.8h-22.4c-6.4 0-12.8 6.4-12.8 12.8v134.4c0 6.4 6.4 12.8 12.8 12.8zM496 400H48V80c0-8.84-7.16-16-16-16H16C7.16 64 0 71.16 0 80v336c0 17.67 14.33 32 32 32h464c8.84 0 16-7.16 16-16v-16c0-8.84-7.16-16-16-16zm-387.2-48h22.4c6.4 0 12.8-6.4 12.8-12.8v-70.4c0-6.4-6.4-12.8-12.8-12.8h-22.4c-6.4 0-12.8 6.4-12.8 12.8v70.4c0 6.4 6.4 12.8 12.8 12.8z\" class=\"\"><\/path><\/svg><\/i> <img loading=\"lazy\" decoding=\"async\" width=\"16\" height=\"16\" alt=\"Loading\" src=\"https:\/\/temucotelevision.cl\/web\/wp-content\/plugins\/page-views-count\/ajax-loader-2x.gif\" border=0 \/><\/p>\n<div class=\"pvc_clear\"><\/div>\n<p>El nuevo centro asistencial de la Red Araucan\u00eda Sur debi\u00f3 abrir sus puertas anticipadamente como medida de respuesta a la<\/p>\n","protected":false},"author":1,"featured_media":11202,"comment_status":"open","ping_status":"open","sticky":false,"template":"","format":"standard","meta":{"colormag_page_container_layout":"default_layout","colormag_page_sidebar_layout":"default_layout","footnotes":""},"categories":[101],"tags":[131],"class_list":["post-11201","post","type-post","status-publish","format-standard","has-post-thumbnail","hentry","category-actualidad","tag-salud"],"a3_pvc":{"activated":true,"total_views":31,"today_views":0},"_links":{"self":[{"href":"https:\/\/temucotelevision.cl\/web\/wp-json\/wp\/v2\/posts\/11201","targetHints":{"allow":["GET"]}}],"collection":[{"href":"https:\/\/temucotelevision.cl\/web\/wp-json\/wp\/v2\/posts"}],"about":[{"href":"https:\/\/temucotelevision.cl\/web\/wp-json\/wp\/v2\/types\/post"}],"author":[{"embeddable":true,"href":"https:\/\/temucotelevision.cl\/web\/wp-json\/wp\/v2\/users\/1"}],"replies":[{"embeddable":true,"href":"https:\/\/temucotelevision.cl\/web\/wp-json\/wp\/v2\/comments?post=11201"}],"version-history":[{"count":2,"href":"https:\/\/temucotelevision.cl\/web\/wp-json\/wp\/v2\/posts\/11201\/revisions"}],"predecessor-version":[{"id":11204,"href":"https:\/\/temucotelevision.cl\/web\/wp-json\/wp\/v2\/posts\/11201\/revisions\/11204"}],"wp:featuredmedia":[{"embeddable":true,"href":"https:\/\/temucotelevision.cl\/web\/wp-json\/wp\/v2\/media\/11202"}],"wp:attachment":[{"href":"https:\/\/temucotelevision.cl\/web\/wp-json\/wp\/v2\/media?parent=11201"}],"wp:term":[{"taxonomy":"category","embeddable":true,"href":"https:\/\/temucotelevision.cl\/web\/wp-json\/wp\/v2\/categories?post=11201"},{"taxonomy":"post_tag","embeddable":true,"href":"https:\/\/temucotelevision.cl\/web\/wp-json\/wp\/v2\/tags?post=11201"}],"curies":[{"name":"wp","href":"https:\/\/api.w.org\/{rel}","templated":true}]}}