{"id":11197,"date":"2020-06-09T18:35:13","date_gmt":"2020-06-09T21:35:13","guid":{"rendered":"https:\/\/temucotelevision.cl\/web\/?p=11197"},"modified":"2020-06-09T18:35:15","modified_gmt":"2020-06-09T21:35:15","slug":"alcalde-manuel-painiqueo-a-intendente-victor-manoli-nula-presencia-militar-provoca-incumplimiento-de-toque-de-queda-en-lumaco","status":"publish","type":"post","link":"https:\/\/temucotelevision.cl\/web\/2020\/06\/09\/alcalde-manuel-painiqueo-a-intendente-victor-manoli-nula-presencia-militar-provoca-incumplimiento-de-toque-de-queda-en-lumaco\/","title":{"rendered":"Alcalde Manuel Painiqueo a Intendente V\u00edctor Manoli: \u201cNula presencia militar provoca incumplimiento de toque de queda en Lumaco\u201d"},"content":{"rendered":"<div class=\"pvc_clear\"><\/div><p id=\"pvc_stats_11197\" class=\"pvc_stats total_only  \" data-element-id=\"11197\" style=\"\"><i class=\"pvc-stats-icon large\" aria-hidden=\"true\"><svg aria-hidden=\"true\" focusable=\"false\" data-prefix=\"far\" data-icon=\"chart-bar\" role=\"img\" xmlns=\"http:\/\/www.w3.org\/2000\/svg\" viewBox=\"0 0 512 512\" class=\"svg-inline--fa fa-chart-bar fa-w-16 fa-2x\"><path fill=\"currentColor\" d=\"M396.8 352h22.4c6.4 0 12.8-6.4 12.8-12.8V108.8c0-6.4-6.4-12.8-12.8-12.8h-22.4c-6.4 0-12.8 6.4-12.8 12.8v230.4c0 6.4 6.4 12.8 12.8 12.8zm-192 0h22.4c6.4 0 12.8-6.4 12.8-12.8V140.8c0-6.4-6.4-12.8-12.8-12.8h-22.4c-6.4 0-12.8 6.4-12.8 12.8v198.4c0 6.4 6.4 12.8 12.8 12.8zm96 0h22.4c6.4 0 12.8-6.4 12.8-12.8V204.8c0-6.4-6.4-12.8-12.8-12.8h-22.4c-6.4 0-12.8 6.4-12.8 12.8v134.4c0 6.4 6.4 12.8 12.8 12.8zM496 400H48V80c0-8.84-7.16-16-16-16H16C7.16 64 0 71.16 0 80v336c0 17.67 14.33 32 32 32h464c8.84 0 16-7.16 16-16v-16c0-8.84-7.16-16-16-16zm-387.2-48h22.4c6.4 0 12.8-6.4 12.8-12.8v-70.4c0-6.4-6.4-12.8-12.8-12.8h-22.4c-6.4 0-12.8 6.4-12.8 12.8v70.4c0 6.4 6.4 12.8 12.8 12.8z\" class=\"\"><\/path><\/svg><\/i> <img loading=\"lazy\" decoding=\"async\" width=\"16\" height=\"16\" alt=\"Loading\" src=\"https:\/\/temucotelevision.cl\/web\/wp-content\/plugins\/page-views-count\/ajax-loader-2x.gif\" border=0 \/><\/p><div class=\"pvc_clear\"><\/div>\n<p>Luego de integrar la sesi\u00f3n N\u00b022 del Consejo Comunal de Seguridad P\u00fablica de la comuna de Lumaco, se acord\u00f3 solicitar formalmente a Intendente V\u00edctor Manoli la presencia robusta de personal del Ej\u00e9rcito de Chile cuyo objetivo es apoyar barreras sanitarias realizadas por funcionarios municipales de las localidades de Lumaco y Capit\u00e1n Pastene. La solicitud firmada por el alcalde Manuel Painiqueo, plantea adem\u00e1s la preocupaci\u00f3n permanente del Concejo Comunal de Seguridad P\u00fablica en conjunto con el Concejo Municipal por la nula presencia militar y policial que resguarda el actual toque de queda nacional en el territorio.<\/p>\n\n\n\n<p>\u201cEsta situaci\u00f3n es lamentable, ya que ha permitido m\u00faltiples reuniones sociales por parte de la ciudadan\u00eda, adem\u00e1s de la venta de alcohol a horarios inapropiados, sucitando contagios evitables de COVID-19 en la poblaci\u00f3n de la comuna de Lumaco\u201d, agreg\u00f3 el alcalde de Lumaco Manuel Painiqueo en la solicitud.<\/p>\n\n\n\n<p>La ciudadan\u00eda queda a la espera de la respuesta del Intendente Manoli a \u00e9sta solicitud, que ha sido reiterada en varias ocasiones y que se espera pueda tener resultados positivos.<\/p>\n","protected":false},"excerpt":{"rendered":"<div class=\"pvc_clear\"><\/div>\n<p id=\"pvc_stats_11197\" class=\"pvc_stats total_only  \" data-element-id=\"11197\" style=\"\"><i class=\"pvc-stats-icon large\" aria-hidden=\"true\"><svg aria-hidden=\"true\" focusable=\"false\" data-prefix=\"far\" data-icon=\"chart-bar\" role=\"img\" xmlns=\"http:\/\/www.w3.org\/2000\/svg\" viewBox=\"0 0 512 512\" class=\"svg-inline--fa fa-chart-bar fa-w-16 fa-2x\"><path fill=\"currentColor\" d=\"M396.8 352h22.4c6.4 0 12.8-6.4 12.8-12.8V108.8c0-6.4-6.4-12.8-12.8-12.8h-22.4c-6.4 0-12.8 6.4-12.8 12.8v230.4c0 6.4 6.4 12.8 12.8 12.8zm-192 0h22.4c6.4 0 12.8-6.4 12.8-12.8V140.8c0-6.4-6.4-12.8-12.8-12.8h-22.4c-6.4 0-12.8 6.4-12.8 12.8v198.4c0 6.4 6.4 12.8 12.8 12.8zm96 0h22.4c6.4 0 12.8-6.4 12.8-12.8V204.8c0-6.4-6.4-12.8-12.8-12.8h-22.4c-6.4 0-12.8 6.4-12.8 12.8v134.4c0 6.4 6.4 12.8 12.8 12.8zM496 400H48V80c0-8.84-7.16-16-16-16H16C7.16 64 0 71.16 0 80v336c0 17.67 14.33 32 32 32h464c8.84 0 16-7.16 16-16v-16c0-8.84-7.16-16-16-16zm-387.2-48h22.4c6.4 0 12.8-6.4 12.8-12.8v-70.4c0-6.4-6.4-12.8-12.8-12.8h-22.4c-6.4 0-12.8 6.4-12.8 12.8v70.4c0 6.4 6.4 12.8 12.8 12.8z\" class=\"\"><\/path><\/svg><\/i> <img loading=\"lazy\" decoding=\"async\" width=\"16\" height=\"16\" alt=\"Loading\" src=\"https:\/\/temucotelevision.cl\/web\/wp-content\/plugins\/page-views-count\/ajax-loader-2x.gif\" border=0 \/><\/p>\n<div class=\"pvc_clear\"><\/div>\n<p>Luego de integrar la sesi\u00f3n N\u00b022 del Consejo Comunal de Seguridad P\u00fablica de la comuna de Lumaco, se acord\u00f3 solicitar<\/p>\n","protected":false},"author":1,"featured_media":11198,"comment_status":"open","ping_status":"open","sticky":false,"template":"","format":"standard","meta":{"colormag_page_container_layout":"default_layout","colormag_page_sidebar_layout":"default_layout","footnotes":""},"categories":[15],"tags":[2312],"class_list":["post-11197","post","type-post","status-publish","format-standard","has-post-thumbnail","hentry","category-la-araucania","tag-pandemia"],"a3_pvc":{"activated":true,"total_views":38,"today_views":0},"_links":{"self":[{"href":"https:\/\/temucotelevision.cl\/web\/wp-json\/wp\/v2\/posts\/11197","targetHints":{"allow":["GET"]}}],"collection":[{"href":"https:\/\/temucotelevision.cl\/web\/wp-json\/wp\/v2\/posts"}],"about":[{"href":"https:\/\/temucotelevision.cl\/web\/wp-json\/wp\/v2\/types\/post"}],"author":[{"embeddable":true,"href":"https:\/\/temucotelevision.cl\/web\/wp-json\/wp\/v2\/users\/1"}],"replies":[{"embeddable":true,"href":"https:\/\/temucotelevision.cl\/web\/wp-json\/wp\/v2\/comments?post=11197"}],"version-history":[{"count":1,"href":"https:\/\/temucotelevision.cl\/web\/wp-json\/wp\/v2\/posts\/11197\/revisions"}],"predecessor-version":[{"id":11199,"href":"https:\/\/temucotelevision.cl\/web\/wp-json\/wp\/v2\/posts\/11197\/revisions\/11199"}],"wp:featuredmedia":[{"embeddable":true,"href":"https:\/\/temucotelevision.cl\/web\/wp-json\/wp\/v2\/media\/11198"}],"wp:attachment":[{"href":"https:\/\/temucotelevision.cl\/web\/wp-json\/wp\/v2\/media?parent=11197"}],"wp:term":[{"taxonomy":"category","embeddable":true,"href":"https:\/\/temucotelevision.cl\/web\/wp-json\/wp\/v2\/categories?post=11197"},{"taxonomy":"post_tag","embeddable":true,"href":"https:\/\/temucotelevision.cl\/web\/wp-json\/wp\/v2\/tags?post=11197"}],"curies":[{"name":"wp","href":"https:\/\/api.w.org\/{rel}","templated":true}]}}