{"id":11017,"date":"2020-06-03T22:17:27","date_gmt":"2020-06-04T01:17:27","guid":{"rendered":"https:\/\/temucotelevision.cl\/web\/?p=11017"},"modified":"2020-06-03T22:17:29","modified_gmt":"2020-06-04T01:17:29","slug":"desafio-2020-de-coaniquem-termina-el-domingo-7%ef%bb%bf","status":"publish","type":"post","link":"https:\/\/temucotelevision.cl\/web\/2020\/06\/03\/desafio-2020-de-coaniquem-termina-el-domingo-7%ef%bb%bf\/","title":{"rendered":"Desaf\u00edo 2020 de Coaniquem termina el domingo 7\ufeff"},"content":{"rendered":"<div class=\"pvc_clear\"><\/div><p id=\"pvc_stats_11017\" class=\"pvc_stats total_only  \" data-element-id=\"11017\" style=\"\"><i class=\"pvc-stats-icon large\" aria-hidden=\"true\"><svg aria-hidden=\"true\" focusable=\"false\" data-prefix=\"far\" data-icon=\"chart-bar\" role=\"img\" xmlns=\"http:\/\/www.w3.org\/2000\/svg\" viewBox=\"0 0 512 512\" class=\"svg-inline--fa fa-chart-bar fa-w-16 fa-2x\"><path fill=\"currentColor\" d=\"M396.8 352h22.4c6.4 0 12.8-6.4 12.8-12.8V108.8c0-6.4-6.4-12.8-12.8-12.8h-22.4c-6.4 0-12.8 6.4-12.8 12.8v230.4c0 6.4 6.4 12.8 12.8 12.8zm-192 0h22.4c6.4 0 12.8-6.4 12.8-12.8V140.8c0-6.4-6.4-12.8-12.8-12.8h-22.4c-6.4 0-12.8 6.4-12.8 12.8v198.4c0 6.4 6.4 12.8 12.8 12.8zm96 0h22.4c6.4 0 12.8-6.4 12.8-12.8V204.8c0-6.4-6.4-12.8-12.8-12.8h-22.4c-6.4 0-12.8 6.4-12.8 12.8v134.4c0 6.4 6.4 12.8 12.8 12.8zM496 400H48V80c0-8.84-7.16-16-16-16H16C7.16 64 0 71.16 0 80v336c0 17.67 14.33 32 32 32h464c8.84 0 16-7.16 16-16v-16c0-8.84-7.16-16-16-16zm-387.2-48h22.4c6.4 0 12.8-6.4 12.8-12.8v-70.4c0-6.4-6.4-12.8-12.8-12.8h-22.4c-6.4 0-12.8 6.4-12.8 12.8v70.4c0 6.4 6.4 12.8 12.8 12.8z\" class=\"\"><\/path><\/svg><\/i> <img loading=\"lazy\" decoding=\"async\" width=\"16\" height=\"16\" alt=\"Loading\" src=\"https:\/\/temucotelevision.cl\/web\/wp-content\/plugins\/page-views-count\/ajax-loader-2x.gif\" border=0 \/><\/p><div class=\"pvc_clear\"><\/div>\n<p>La campa\u00f1a comenz\u00f3 este lunes y se realizar\u00e1 hasta el 07 de junio. El dinero recaudado servir\u00e1 para que Coaniquem pueda seguir brindando ayuda a los ni\u00f1os y j\u00f3venes que lo necesiten. Los aportes\u00a0 se reciben en el link:\u00a0<a rel=\"noreferrer noopener\" href=\"https:\/\/desafiocoaniquem.cl\/alcancia\/125\" target=\"_blank\">https:\/\/desafiocoaniquem.cl\/alcancia\/125<\/a><\/p>\n\n\n\n<p>La Corporaci\u00f3n de Ayuda al Ni\u00f1o Quemado (COANIQUEM) comenz\u00f3 este lunes su campa\u00f1a &#8220;Desaf\u00edo Coaniquem 2020&#8221;, con la cual busca voluntarios que inviten a donar en su primera colecta nacional digital.&nbsp;<\/p>\n\n\n\n<p>La instituci\u00f3n, que tiene la misi\u00f3n de rehabilitar en forma integral y gratuita a los ni\u00f1os y j\u00f3venes que hayan sufrido quemaduras, debi\u00f3 adaptar su Colecta Nacional a plataformas digitales debido a la crisis de coronavirus en el pa\u00eds.&nbsp;<\/p>\n\n\n\n<p>El dinero recaudado servir\u00e1 para que Coaniquem pueda seguir brindando ayuda a los ni\u00f1os y j\u00f3venes que lo necesiten<\/p>\n\n\n\n<p>La corporaci\u00f3n de Ayuda al Ni\u00f1o Quemado, COANIQUEM, es una instituci\u00f3n privada sin fines de lucro, cuyos objetivos principales son rehabilitar integralmente y de manera gratuita al ni\u00f1o y adolescente con quemaduras y otras cicatrices.<\/p>\n\n\n\n<p>As\u00ed tambi\u00e9n, prevenir, capacitar e investigar en lo referente a esta patolog\u00eda, actuando en conjunto con las familias de los usuarios, nuestros benefactores, red de complementadores y la sociedad.<\/p>\n\n\n\n<p>Las quemaduras son un problema relevante de salud p\u00fablica en Chile, con m\u00e1s de 80.000 ni\u00f1os que se queman cada a\u00f1o. En muchos casos, esta experiencia dolorosa y sus cicatrices, estar\u00e1n presentes acompa\u00f1\u00e1ndolos, d\u00eda a d\u00eda, durante todas su vida.<\/p>\n\n\n\n<p>Por esto, la labor de COANIQUEM necesita del apoyo de la ciudadan\u00eda. Los aportes&nbsp; se reciben en el link:&nbsp;<a href=\"https:\/\/desafiocoaniquem.cl\/alcancia\/125\" target=\"_blank\" rel=\"noreferrer noopener\">https:\/\/desafiocoaniquem.cl\/alcancia\/125<\/a><\/p>\n","protected":false},"excerpt":{"rendered":"<div class=\"pvc_clear\"><\/div>\n<p id=\"pvc_stats_11017\" class=\"pvc_stats total_only  \" data-element-id=\"11017\" style=\"\"><i class=\"pvc-stats-icon large\" aria-hidden=\"true\"><svg aria-hidden=\"true\" focusable=\"false\" data-prefix=\"far\" data-icon=\"chart-bar\" role=\"img\" xmlns=\"http:\/\/www.w3.org\/2000\/svg\" viewBox=\"0 0 512 512\" class=\"svg-inline--fa fa-chart-bar fa-w-16 fa-2x\"><path fill=\"currentColor\" d=\"M396.8 352h22.4c6.4 0 12.8-6.4 12.8-12.8V108.8c0-6.4-6.4-12.8-12.8-12.8h-22.4c-6.4 0-12.8 6.4-12.8 12.8v230.4c0 6.4 6.4 12.8 12.8 12.8zm-192 0h22.4c6.4 0 12.8-6.4 12.8-12.8V140.8c0-6.4-6.4-12.8-12.8-12.8h-22.4c-6.4 0-12.8 6.4-12.8 12.8v198.4c0 6.4 6.4 12.8 12.8 12.8zm96 0h22.4c6.4 0 12.8-6.4 12.8-12.8V204.8c0-6.4-6.4-12.8-12.8-12.8h-22.4c-6.4 0-12.8 6.4-12.8 12.8v134.4c0 6.4 6.4 12.8 12.8 12.8zM496 400H48V80c0-8.84-7.16-16-16-16H16C7.16 64 0 71.16 0 80v336c0 17.67 14.33 32 32 32h464c8.84 0 16-7.16 16-16v-16c0-8.84-7.16-16-16-16zm-387.2-48h22.4c6.4 0 12.8-6.4 12.8-12.8v-70.4c0-6.4-6.4-12.8-12.8-12.8h-22.4c-6.4 0-12.8 6.4-12.8 12.8v70.4c0 6.4 6.4 12.8 12.8 12.8z\" class=\"\"><\/path><\/svg><\/i> <img loading=\"lazy\" decoding=\"async\" width=\"16\" height=\"16\" alt=\"Loading\" src=\"https:\/\/temucotelevision.cl\/web\/wp-content\/plugins\/page-views-count\/ajax-loader-2x.gif\" border=0 \/><\/p>\n<div class=\"pvc_clear\"><\/div>\n<p>La campa\u00f1a comenz\u00f3 este lunes y se realizar\u00e1 hasta el 07 de junio. El dinero recaudado servir\u00e1 para que Coaniquem<\/p>\n","protected":false},"author":1,"featured_media":11018,"comment_status":"open","ping_status":"open","sticky":false,"template":"","format":"standard","meta":{"colormag_page_container_layout":"default_layout","colormag_page_sidebar_layout":"default_layout","footnotes":""},"categories":[101],"tags":[2565,1652],"class_list":["post-11017","post","type-post","status-publish","format-standard","has-post-thumbnail","hentry","category-actualidad","tag-coaniquem","tag-desafio"],"a3_pvc":{"activated":true,"total_views":312,"today_views":0},"_links":{"self":[{"href":"https:\/\/temucotelevision.cl\/web\/wp-json\/wp\/v2\/posts\/11017","targetHints":{"allow":["GET"]}}],"collection":[{"href":"https:\/\/temucotelevision.cl\/web\/wp-json\/wp\/v2\/posts"}],"about":[{"href":"https:\/\/temucotelevision.cl\/web\/wp-json\/wp\/v2\/types\/post"}],"author":[{"embeddable":true,"href":"https:\/\/temucotelevision.cl\/web\/wp-json\/wp\/v2\/users\/1"}],"replies":[{"embeddable":true,"href":"https:\/\/temucotelevision.cl\/web\/wp-json\/wp\/v2\/comments?post=11017"}],"version-history":[{"count":1,"href":"https:\/\/temucotelevision.cl\/web\/wp-json\/wp\/v2\/posts\/11017\/revisions"}],"predecessor-version":[{"id":11019,"href":"https:\/\/temucotelevision.cl\/web\/wp-json\/wp\/v2\/posts\/11017\/revisions\/11019"}],"wp:featuredmedia":[{"embeddable":true,"href":"https:\/\/temucotelevision.cl\/web\/wp-json\/wp\/v2\/media\/11018"}],"wp:attachment":[{"href":"https:\/\/temucotelevision.cl\/web\/wp-json\/wp\/v2\/media?parent=11017"}],"wp:term":[{"taxonomy":"category","embeddable":true,"href":"https:\/\/temucotelevision.cl\/web\/wp-json\/wp\/v2\/categories?post=11017"},{"taxonomy":"post_tag","embeddable":true,"href":"https:\/\/temucotelevision.cl\/web\/wp-json\/wp\/v2\/tags?post=11017"}],"curies":[{"name":"wp","href":"https:\/\/api.w.org\/{rel}","templated":true}]}}