{"id":10672,"date":"2020-05-22T15:49:03","date_gmt":"2020-05-22T18:49:03","guid":{"rendered":"https:\/\/temucotelevision.cl\/web\/?p=10672"},"modified":"2020-05-22T15:49:05","modified_gmt":"2020-05-22T18:49:05","slug":"temuco-recibe-1-309-millones-desde-el-gobierno-concejal-neira-propone-apoyo-directo-en-dinero-a-familias-y-entregar-soporte-a-emprendedores-gastronomicos%ef%bb%bf","status":"publish","type":"post","link":"https:\/\/temucotelevision.cl\/web\/2020\/05\/22\/temuco-recibe-1-309-millones-desde-el-gobierno-concejal-neira-propone-apoyo-directo-en-dinero-a-familias-y-entregar-soporte-a-emprendedores-gastronomicos%ef%bb%bf\/","title":{"rendered":"Temuco recibe $1.309 millones desde el gobierno: Concejal Neira propone apoyo directo en dinero a familias y entregar soporte a emprendedores gastron\u00f3micos\ufeff"},"content":{"rendered":"<div class=\"pvc_clear\"><\/div><p id=\"pvc_stats_10672\" class=\"pvc_stats total_only  \" data-element-id=\"10672\" style=\"\"><i class=\"pvc-stats-icon large\" aria-hidden=\"true\"><svg aria-hidden=\"true\" focusable=\"false\" data-prefix=\"far\" data-icon=\"chart-bar\" role=\"img\" xmlns=\"http:\/\/www.w3.org\/2000\/svg\" viewBox=\"0 0 512 512\" class=\"svg-inline--fa fa-chart-bar fa-w-16 fa-2x\"><path fill=\"currentColor\" d=\"M396.8 352h22.4c6.4 0 12.8-6.4 12.8-12.8V108.8c0-6.4-6.4-12.8-12.8-12.8h-22.4c-6.4 0-12.8 6.4-12.8 12.8v230.4c0 6.4 6.4 12.8 12.8 12.8zm-192 0h22.4c6.4 0 12.8-6.4 12.8-12.8V140.8c0-6.4-6.4-12.8-12.8-12.8h-22.4c-6.4 0-12.8 6.4-12.8 12.8v198.4c0 6.4 6.4 12.8 12.8 12.8zm96 0h22.4c6.4 0 12.8-6.4 12.8-12.8V204.8c0-6.4-6.4-12.8-12.8-12.8h-22.4c-6.4 0-12.8 6.4-12.8 12.8v134.4c0 6.4 6.4 12.8 12.8 12.8zM496 400H48V80c0-8.84-7.16-16-16-16H16C7.16 64 0 71.16 0 80v336c0 17.67 14.33 32 32 32h464c8.84 0 16-7.16 16-16v-16c0-8.84-7.16-16-16-16zm-387.2-48h22.4c6.4 0 12.8-6.4 12.8-12.8v-70.4c0-6.4-6.4-12.8-12.8-12.8h-22.4c-6.4 0-12.8 6.4-12.8 12.8v70.4c0 6.4 6.4 12.8 12.8 12.8z\" class=\"\"><\/path><\/svg><\/i> <img loading=\"lazy\" decoding=\"async\" width=\"16\" height=\"16\" alt=\"Loading\" src=\"https:\/\/temucotelevision.cl\/web\/wp-content\/plugins\/page-views-count\/ajax-loader-2x.gif\" border=0 \/><\/p><div class=\"pvc_clear\"><\/div>\n<p><strong>Temuco, mayo de 2020.-&nbsp;<\/strong>El edil de Temuco, Roberto Neira, presentar\u00e1 propuesta de bono covid comunal en el pr\u00f3ximo concejo municipal.<\/p>\n\n\n\n<p>La Subsecretar\u00eda de Desarrollo Regional ya transfiri\u00f3 a los municipios de Chile la suma de 81 mil millones de pesos del fondo solidario, y en conformidad a la tabla de distribuci\u00f3n seg\u00fan criterios objetivos, tales como cantidad de poblaci\u00f3n y vulnerabilidad de cada comuna.&nbsp;<\/p>\n\n\n\n<p>De esta manera, a la municipalidad de Temuco (seg\u00fan tabla entregada por la SUBDERE) le corresponden $1.309.242.832 millones, los que tienen que ser destinados a la emergencia y directamente a la poblaci\u00f3n en temas tales como: la compra de alimentos b\u00e1sicos para una persona o grupo familiar, medicamentos, insumos m\u00e9dicos b\u00e1sicos para el tratamiento de enfermedades, consultas m\u00e9dicas, pago de arriendos y\/o gastos comunes. Por otra parte, tambi\u00e9n se consider\u00f3 el pago de servicios b\u00e1sicos como electricidad, agua, gas y otros elementos de calefacci\u00f3n, adem\u00e1s de otros aspectos que defina el municipio en virtud de su situaci\u00f3n particular.<\/p>\n\n\n\n<p><strong>Bono covid comunal<\/strong><\/p>\n\n\n\n<p>En ese sentido, es que el concejal de Temuco, Roberto Neira, solicitar\u00e1 al alcalde de Temuco y al concejo municipal, que parte de esta suma se utilice para entregar un bono econ\u00f3mico de apoyo en dinero a las personas que registren el cobro de seguro de cesant\u00eda entre los meses de abril a mayo de 2020, que ascienden al total de 7 mil personas aproximadamente.<\/p>\n\n\n\n<p>Este monto, seg\u00fan indic\u00f3 Neira, ser\u00eda similar al bono covid que entreg\u00f3 el gobierno, es decir,&nbsp;&nbsp;una suma $50.000 y que dar\u00eda un total de $350 millones de pesos.&nbsp;<\/p>\n\n\n\n<p>Repecto a la propuesta, el concejal Roberto Neira manifest\u00f3 que \u201c<em>esto corresponder\u00eda al 26% de los recursos totales entregados por el gobierno, dejando el 74% del total del monto asignado a la municipalidad para otro tipo de ayuda social\u201d<\/em>.&nbsp;<\/p>\n\n\n\n<p>Asimismo, Neira agreg\u00f3 que los requisitos pueden ser el de haber cobrado el seguro de cesant\u00eda, estar bajo del 60% en el Registro Social de Hogares, tener residencia en Temuco, entre otros que el concejo municipal pudiere establecer.<\/p>\n\n\n\n<p><em>\u201cHoy las familias tienen diferentes necesidades , no hay ninguna igual que otra. Algunas necesitan poder comprar un medicamento, otras calefacci\u00f3n o comida, otras necesitan reparar su vivienda de forma urgente, etc. Entonces, ante esta emergencia de necesidades le podemos entregar este bono en dinero donde ellos decidir\u00e1n en qu\u00e9 gastar\u00e1n, por otro lado, permite la transparencia y eficiencia en la entrega\u201d,&nbsp;<\/em>expuso Roberto Neira.<\/p>\n\n\n\n<p><strong>Soporte para comercio local<\/strong><\/p>\n\n\n\n<p>Por otra parte, el edil de Temuco agreg\u00f3 que esta ayuda tambi\u00e9n entregar\u00eda un soporte a la econom\u00eda local, ya que se inyectar\u00edan recursos y liquidez en el consumo:&nbsp;<em>\u201cAdem\u00e1s (con la propuesta) damos solvencia en dinero a un mercado alica\u00eddo que tambi\u00e9n ayudar\u00e1 a los comerciantes a reactivar la econom\u00eda local que ha disminuido sus ventas en un 20% en esta pandemia, seg\u00fan la C\u00e1mara Nacional de Comercio\u201d,&nbsp;<\/em>dijo Neira.<\/p>\n\n\n\n<p>Otro punto que se encuentra impulsando el concejal, tiene que ver con la colaboraci\u00f3n a la Asociaci\u00f3n Gremial Gastronom\u00eda y Bares Alemania A.G, al Comit\u00e9 de Seguridad Avenida Alemania y al Comit\u00e9 de Seguridad Centro, a partir de dos solicitudes: Facilitar el de pago de patentes comerciales, parcializando en cuotas o definitivamente correr y\/o postergar la fecha el pago de ellas, y entregar facilidad para poder usar sus locales para otro giro con el objetivo de poder mantenerlos y dar trabajo a la comunidad.<\/p>\n\n\n\n<p>Seg\u00fan el concejal, esta medida junto con otras ya presentadas al concejo y al alcalde hace algunas semanas atr\u00e1s,<em>&nbsp;<\/em>ir\u00edan en una direcci\u00f3n de ayuda inmediata a los comerciantes de la ciudad,<em>&nbsp;\u201cquienes han permanecido cerrados desde un comienzo de la pandemia en Temuco, trayendo como consecuencia el endeudamiento en pago de arriendos, imposiciones, impuestos, gastos b\u00e1sicos, salarios y deudas por pagar de proveedores\u201d<\/em>.<\/p>\n\n\n\n<p>Finalmente, el concejal de Temuco, Roberto Neira, fue enf\u00e1tico en se\u00f1alar que,&nbsp;<em>\u201cel municipio debe dar se\u00f1ales claras de apoyo a nuestros vecinos y comerciantes locales. Juntos debemos ganarle al coronavirus, pero tambi\u00e9n debemos dar todas las garant\u00edas desde el Estado y municipio, que esta crisis afecte lo menos posible la alica\u00edda econom\u00eda local\u201d.<\/em><\/p>\n","protected":false},"excerpt":{"rendered":"<div class=\"pvc_clear\"><\/div>\n<p id=\"pvc_stats_10672\" class=\"pvc_stats total_only  \" data-element-id=\"10672\" style=\"\"><i class=\"pvc-stats-icon large\" aria-hidden=\"true\"><svg aria-hidden=\"true\" focusable=\"false\" data-prefix=\"far\" data-icon=\"chart-bar\" role=\"img\" xmlns=\"http:\/\/www.w3.org\/2000\/svg\" viewBox=\"0 0 512 512\" class=\"svg-inline--fa fa-chart-bar fa-w-16 fa-2x\"><path fill=\"currentColor\" d=\"M396.8 352h22.4c6.4 0 12.8-6.4 12.8-12.8V108.8c0-6.4-6.4-12.8-12.8-12.8h-22.4c-6.4 0-12.8 6.4-12.8 12.8v230.4c0 6.4 6.4 12.8 12.8 12.8zm-192 0h22.4c6.4 0 12.8-6.4 12.8-12.8V140.8c0-6.4-6.4-12.8-12.8-12.8h-22.4c-6.4 0-12.8 6.4-12.8 12.8v198.4c0 6.4 6.4 12.8 12.8 12.8zm96 0h22.4c6.4 0 12.8-6.4 12.8-12.8V204.8c0-6.4-6.4-12.8-12.8-12.8h-22.4c-6.4 0-12.8 6.4-12.8 12.8v134.4c0 6.4 6.4 12.8 12.8 12.8zM496 400H48V80c0-8.84-7.16-16-16-16H16C7.16 64 0 71.16 0 80v336c0 17.67 14.33 32 32 32h464c8.84 0 16-7.16 16-16v-16c0-8.84-7.16-16-16-16zm-387.2-48h22.4c6.4 0 12.8-6.4 12.8-12.8v-70.4c0-6.4-6.4-12.8-12.8-12.8h-22.4c-6.4 0-12.8 6.4-12.8 12.8v70.4c0 6.4 6.4 12.8 12.8 12.8z\" class=\"\"><\/path><\/svg><\/i> <img loading=\"lazy\" decoding=\"async\" width=\"16\" height=\"16\" alt=\"Loading\" src=\"https:\/\/temucotelevision.cl\/web\/wp-content\/plugins\/page-views-count\/ajax-loader-2x.gif\" border=0 \/><\/p>\n<div class=\"pvc_clear\"><\/div>\n<p>Temuco, mayo de 2020.-&nbsp;El edil de Temuco, Roberto Neira, presentar\u00e1 propuesta de bono covid comunal en el pr\u00f3ximo concejo municipal.<\/p>\n","protected":false},"author":1,"featured_media":10633,"comment_status":"open","ping_status":"open","sticky":false,"template":"","format":"standard","meta":{"colormag_page_container_layout":"default_layout","colormag_page_sidebar_layout":"default_layout","footnotes":""},"categories":[84],"tags":[1664,1317],"class_list":["post-10672","post","type-post","status-publish","format-standard","has-post-thumbnail","hentry","category-politica","tag-concejal","tag-dineros"],"a3_pvc":{"activated":true,"total_views":19,"today_views":0},"_links":{"self":[{"href":"https:\/\/temucotelevision.cl\/web\/wp-json\/wp\/v2\/posts\/10672","targetHints":{"allow":["GET"]}}],"collection":[{"href":"https:\/\/temucotelevision.cl\/web\/wp-json\/wp\/v2\/posts"}],"about":[{"href":"https:\/\/temucotelevision.cl\/web\/wp-json\/wp\/v2\/types\/post"}],"author":[{"embeddable":true,"href":"https:\/\/temucotelevision.cl\/web\/wp-json\/wp\/v2\/users\/1"}],"replies":[{"embeddable":true,"href":"https:\/\/temucotelevision.cl\/web\/wp-json\/wp\/v2\/comments?post=10672"}],"version-history":[{"count":1,"href":"https:\/\/temucotelevision.cl\/web\/wp-json\/wp\/v2\/posts\/10672\/revisions"}],"predecessor-version":[{"id":10673,"href":"https:\/\/temucotelevision.cl\/web\/wp-json\/wp\/v2\/posts\/10672\/revisions\/10673"}],"wp:featuredmedia":[{"embeddable":true,"href":"https:\/\/temucotelevision.cl\/web\/wp-json\/wp\/v2\/media\/10633"}],"wp:attachment":[{"href":"https:\/\/temucotelevision.cl\/web\/wp-json\/wp\/v2\/media?parent=10672"}],"wp:term":[{"taxonomy":"category","embeddable":true,"href":"https:\/\/temucotelevision.cl\/web\/wp-json\/wp\/v2\/categories?post=10672"},{"taxonomy":"post_tag","embeddable":true,"href":"https:\/\/temucotelevision.cl\/web\/wp-json\/wp\/v2\/tags?post=10672"}],"curies":[{"name":"wp","href":"https:\/\/api.w.org\/{rel}","templated":true}]}}