{"id":10668,"date":"2020-05-22T14:24:06","date_gmt":"2020-05-22T17:24:06","guid":{"rendered":"https:\/\/temucotelevision.cl\/web\/?p=10668"},"modified":"2020-05-22T14:24:08","modified_gmt":"2020-05-22T17:24:08","slug":"covid-19-carabineros-de-la-prefectura-cautin-implementa-servicio-especial-para-detener-a-personas-que-quebranten-toque-de-queda","status":"publish","type":"post","link":"https:\/\/temucotelevision.cl\/web\/2020\/05\/22\/covid-19-carabineros-de-la-prefectura-cautin-implementa-servicio-especial-para-detener-a-personas-que-quebranten-toque-de-queda\/","title":{"rendered":"Covid-19: Carabineros de la Prefectura Caut\u00edn implementa servicio especial para detener a personas que quebranten toque de queda"},"content":{"rendered":"<div class=\"pvc_clear\"><\/div><p id=\"pvc_stats_10668\" class=\"pvc_stats total_only  \" data-element-id=\"10668\" style=\"\"><i class=\"pvc-stats-icon large\" aria-hidden=\"true\"><svg aria-hidden=\"true\" focusable=\"false\" data-prefix=\"far\" data-icon=\"chart-bar\" role=\"img\" xmlns=\"http:\/\/www.w3.org\/2000\/svg\" viewBox=\"0 0 512 512\" class=\"svg-inline--fa fa-chart-bar fa-w-16 fa-2x\"><path fill=\"currentColor\" d=\"M396.8 352h22.4c6.4 0 12.8-6.4 12.8-12.8V108.8c0-6.4-6.4-12.8-12.8-12.8h-22.4c-6.4 0-12.8 6.4-12.8 12.8v230.4c0 6.4 6.4 12.8 12.8 12.8zm-192 0h22.4c6.4 0 12.8-6.4 12.8-12.8V140.8c0-6.4-6.4-12.8-12.8-12.8h-22.4c-6.4 0-12.8 6.4-12.8 12.8v198.4c0 6.4 6.4 12.8 12.8 12.8zm96 0h22.4c6.4 0 12.8-6.4 12.8-12.8V204.8c0-6.4-6.4-12.8-12.8-12.8h-22.4c-6.4 0-12.8 6.4-12.8 12.8v134.4c0 6.4 6.4 12.8 12.8 12.8zM496 400H48V80c0-8.84-7.16-16-16-16H16C7.16 64 0 71.16 0 80v336c0 17.67 14.33 32 32 32h464c8.84 0 16-7.16 16-16v-16c0-8.84-7.16-16-16-16zm-387.2-48h22.4c6.4 0 12.8-6.4 12.8-12.8v-70.4c0-6.4-6.4-12.8-12.8-12.8h-22.4c-6.4 0-12.8 6.4-12.8 12.8v70.4c0 6.4 6.4 12.8 12.8 12.8z\" class=\"\"><\/path><\/svg><\/i> <img loading=\"lazy\" decoding=\"async\" width=\"16\" height=\"16\" alt=\"Loading\" src=\"https:\/\/temucotelevision.cl\/web\/wp-content\/plugins\/page-views-count\/ajax-loader-2x.gif\" border=0 \/><\/p><div class=\"pvc_clear\"><\/div>\n<p><em>Entre la noche del mi\u00e9rcoles y madrugada de este viernes, Carabineros de la Prefectura Caut\u00edn detuvo a 55 personas por quebrantar el toque de queda poniendo en peligro la salud p\u00fablica.<\/em><\/p>\n\n\n\n<p>Carabineros de la Prefectura Caut\u00edn, implement\u00f3 un servicio especial para prevenir y detener a personas que quebranten el toque de queda, medida dispuesta por la autoridad gubernamental y sanitaria para contener el avance del Coronavirus Covid-19 en el pa\u00eds.<\/p>\n\n\n\n<p>Entre la noche del mi\u00e9rcoles y madrugada de este viernes, Carabineros de la Prefectura Caut\u00edn detuvo a 55 personas por no respetar el toque de queda poniendo en peligro la salud p\u00fablica.<\/p>\n\n\n\n<p>&#8220;En el contexto de la pandemia del Covid-19 y las medidas dispuestas por la autoridad gubernamental y sanitaria para su control, Carabineros de Chile est\u00e1 efectuando esfuerzos con la finalidad de cooperar masivamente&nbsp; a este objetivo. En ese orden de ideas, hemos implementado un servicio con la finalidad de controlar el toque de queda. Es as\u00ed, que Carabineros est\u00e1 haciendo un servicio para prevenir, controlar y detener a las personas que circulan por la noche sin permiso nocturno. Reiteramos las instrucciones que entrega la autoridad gubernamental y sanitaria para evitar los graves males que ocasiona el Covid-19 en las personas, este no es un problema policial muy por el contrario es un problema de salud p\u00fablica y en eso todos tenemos que cooperar\u201d, se\u00f1al\u00f3 el Teniente Coronel Cristian Fern\u00e1ndez, Subprefecto de los Servicios de la Prefectura Caut\u00edn.<\/p>\n","protected":false},"excerpt":{"rendered":"<div class=\"pvc_clear\"><\/div>\n<p id=\"pvc_stats_10668\" class=\"pvc_stats total_only  \" data-element-id=\"10668\" style=\"\"><i class=\"pvc-stats-icon large\" aria-hidden=\"true\"><svg aria-hidden=\"true\" focusable=\"false\" data-prefix=\"far\" data-icon=\"chart-bar\" role=\"img\" xmlns=\"http:\/\/www.w3.org\/2000\/svg\" viewBox=\"0 0 512 512\" class=\"svg-inline--fa fa-chart-bar fa-w-16 fa-2x\"><path fill=\"currentColor\" d=\"M396.8 352h22.4c6.4 0 12.8-6.4 12.8-12.8V108.8c0-6.4-6.4-12.8-12.8-12.8h-22.4c-6.4 0-12.8 6.4-12.8 12.8v230.4c0 6.4 6.4 12.8 12.8 12.8zm-192 0h22.4c6.4 0 12.8-6.4 12.8-12.8V140.8c0-6.4-6.4-12.8-12.8-12.8h-22.4c-6.4 0-12.8 6.4-12.8 12.8v198.4c0 6.4 6.4 12.8 12.8 12.8zm96 0h22.4c6.4 0 12.8-6.4 12.8-12.8V204.8c0-6.4-6.4-12.8-12.8-12.8h-22.4c-6.4 0-12.8 6.4-12.8 12.8v134.4c0 6.4 6.4 12.8 12.8 12.8zM496 400H48V80c0-8.84-7.16-16-16-16H16C7.16 64 0 71.16 0 80v336c0 17.67 14.33 32 32 32h464c8.84 0 16-7.16 16-16v-16c0-8.84-7.16-16-16-16zm-387.2-48h22.4c6.4 0 12.8-6.4 12.8-12.8v-70.4c0-6.4-6.4-12.8-12.8-12.8h-22.4c-6.4 0-12.8 6.4-12.8 12.8v70.4c0 6.4 6.4 12.8 12.8 12.8z\" class=\"\"><\/path><\/svg><\/i> <img loading=\"lazy\" decoding=\"async\" width=\"16\" height=\"16\" alt=\"Loading\" src=\"https:\/\/temucotelevision.cl\/web\/wp-content\/plugins\/page-views-count\/ajax-loader-2x.gif\" border=0 \/><\/p>\n<div class=\"pvc_clear\"><\/div>\n<p>Entre la noche del mi\u00e9rcoles y madrugada de este viernes, Carabineros de la Prefectura Caut\u00edn detuvo a 55 personas por<\/p>\n","protected":false},"author":1,"featured_media":10669,"comment_status":"open","ping_status":"open","sticky":false,"template":"","format":"standard","meta":{"colormag_page_container_layout":"default_layout","colormag_page_sidebar_layout":"default_layout","footnotes":""},"categories":[16],"tags":[125,766],"class_list":["post-10668","post","type-post","status-publish","format-standard","has-post-thumbnail","hentry","category-policial","tag-carabineros","tag-personas"],"a3_pvc":{"activated":true,"total_views":29,"today_views":0},"_links":{"self":[{"href":"https:\/\/temucotelevision.cl\/web\/wp-json\/wp\/v2\/posts\/10668","targetHints":{"allow":["GET"]}}],"collection":[{"href":"https:\/\/temucotelevision.cl\/web\/wp-json\/wp\/v2\/posts"}],"about":[{"href":"https:\/\/temucotelevision.cl\/web\/wp-json\/wp\/v2\/types\/post"}],"author":[{"embeddable":true,"href":"https:\/\/temucotelevision.cl\/web\/wp-json\/wp\/v2\/users\/1"}],"replies":[{"embeddable":true,"href":"https:\/\/temucotelevision.cl\/web\/wp-json\/wp\/v2\/comments?post=10668"}],"version-history":[{"count":1,"href":"https:\/\/temucotelevision.cl\/web\/wp-json\/wp\/v2\/posts\/10668\/revisions"}],"predecessor-version":[{"id":10670,"href":"https:\/\/temucotelevision.cl\/web\/wp-json\/wp\/v2\/posts\/10668\/revisions\/10670"}],"wp:featuredmedia":[{"embeddable":true,"href":"https:\/\/temucotelevision.cl\/web\/wp-json\/wp\/v2\/media\/10669"}],"wp:attachment":[{"href":"https:\/\/temucotelevision.cl\/web\/wp-json\/wp\/v2\/media?parent=10668"}],"wp:term":[{"taxonomy":"category","embeddable":true,"href":"https:\/\/temucotelevision.cl\/web\/wp-json\/wp\/v2\/categories?post=10668"},{"taxonomy":"post_tag","embeddable":true,"href":"https:\/\/temucotelevision.cl\/web\/wp-json\/wp\/v2\/tags?post=10668"}],"curies":[{"name":"wp","href":"https:\/\/api.w.org\/{rel}","templated":true}]}}