{"id":10658,"date":"2020-05-22T13:33:26","date_gmt":"2020-05-22T16:33:26","guid":{"rendered":"https:\/\/temucotelevision.cl\/web\/?p=10658"},"modified":"2020-05-22T14:59:31","modified_gmt":"2020-05-22T17:59:31","slug":"mas-de-1500-familias-estudian-presentar-demanda-colectiva-por-alza-desmedida-de-cuentas-de-electricidad%ef%bb%bf","status":"publish","type":"post","link":"https:\/\/temucotelevision.cl\/web\/2020\/05\/22\/mas-de-1500-familias-estudian-presentar-demanda-colectiva-por-alza-desmedida-de-cuentas-de-electricidad%ef%bb%bf\/","title":{"rendered":"M\u00e1s de 1500 familias estudian presentar demanda colectiva por alza desmedida de cuentas de electricidad\ufeff"},"content":{"rendered":"<div class=\"pvc_clear\"><\/div><p id=\"pvc_stats_10658\" class=\"pvc_stats total_only  \" data-element-id=\"10658\" style=\"\"><i class=\"pvc-stats-icon large\" aria-hidden=\"true\"><svg aria-hidden=\"true\" focusable=\"false\" data-prefix=\"far\" data-icon=\"chart-bar\" role=\"img\" xmlns=\"http:\/\/www.w3.org\/2000\/svg\" viewBox=\"0 0 512 512\" class=\"svg-inline--fa fa-chart-bar fa-w-16 fa-2x\"><path fill=\"currentColor\" d=\"M396.8 352h22.4c6.4 0 12.8-6.4 12.8-12.8V108.8c0-6.4-6.4-12.8-12.8-12.8h-22.4c-6.4 0-12.8 6.4-12.8 12.8v230.4c0 6.4 6.4 12.8 12.8 12.8zm-192 0h22.4c6.4 0 12.8-6.4 12.8-12.8V140.8c0-6.4-6.4-12.8-12.8-12.8h-22.4c-6.4 0-12.8 6.4-12.8 12.8v198.4c0 6.4 6.4 12.8 12.8 12.8zm96 0h22.4c6.4 0 12.8-6.4 12.8-12.8V204.8c0-6.4-6.4-12.8-12.8-12.8h-22.4c-6.4 0-12.8 6.4-12.8 12.8v134.4c0 6.4 6.4 12.8 12.8 12.8zM496 400H48V80c0-8.84-7.16-16-16-16H16C7.16 64 0 71.16 0 80v336c0 17.67 14.33 32 32 32h464c8.84 0 16-7.16 16-16v-16c0-8.84-7.16-16-16-16zm-387.2-48h22.4c6.4 0 12.8-6.4 12.8-12.8v-70.4c0-6.4-6.4-12.8-12.8-12.8h-22.4c-6.4 0-12.8 6.4-12.8 12.8v70.4c0 6.4 6.4 12.8 12.8 12.8z\" class=\"\"><\/path><\/svg><\/i> <img loading=\"lazy\" decoding=\"async\" width=\"16\" height=\"16\" alt=\"Loading\" src=\"https:\/\/temucotelevision.cl\/web\/wp-content\/plugins\/page-views-count\/ajax-loader-2x.gif\" border=0 \/><\/p><div class=\"pvc_clear\"><\/div>\n<p><em>Consejera regional, Ana Mar\u00eda Soto, llam\u00f3 a la empresa CGE a flexibilizar los cobros y atender los reclamos de los vecinos, como tambi\u00e9n a los parlamentarios de la regi\u00f3n a tomar cartas en el asunto.<\/em><\/p>\n\n\n\n<p>&nbsp;Los presidentes las juntas de vecinos de los sectores Parque Costanera de Temuco, Alex Jaramillo, y Barrio Las Tranqueras, Paulina Ulloa, anunciaron que m\u00e1s de 1500 familias de sus respectivas villas y sectores aleda\u00f1os, estudian presentar una demanda colectiva contra la empresa CGE, producto de lo que calificaron como alzas desmedidas en sus cuentas de electricidad.<\/p>\n\n\n\n<p>Los dirigentes se reunieron con la consejera regional, Ana Mar\u00eda Soto, para dar a conocer su malestar ante esta situaci\u00f3n que est\u00e1 afectando a gran parte de los habitantes de aquellos lugares, donde muchos de ellos denuncian aumentos de m\u00e1s de un 50% en sus consumos, pese a que afirman no haber tenido un uso mayor al habitual, por lo que no se explican las razones de estos cobros.<\/p>\n\n\n\n<p>Jaramillo argument\u00f3 que muchos de los vecinos est\u00e1n atravesando por una complicada situaci\u00f3n econ\u00f3mica producto de la pandemia del covid-19, donde muchos de ellos son adultos mayores y otros jefes de hogar que han quedado sin trabajo, pero pese a ello se han visto obligados a cancelar recargos que van en promedio de $10 mil a $20 mil m\u00e1s de lo que cancelaban antes de la emergencia sanitaria.<\/p>\n\n\n\n<p>\u201cEste problema nace porque no tomaron las lecturas de abril y consideraron un decreto publicado el 7 de abril de 2020 que les permite tomar las lecturas m\u00e1s altas desde septiembre hasta abril y en base a ellos facturaron y despu\u00e9s descontaron el consumo del medidor, lo que no nos calza, pues la mayor\u00eda de las personas que se encuentran en cuarentena utilizaron pr\u00e1cticamente la misma electricidad que en enero, febrero o marzo, por lo que no se explican el porqu\u00e9 del sobreconsumo\u201d, asegur\u00f3 el dirigente, agregando que los afectados estudian la posibilidad de interponer esta demanda colectiva, ante lo que calific\u00f3 como \u201cun abuso de la empresa CGE ante los cobros de electricidad\u201d.<\/p>\n\n\n\n<p>LLAMADO A LA RESPONSABILIDAD SOCIAL EMPRESARIAL ANTE LA PANDEMIA<\/p>\n\n\n\n<p>La consejera Ana Mar\u00eda Soto, fustig\u00f3 a la empresa CGE, explicando que \u201cno solamente estamos ante una pandemia sanitaria, sino tambi\u00e9n econ\u00f3mica, donde hay adultos mayores y jefes de hogar que han quedado cesantes, de manera que un aumento en los cobros es para ellos algo muy significativo y por ello llamo a la empresa, dentro de la responsabilidad social que le compete, primero a atender la denuncia que hacen responsablemente los vecinos y con boleta en mano;&nbsp;&nbsp;como tambi\u00e9n los llamo a flexibilizar estos cobros ante la pandemia que estamos viviendo\u201d.<\/p>\n\n\n\n<p>Ana Mar\u00eda Soto agreg\u00f3 que este problema no solamente afecta a las personas del sector norte de Temuco, sino tambi\u00e9n de otras comunas como Padre Las Casas y la localidad de Labranza, adelantando que numerosos afectados de aquellos lugares tambi\u00e9n se estar\u00edan uniendo a esta demanda colectiva que se estudia presentar, producto de alzas que van incluso en un 50 o 100% de los valores habituales que se cancelan en algunos casos.<\/p>\n\n\n\n<p>Asimismo, se mostr\u00f3 extra\u00f1ada porque si bien se alega que no se est\u00e1n efectuando mediciones presenciales, de todos modos hay personal repartiendo las boletas con los cobros a cada una de las viviendas.<\/p>\n\n\n\n<p>\u201cCuando tienes una vivienda donde viven solamente adultos mayores y hay personas cesantes, basta con que les aumenten $10 mil para que eso produzca un impacto significativo en el presupuesto del hogar\u201d, a\u00f1adi\u00f3 la consejera, llamando tambi\u00e9n a los parlamentarios de La Araucan\u00eda a intervenir en favor de las familias afectadas por estas alzas en los cobros.<\/p>\n\n\n\n<p>COBROS DURANTE PROCESO DE RECLAMO<\/p>\n\n\n\n<p>Paulina Ulloa, presidenta de la Junta de Vecinos Barrio Las Tranqueras denunci\u00f3 tambi\u00e9n que ha recibido denuncias que dan cuenta de cobros durante la tramitaci\u00f3n de reclamos ante la empresa.<\/p>\n\n\n\n<p>\u201cAlgunos vecinos intentaron presentar un reclamo por Internet y cuando lo van a ingresar, les aparece un cobro de $9 mil y fracci\u00f3n, lo que consideramos un abuso, puesto que ni siquiera sabemos cu\u00e1l ser\u00e1 la respuesta de CGE \u00bfD\u00f3nde se ha visto eso?\u201d, sostuvo.<\/p>\n\n\n\n<p>La dirigenta manifest\u00f3 que en su sector existen personas que alegan no haber utilizado aparatos el\u00e9ctricos de alto consumo, como estufas o secadoras, sin embargo, los valores de las boletas que les han llegado son similares a como si los estuvieran usando.<\/p>\n\n\n\n<p>Fono contacto: Alex Jaramillo, Pdte JJVV Parque Costanera 985467231, Paulina Ulloa, Pdta JJVV Barrio Las Tranqueras 976281671<\/p>\n\n\n\n<figure class=\"wp-block-image\"><img loading=\"lazy\" decoding=\"async\" width=\"1024\" height=\"683\" src=\"https:\/\/temucotelevision.cl\/web\/wp-content\/uploads\/2020\/05\/cuentas-luz-1024x683.jpg\" alt=\"\" class=\"wp-image-10662\" srcset=\"https:\/\/temucotelevision.cl\/web\/wp-content\/uploads\/2020\/05\/cuentas-luz-1024x683.jpg 1024w, https:\/\/temucotelevision.cl\/web\/wp-content\/uploads\/2020\/05\/cuentas-luz-768x512.jpg 768w, https:\/\/temucotelevision.cl\/web\/wp-content\/uploads\/2020\/05\/cuentas-luz.jpg 1920w\" sizes=\"auto, (max-width: 1024px) 100vw, 1024px\" \/><\/figure>\n\n\n\n<p>Fono contacto: Alex Jaramillo, Pdte JJVV Parque Costanera 985467231, Paulina Ulloa, Pdta JJVV Barrio Las Tranqueras 976281671<\/p>\n\n\n\n<p><\/p>\n","protected":false},"excerpt":{"rendered":"<div class=\"pvc_clear\"><\/div>\n<p id=\"pvc_stats_10658\" class=\"pvc_stats total_only  \" data-element-id=\"10658\" style=\"\"><i class=\"pvc-stats-icon large\" aria-hidden=\"true\"><svg aria-hidden=\"true\" focusable=\"false\" data-prefix=\"far\" data-icon=\"chart-bar\" role=\"img\" xmlns=\"http:\/\/www.w3.org\/2000\/svg\" viewBox=\"0 0 512 512\" class=\"svg-inline--fa fa-chart-bar fa-w-16 fa-2x\"><path fill=\"currentColor\" d=\"M396.8 352h22.4c6.4 0 12.8-6.4 12.8-12.8V108.8c0-6.4-6.4-12.8-12.8-12.8h-22.4c-6.4 0-12.8 6.4-12.8 12.8v230.4c0 6.4 6.4 12.8 12.8 12.8zm-192 0h22.4c6.4 0 12.8-6.4 12.8-12.8V140.8c0-6.4-6.4-12.8-12.8-12.8h-22.4c-6.4 0-12.8 6.4-12.8 12.8v198.4c0 6.4 6.4 12.8 12.8 12.8zm96 0h22.4c6.4 0 12.8-6.4 12.8-12.8V204.8c0-6.4-6.4-12.8-12.8-12.8h-22.4c-6.4 0-12.8 6.4-12.8 12.8v134.4c0 6.4 6.4 12.8 12.8 12.8zM496 400H48V80c0-8.84-7.16-16-16-16H16C7.16 64 0 71.16 0 80v336c0 17.67 14.33 32 32 32h464c8.84 0 16-7.16 16-16v-16c0-8.84-7.16-16-16-16zm-387.2-48h22.4c6.4 0 12.8-6.4 12.8-12.8v-70.4c0-6.4-6.4-12.8-12.8-12.8h-22.4c-6.4 0-12.8 6.4-12.8 12.8v70.4c0 6.4 6.4 12.8 12.8 12.8z\" class=\"\"><\/path><\/svg><\/i> <img loading=\"lazy\" decoding=\"async\" width=\"16\" height=\"16\" alt=\"Loading\" src=\"https:\/\/temucotelevision.cl\/web\/wp-content\/plugins\/page-views-count\/ajax-loader-2x.gif\" border=0 \/><\/p>\n<div class=\"pvc_clear\"><\/div>\n<p>Consejera regional, Ana Mar\u00eda Soto, llam\u00f3 a la empresa CGE a flexibilizar los cobros y atender los reclamos de los<\/p>\n","protected":false},"author":1,"featured_media":10659,"comment_status":"open","ping_status":"open","sticky":false,"template":"","format":"standard","meta":{"colormag_page_container_layout":"default_layout","colormag_page_sidebar_layout":"default_layout","footnotes":""},"categories":[15],"tags":[517,2518,606],"class_list":["post-10658","post","type-post","status-publish","format-standard","has-post-thumbnail","hentry","category-la-araucania","tag-cge","tag-demanda","tag-luz"],"a3_pvc":{"activated":true,"total_views":53,"today_views":0},"_links":{"self":[{"href":"https:\/\/temucotelevision.cl\/web\/wp-json\/wp\/v2\/posts\/10658","targetHints":{"allow":["GET"]}}],"collection":[{"href":"https:\/\/temucotelevision.cl\/web\/wp-json\/wp\/v2\/posts"}],"about":[{"href":"https:\/\/temucotelevision.cl\/web\/wp-json\/wp\/v2\/types\/post"}],"author":[{"embeddable":true,"href":"https:\/\/temucotelevision.cl\/web\/wp-json\/wp\/v2\/users\/1"}],"replies":[{"embeddable":true,"href":"https:\/\/temucotelevision.cl\/web\/wp-json\/wp\/v2\/comments?post=10658"}],"version-history":[{"count":6,"href":"https:\/\/temucotelevision.cl\/web\/wp-json\/wp\/v2\/posts\/10658\/revisions"}],"predecessor-version":[{"id":10671,"href":"https:\/\/temucotelevision.cl\/web\/wp-json\/wp\/v2\/posts\/10658\/revisions\/10671"}],"wp:featuredmedia":[{"embeddable":true,"href":"https:\/\/temucotelevision.cl\/web\/wp-json\/wp\/v2\/media\/10659"}],"wp:attachment":[{"href":"https:\/\/temucotelevision.cl\/web\/wp-json\/wp\/v2\/media?parent=10658"}],"wp:term":[{"taxonomy":"category","embeddable":true,"href":"https:\/\/temucotelevision.cl\/web\/wp-json\/wp\/v2\/categories?post=10658"},{"taxonomy":"post_tag","embeddable":true,"href":"https:\/\/temucotelevision.cl\/web\/wp-json\/wp\/v2\/tags?post=10658"}],"curies":[{"name":"wp","href":"https:\/\/api.w.org\/{rel}","templated":true}]}}