{"id":10651,"date":"2020-05-22T00:25:00","date_gmt":"2020-05-22T03:25:00","guid":{"rendered":"https:\/\/temucotelevision.cl\/web\/?p=10651"},"modified":"2020-05-22T00:28:30","modified_gmt":"2020-05-22T03:28:30","slug":"zonas-costeras-de-la-araucania-contaran-con-estudio-por-riesgo-de-tsunami","status":"publish","type":"post","link":"https:\/\/temucotelevision.cl\/web\/2020\/05\/22\/zonas-costeras-de-la-araucania-contaran-con-estudio-por-riesgo-de-tsunami\/","title":{"rendered":"Zonas Costeras de La Araucan\u00eda contar\u00e1n con estudio por riesgo de Tsunami"},"content":{"rendered":"<div class=\"pvc_clear\"><\/div><p id=\"pvc_stats_10651\" class=\"pvc_stats total_only  \" data-element-id=\"10651\" style=\"\"><i class=\"pvc-stats-icon large\" aria-hidden=\"true\"><svg aria-hidden=\"true\" focusable=\"false\" data-prefix=\"far\" data-icon=\"chart-bar\" role=\"img\" xmlns=\"http:\/\/www.w3.org\/2000\/svg\" viewBox=\"0 0 512 512\" class=\"svg-inline--fa fa-chart-bar fa-w-16 fa-2x\"><path fill=\"currentColor\" d=\"M396.8 352h22.4c6.4 0 12.8-6.4 12.8-12.8V108.8c0-6.4-6.4-12.8-12.8-12.8h-22.4c-6.4 0-12.8 6.4-12.8 12.8v230.4c0 6.4 6.4 12.8 12.8 12.8zm-192 0h22.4c6.4 0 12.8-6.4 12.8-12.8V140.8c0-6.4-6.4-12.8-12.8-12.8h-22.4c-6.4 0-12.8 6.4-12.8 12.8v198.4c0 6.4 6.4 12.8 12.8 12.8zm96 0h22.4c6.4 0 12.8-6.4 12.8-12.8V204.8c0-6.4-6.4-12.8-12.8-12.8h-22.4c-6.4 0-12.8 6.4-12.8 12.8v134.4c0 6.4 6.4 12.8 12.8 12.8zM496 400H48V80c0-8.84-7.16-16-16-16H16C7.16 64 0 71.16 0 80v336c0 17.67 14.33 32 32 32h464c8.84 0 16-7.16 16-16v-16c0-8.84-7.16-16-16-16zm-387.2-48h22.4c6.4 0 12.8-6.4 12.8-12.8v-70.4c0-6.4-6.4-12.8-12.8-12.8h-22.4c-6.4 0-12.8 6.4-12.8 12.8v70.4c0 6.4 6.4 12.8 12.8 12.8z\" class=\"\"><\/path><\/svg><\/i> <img loading=\"lazy\" decoding=\"async\" width=\"16\" height=\"16\" alt=\"Loading\" src=\"https:\/\/temucotelevision.cl\/web\/wp-content\/plugins\/page-views-count\/ajax-loader-2x.gif\" border=0 \/><\/p><div class=\"pvc_clear\"><\/div>\n<p><em>A 60 a\u00f1os del Terremoto y posterior Tsunami m\u00e1s fuerte del mundo:<\/em><\/p>\n\n\n\n<p><strong>La inversi\u00f3n del estudio se realiz\u00f3 gracias al Ministerio de Vivienda y Urbanismo para a futuro resguardar a la poblaci\u00f3n ante eventuales riesgos de desastres naturales.<\/strong><\/p>\n\n\n\n<p>Un d\u00eda inolvidable quedar\u00e1 en la retina de las familias de las costeras comuna de La Araucan\u00eda, principalmente en Puerto Saavedra y Tolt\u00e9n, esto porque un 22 de mayo del a\u00f1o 1960 se vivi\u00f3 el terremoto y posterior maremoto m\u00e1s grande de la historia que azot\u00f3 a las costas de nuestro pa\u00eds, estableciendo un antes y un despu\u00e9s de lo ocurrido con gigantescas olas que quitaron el sue\u00f1o de cientos de familias de nuestra zona costera. Es por esta raz\u00f3n, y porque nuestro pa\u00eds tiene un gran porcentaje de sismicidad, es que el Ministerio de Vivienda y Urbanismo de la Regi\u00f3n de La Araucan\u00eda se encuentra desarrollando un estudio de riesgo de Tsunami en base a informaci\u00f3n existente, y de nueva informaci\u00f3n para las costeras comunas de Puerto Saavedra, Tolt\u00e9n, Carahue y Teodoro Schmidt. Con ello se podr\u00e1 evaluar la vulnerabilidad y percepci\u00f3n de riesgo del fen\u00f3meno mar\u00edtimo que desplaza verticalmente a la zona oce\u00e1nica m\u00e1s conocida como tsunami; previniendo los riesgos e informando a la ciudadan\u00eda que viven cerca de las costas mar\u00edtimas.&nbsp;<\/p>\n\n\n\n<p>Por lo anterior, que en lo que va del 2020, funcionarios del MINVU junto a facultativos de la Universidad de Concepci\u00f3n y representantes de los 4 municipios de las comunas costeras, anteriormente se\u00f1aladas, han estado trabajando en conjunto para elaborar este proyecto que les permitir\u00e1 a las familias vivir de una manera mucho m\u00e1s segura. \u201cEste es un estudio que se va durar cerca de 2 a\u00f1os y que permitir\u00e1 en las comunas de Puerto Saavedra, Teodoro Schmidt, Tolt\u00e9n, y Carahue, identificar las zonas de riesgo que tiene el borde costero de La Araucan\u00eda, pero adem\u00e1s identificar las zonas de inversi\u00f3n no solo p\u00fablicas sino que tambi\u00e9n para convencer a la empresa privada que se atreva a generar empleabilidad en estas zonas que por a\u00f1os han estado en el abandono desde el mundo privado\u201d. Se\u00f1al\u00f3 el Seremi de Vivienda y Urbanismo de La Araucan\u00eda, Pablo Artigas.<\/p>\n\n\n\n<p>Respecto a la inversi\u00f3n del estudio, la autoridad de vivienda manifest\u00f3 \u201cque tiene un costo de 240 millones de pesos, lo que permitir\u00e1 tener una medici\u00f3n del fondo marino y un informe exhaustivo respecto de las \u00e1reas puntuales que podr\u00edan tener riesgo de inundaci\u00f3n\u201d.<\/p>\n\n\n\n<p>Para la Coordinadora de Reducci\u00f3n&nbsp;&nbsp;de Riesgos de Desastres del MINVU, Gabriella De Angelis,&nbsp;&nbsp;\u201ces s\u00faper importante trabajar en medidas de disminuci\u00f3n de riesgos sobre todo porque generamos conciencia en la comunidad sobre d\u00f3nde viven, pero no para asustarlas, sino para que haya conciencia y sepan que viven en una zona de riesgo. Las comunidades tienen que estar preparadas al momento de una eventual emergencia, ya que hay recurrencia hist\u00f3rica y por lo mismo es muy importante saber c\u00f3mo actuar en caso de emergencia y conocer sus v\u00edas de evacuaci\u00f3n\u201d.<\/p>\n\n\n\n<p><strong>La prevenci\u00f3n para las zonas costeras de La Araucan\u00eda<\/strong><\/p>\n\n\n\n<p>Sin duda alguna este estudio permitir\u00e1 ense\u00f1arle a la ciudadan\u00eda respecto a cu\u00e1les son las zonas de riesgo en el borde costero. Ya que recordemos que el terremoto y posterior maremoto de 1960 y que tuvo su epicentro en la ciudad de Valdivia, ocurrido a las 14:55 horas y con una intensidad de 9,5 grados en la escala de Ritcher dej\u00f3 como fallecidos a un total aproximado de 1.900 personas, de las cuales 50 de ellos eran de Puerto Saavedra. Por lo mismo, el edil de la comuna Juan Paillafil agradeci\u00f3 el estudio que el MINVU desarrolla para su comuna. \u201cEs una importante iniciativa que lleva adelante el Ministerio de Vivienda y Urbanismo en la zona costera de La Araucan\u00eda y para nosotros que vivimos ac\u00e1 d\u00eda y a d\u00eda, y en la memoria de nuestra gente est\u00e1 el terremoto del a\u00f1o 1960 y el del 2010. Hoy la gente est\u00e1 muy preocupada por este tema, entonces valoramos la iniciativa porque es un estudio serio que se va hacer y es una inversi\u00f3n a la prevenci\u00f3n\u201d. Sentenci\u00f3<\/p>\n\n\n\n<p>Adem\u00e1s agreg\u00f3 que \u201cgeneralmente nosotros estamos acostumbrados a invertir para la reconstrucci\u00f3n y no para la prevenci\u00f3n. Por eso es importante este estudio para proteger a la poblaci\u00f3n y as\u00ed aminorar los riesgos de desastres que podamos tener a futuro y tambi\u00e9n para algunas alternativas de inversi\u00f3n. Esperemos que el estudio tambi\u00e9n contemple la participaci\u00f3n de nuestra gente ya que ellos tienen el conocimiento de mucha gente que vivi\u00f3 el tsunami y el terremoto del a\u00f1o 1960 y del 2010\u201d.<\/p>\n\n\n\n<p>Para culminar el acad\u00e9mico de la Facultad de Ciencias Naturales de la Universidad de Concepci\u00f3n, Octavio Rojas, se\u00f1al\u00f3 \u201cnosotros vamos a determinar las \u00e1reas y la extensi\u00f3n y la din\u00e1mica del peligro de tsunami, adicionalmente vamos a analizar las vulnerabilidades del territorio para llegar a estimar el riesgo; todo con el objetivo de buscar territorios que sean m\u00e1s resilentes frente a un potencial desastre\u201d.<\/p>\n\n\n\n<figure class=\"wp-block-image\"><img loading=\"lazy\" decoding=\"async\" width=\"1024\" height=\"663\" src=\"https:\/\/temucotelevision.cl\/web\/wp-content\/uploads\/2020\/05\/Maremoto-Valdivia-1960-1024x663.jpg\" alt=\"\" class=\"wp-image-10652\" srcset=\"https:\/\/temucotelevision.cl\/web\/wp-content\/uploads\/2020\/05\/Maremoto-Valdivia-1960-1024x663.jpg 1024w, https:\/\/temucotelevision.cl\/web\/wp-content\/uploads\/2020\/05\/Maremoto-Valdivia-1960-768x497.jpg 768w, https:\/\/temucotelevision.cl\/web\/wp-content\/uploads\/2020\/05\/Maremoto-Valdivia-1960.jpg 1439w\" sizes=\"auto, (max-width: 1024px) 100vw, 1024px\" \/><\/figure>\n","protected":false},"excerpt":{"rendered":"<div class=\"pvc_clear\"><\/div>\n<p id=\"pvc_stats_10651\" class=\"pvc_stats total_only  \" data-element-id=\"10651\" style=\"\"><i class=\"pvc-stats-icon large\" aria-hidden=\"true\"><svg aria-hidden=\"true\" focusable=\"false\" data-prefix=\"far\" data-icon=\"chart-bar\" role=\"img\" xmlns=\"http:\/\/www.w3.org\/2000\/svg\" viewBox=\"0 0 512 512\" class=\"svg-inline--fa fa-chart-bar fa-w-16 fa-2x\"><path fill=\"currentColor\" d=\"M396.8 352h22.4c6.4 0 12.8-6.4 12.8-12.8V108.8c0-6.4-6.4-12.8-12.8-12.8h-22.4c-6.4 0-12.8 6.4-12.8 12.8v230.4c0 6.4 6.4 12.8 12.8 12.8zm-192 0h22.4c6.4 0 12.8-6.4 12.8-12.8V140.8c0-6.4-6.4-12.8-12.8-12.8h-22.4c-6.4 0-12.8 6.4-12.8 12.8v198.4c0 6.4 6.4 12.8 12.8 12.8zm96 0h22.4c6.4 0 12.8-6.4 12.8-12.8V204.8c0-6.4-6.4-12.8-12.8-12.8h-22.4c-6.4 0-12.8 6.4-12.8 12.8v134.4c0 6.4 6.4 12.8 12.8 12.8zM496 400H48V80c0-8.84-7.16-16-16-16H16C7.16 64 0 71.16 0 80v336c0 17.67 14.33 32 32 32h464c8.84 0 16-7.16 16-16v-16c0-8.84-7.16-16-16-16zm-387.2-48h22.4c6.4 0 12.8-6.4 12.8-12.8v-70.4c0-6.4-6.4-12.8-12.8-12.8h-22.4c-6.4 0-12.8 6.4-12.8 12.8v70.4c0 6.4 6.4 12.8 12.8 12.8z\" class=\"\"><\/path><\/svg><\/i> <img loading=\"lazy\" decoding=\"async\" width=\"16\" height=\"16\" alt=\"Loading\" src=\"https:\/\/temucotelevision.cl\/web\/wp-content\/plugins\/page-views-count\/ajax-loader-2x.gif\" border=0 \/><\/p>\n<div class=\"pvc_clear\"><\/div>\n<p>A 60 a\u00f1os del Terremoto y posterior Tsunami m\u00e1s fuerte del mundo: La inversi\u00f3n del estudio se realiz\u00f3 gracias al<\/p>\n","protected":false},"author":1,"featured_media":10654,"comment_status":"open","ping_status":"open","sticky":false,"template":"","format":"standard","meta":{"colormag_page_container_layout":"default_layout","colormag_page_sidebar_layout":"default_layout","footnotes":""},"categories":[15],"tags":[2517,415],"class_list":["post-10651","post","type-post","status-publish","format-standard","has-post-thumbnail","hentry","category-la-araucania","tag-tsunami","tag-zonas"],"a3_pvc":{"activated":true,"total_views":95,"today_views":0},"_links":{"self":[{"href":"https:\/\/temucotelevision.cl\/web\/wp-json\/wp\/v2\/posts\/10651","targetHints":{"allow":["GET"]}}],"collection":[{"href":"https:\/\/temucotelevision.cl\/web\/wp-json\/wp\/v2\/posts"}],"about":[{"href":"https:\/\/temucotelevision.cl\/web\/wp-json\/wp\/v2\/types\/post"}],"author":[{"embeddable":true,"href":"https:\/\/temucotelevision.cl\/web\/wp-json\/wp\/v2\/users\/1"}],"replies":[{"embeddable":true,"href":"https:\/\/temucotelevision.cl\/web\/wp-json\/wp\/v2\/comments?post=10651"}],"version-history":[{"count":1,"href":"https:\/\/temucotelevision.cl\/web\/wp-json\/wp\/v2\/posts\/10651\/revisions"}],"predecessor-version":[{"id":10653,"href":"https:\/\/temucotelevision.cl\/web\/wp-json\/wp\/v2\/posts\/10651\/revisions\/10653"}],"wp:featuredmedia":[{"embeddable":true,"href":"https:\/\/temucotelevision.cl\/web\/wp-json\/wp\/v2\/media\/10654"}],"wp:attachment":[{"href":"https:\/\/temucotelevision.cl\/web\/wp-json\/wp\/v2\/media?parent=10651"}],"wp:term":[{"taxonomy":"category","embeddable":true,"href":"https:\/\/temucotelevision.cl\/web\/wp-json\/wp\/v2\/categories?post=10651"},{"taxonomy":"post_tag","embeddable":true,"href":"https:\/\/temucotelevision.cl\/web\/wp-json\/wp\/v2\/tags?post=10651"}],"curies":[{"name":"wp","href":"https:\/\/api.w.org\/{rel}","templated":true}]}}