{"id":10648,"date":"2020-05-22T00:09:05","date_gmt":"2020-05-22T03:09:05","guid":{"rendered":"https:\/\/temucotelevision.cl\/web\/?p=10648"},"modified":"2020-05-22T00:09:07","modified_gmt":"2020-05-22T03:09:07","slug":"sofofa-conapyme-y-cam-santiago-sellan-acuerdo-multigremial-para-ir-en-ayuda-de-las-pymes%ef%bb%bf%ef%bb%bf","status":"publish","type":"post","link":"https:\/\/temucotelevision.cl\/web\/2020\/05\/22\/sofofa-conapyme-y-cam-santiago-sellan-acuerdo-multigremial-para-ir-en-ayuda-de-las-pymes%ef%bb%bf%ef%bb%bf\/","title":{"rendered":"SOFOFA, Conapyme y CAM Santiago sellan acuerdo multigremial para ir en ayuda de las pymes\ufeff\ufeff"},"content":{"rendered":"<div class=\"pvc_clear\"><\/div><p id=\"pvc_stats_10648\" class=\"pvc_stats total_only  \" data-element-id=\"10648\" style=\"\"><i class=\"pvc-stats-icon large\" aria-hidden=\"true\"><svg aria-hidden=\"true\" focusable=\"false\" data-prefix=\"far\" data-icon=\"chart-bar\" role=\"img\" xmlns=\"http:\/\/www.w3.org\/2000\/svg\" viewBox=\"0 0 512 512\" class=\"svg-inline--fa fa-chart-bar fa-w-16 fa-2x\"><path fill=\"currentColor\" d=\"M396.8 352h22.4c6.4 0 12.8-6.4 12.8-12.8V108.8c0-6.4-6.4-12.8-12.8-12.8h-22.4c-6.4 0-12.8 6.4-12.8 12.8v230.4c0 6.4 6.4 12.8 12.8 12.8zm-192 0h22.4c6.4 0 12.8-6.4 12.8-12.8V140.8c0-6.4-6.4-12.8-12.8-12.8h-22.4c-6.4 0-12.8 6.4-12.8 12.8v198.4c0 6.4 6.4 12.8 12.8 12.8zm96 0h22.4c6.4 0 12.8-6.4 12.8-12.8V204.8c0-6.4-6.4-12.8-12.8-12.8h-22.4c-6.4 0-12.8 6.4-12.8 12.8v134.4c0 6.4 6.4 12.8 12.8 12.8zM496 400H48V80c0-8.84-7.16-16-16-16H16C7.16 64 0 71.16 0 80v336c0 17.67 14.33 32 32 32h464c8.84 0 16-7.16 16-16v-16c0-8.84-7.16-16-16-16zm-387.2-48h22.4c6.4 0 12.8-6.4 12.8-12.8v-70.4c0-6.4-6.4-12.8-12.8-12.8h-22.4c-6.4 0-12.8 6.4-12.8 12.8v70.4c0 6.4 6.4 12.8 12.8 12.8z\" class=\"\"><\/path><\/svg><\/i> <img loading=\"lazy\" decoding=\"async\" width=\"16\" height=\"16\" alt=\"Loading\" src=\"https:\/\/temucotelevision.cl\/web\/wp-content\/plugins\/page-views-count\/ajax-loader-2x.gif\" border=0 \/><\/p><div class=\"pvc_clear\"><\/div>\n<p><strong>&#8211; La iniciativa, que se concret\u00f3 en una reuni\u00f3n online, permitir\u00e1 que todas las pymes asociadas a los tres gremios y que enfrenten conflictos comerciales, puedan verse beneficiadas con mil mediaciones gratuitas, optando a este servicio de manera preferente.&nbsp;<\/strong><br><\/p>\n\n\n\n<p>Una reuni\u00f3n online sostuvieron los presidentes y m\u00e1ximos representantes de la Sociedad de Fomento Fabril (SOFOFA), Conapyme, la C\u00e1mara de Comercio de Santiago (CCS) y el Centro de Arbitraje y Mediaci\u00f3n (CAM) de la CCS, para firmar de manera virtual el \u201cConvenio de Mediaciones\u201d, el cual se traduce en un acuerdo para promover, difundir y otorgar el servicio de mediaci\u00f3n a todas las pymes que hoy son parte de estos tres gremios.<\/p>\n\n\n\n<p>El objetivo de esta iniciativa es promover el desarrollo de los asociados a estos gremios y validarlos como un aporte al pa\u00eds para su modernizaci\u00f3n y progreso. Dentro de ese \u00e1mbito, se encuentra la resoluci\u00f3n de los conflictos a trav\u00e9s de mecanismos colaborativos y de di\u00e1logo, que operen de manera temprana y con el menor costo posible, lo que constituye una necesidad para las pymes que cotidianamente enfrentan problem\u00e1ticas en sus relaciones comerciales.&nbsp;<\/p>\n\n\n\n<p>As\u00ed lo recalc\u00f3 el presidente de la C\u00e1mara de Comercio de Santiago, Peter Hill, quien afirm\u00f3 durante el encuentro que \u201cla mediaci\u00f3n es una ayuda gigante para la peque\u00f1a, mediana y gran empresa; les da la oportunidad de dialogar y de buscar acuerdos, lo que es tremendamente importante en el contexto que estamos viviendo hoy en nuestro pa\u00eds. Esta alianza y esta uni\u00f3n multigremial, nos permite abrir este nuevo abanico que se llama mediaci\u00f3n y ofrecerlo a quienes m\u00e1s lo necesitan\u201d.&nbsp;<\/p>\n\n\n\n<p>Lo anterior, en referencia tambi\u00e9n a que la mediaci\u00f3n permite resolver conflictos de manera expedita y en un tiempo acotado, y evitar la judicializaci\u00f3n y los costos asociados al conflicto.<\/p>\n\n\n\n<p>\tAnte esto, el presidente de Conapyme, Germ\u00e1n Dastres, se\u00f1al\u00f3 que \u201cmuchas veces, las pymes prefieren dejar conflictos de lado porque significan un alto costo y, en ese sentido, esta alianza en muy importante, porque nos entrega una muy buena herramienta que nos va ayudar much\u00edsimo, sobre todo en el contexto actual, una ayuda para seguir progresando\u201d.&nbsp;<\/p>\n\n\n\n<p>Bajo este mismo punto, el presidente de Indupan, Jos\u00e9 Carre\u00f1o enfatiz\u00f3: \u201cPara nosotros es algo hist\u00f3rico porque viene a dar se\u00f1ales de dos mundos que muchas veces aparecen como antag\u00f3nicos y no tendr\u00edan por qu\u00e9 serlo, porque participamos de algo conjunto que es el mercado, que es la grande y la peque\u00f1a empresa. Esos dos mundos que a veces est\u00e1n distanciados, hoy en un esfuerzo colaborativo, logramos avanzar en esto y unirnos con la CCS&nbsp; y a trav\u00e9s del CAM, para entregar esta soluci\u00f3n que es de primer nivel\u201d.<\/p>\n\n\n\n<p>Por su parte, el presidente del Consejo del CAM, Herman Chadwick, solicit\u00f3 especial ayuda para promocionar este plan entre las pymes, especialmente porque \u201cpodemos darle un gran espaldarazo a las empresas que hoy nos necesitan y brindarles una soluci\u00f3n posible en medio de la crisis que estamos viviendo\u201d.&nbsp;<\/p>\n\n\n\n<p>Cabe destacar que el \u201cConvenio de Mediaciones\u201d, como lo se\u00f1al\u00f3 la directora ejecutiva del CAM, Macarena Letelier, ya est\u00e1 en funcionamiento y constituye un beneficio para los asociados de la SOFOFA y Conapyme, en el marco del cual el CAM recibir\u00e1 solicitudes de mediaci\u00f3n, trat\u00e1ndose de conflictos civiles y comerciales, cuya cuant\u00eda no exceda las 3 mil UF. Los socios de Conapyme estar\u00e1n exentos del pago de la Tasa Administrativa y los de la SOFOFA tendr\u00e1n una disminuci\u00f3n considerable en la tasa administrativa de 2 UF. Asimismo, los honorarios del mediador ascienden a 4 UF por cada parte que participe en el proceso.&nbsp;<\/p>\n\n\n\n<p>Como se detall\u00f3 en la reuni\u00f3n, est\u00e1 en las manos de Conapyme y la SOFOFA difundir este acuerdo entre sus asociados. As\u00ed lo enfatiz\u00f3 el presidente de la SOFOFA, Bernardo Larra\u00edn: \u201cCuando proponemos pol\u00edticas p\u00fablicas, al final no es bueno separar el mundo entre peque\u00f1o, mediano y grande, especialmente en tiempos de crisis. Hay que salir de una profunda crisis econ\u00f3mica y m\u00e1s all\u00e1 de las medidas paliativas que se est\u00e1n tomando para pasar este valle, que va a ser profundo, tenemos que empezar a trabajar en las medidas de largo plazo. Esta colaboraci\u00f3n es muy indicativa de eso\u201d.<\/p>\n\n\n\n<p>Es importante se\u00f1alar que para que los asociados a dichos gremios recurran a este servicio, deben presentar una solicitud de mediaci\u00f3n en el CAM Santiago o remitirla a los correos electr\u00f3nicos del Centro que se indiquen, debiendo acompa\u00f1arse el contrato, los datos de individualizaci\u00f3n, tel\u00e9fono y e-mail de la parte solicitada. Luego, el Centro se contactar\u00e1 con ambas partes en cuesti\u00f3n y explicar\u00e1 en qu\u00e9 consiste esta herramienta y sus beneficios.&nbsp;&nbsp;<\/p>\n\n\n\n<p>Por \u00faltimo, la vicepresidenta de la SOFOFA, Janet Awad, resalt\u00f3: \u201cQuiero destacar que en el esp\u00edritu de todos los encuentros que tuvimos con el equipo de Conapyme y el CAM, hubo siempre una mirada muy abierta a ver c\u00f3mo un\u00edamos las distintas necesidades, c\u00f3mo pon\u00edamos las posiciones del conocimiento que ya existe. Ahora, debemos ser muy enf\u00e1ticos, muy rigurosos, en comunicar y en mostrar esta gran herramienta que tenemos para que pueda hacerse vida, que eso es lo importante en estos tipos de acuerdos\u201d.<\/p>\n","protected":false},"excerpt":{"rendered":"<div class=\"pvc_clear\"><\/div>\n<p id=\"pvc_stats_10648\" class=\"pvc_stats total_only  \" data-element-id=\"10648\" style=\"\"><i class=\"pvc-stats-icon large\" aria-hidden=\"true\"><svg aria-hidden=\"true\" focusable=\"false\" data-prefix=\"far\" data-icon=\"chart-bar\" role=\"img\" xmlns=\"http:\/\/www.w3.org\/2000\/svg\" viewBox=\"0 0 512 512\" class=\"svg-inline--fa fa-chart-bar fa-w-16 fa-2x\"><path fill=\"currentColor\" d=\"M396.8 352h22.4c6.4 0 12.8-6.4 12.8-12.8V108.8c0-6.4-6.4-12.8-12.8-12.8h-22.4c-6.4 0-12.8 6.4-12.8 12.8v230.4c0 6.4 6.4 12.8 12.8 12.8zm-192 0h22.4c6.4 0 12.8-6.4 12.8-12.8V140.8c0-6.4-6.4-12.8-12.8-12.8h-22.4c-6.4 0-12.8 6.4-12.8 12.8v198.4c0 6.4 6.4 12.8 12.8 12.8zm96 0h22.4c6.4 0 12.8-6.4 12.8-12.8V204.8c0-6.4-6.4-12.8-12.8-12.8h-22.4c-6.4 0-12.8 6.4-12.8 12.8v134.4c0 6.4 6.4 12.8 12.8 12.8zM496 400H48V80c0-8.84-7.16-16-16-16H16C7.16 64 0 71.16 0 80v336c0 17.67 14.33 32 32 32h464c8.84 0 16-7.16 16-16v-16c0-8.84-7.16-16-16-16zm-387.2-48h22.4c6.4 0 12.8-6.4 12.8-12.8v-70.4c0-6.4-6.4-12.8-12.8-12.8h-22.4c-6.4 0-12.8 6.4-12.8 12.8v70.4c0 6.4 6.4 12.8 12.8 12.8z\" class=\"\"><\/path><\/svg><\/i> <img loading=\"lazy\" decoding=\"async\" width=\"16\" height=\"16\" alt=\"Loading\" src=\"https:\/\/temucotelevision.cl\/web\/wp-content\/plugins\/page-views-count\/ajax-loader-2x.gif\" border=0 \/><\/p>\n<div class=\"pvc_clear\"><\/div>\n<p>&#8211; La iniciativa, que se concret\u00f3 en una reuni\u00f3n online, permitir\u00e1 que todas las pymes asociadas a los tres gremios<\/p>\n","protected":false},"author":1,"featured_media":10649,"comment_status":"open","ping_status":"open","sticky":false,"template":"","format":"standard","meta":{"colormag_page_container_layout":"default_layout","colormag_page_sidebar_layout":"default_layout","footnotes":""},"categories":[101],"tags":[1994],"class_list":["post-10648","post","type-post","status-publish","format-standard","has-post-thumbnail","hentry","category-actualidad","tag-crisis"],"a3_pvc":{"activated":true,"total_views":36,"today_views":0},"_links":{"self":[{"href":"https:\/\/temucotelevision.cl\/web\/wp-json\/wp\/v2\/posts\/10648","targetHints":{"allow":["GET"]}}],"collection":[{"href":"https:\/\/temucotelevision.cl\/web\/wp-json\/wp\/v2\/posts"}],"about":[{"href":"https:\/\/temucotelevision.cl\/web\/wp-json\/wp\/v2\/types\/post"}],"author":[{"embeddable":true,"href":"https:\/\/temucotelevision.cl\/web\/wp-json\/wp\/v2\/users\/1"}],"replies":[{"embeddable":true,"href":"https:\/\/temucotelevision.cl\/web\/wp-json\/wp\/v2\/comments?post=10648"}],"version-history":[{"count":1,"href":"https:\/\/temucotelevision.cl\/web\/wp-json\/wp\/v2\/posts\/10648\/revisions"}],"predecessor-version":[{"id":10650,"href":"https:\/\/temucotelevision.cl\/web\/wp-json\/wp\/v2\/posts\/10648\/revisions\/10650"}],"wp:featuredmedia":[{"embeddable":true,"href":"https:\/\/temucotelevision.cl\/web\/wp-json\/wp\/v2\/media\/10649"}],"wp:attachment":[{"href":"https:\/\/temucotelevision.cl\/web\/wp-json\/wp\/v2\/media?parent=10648"}],"wp:term":[{"taxonomy":"category","embeddable":true,"href":"https:\/\/temucotelevision.cl\/web\/wp-json\/wp\/v2\/categories?post=10648"},{"taxonomy":"post_tag","embeddable":true,"href":"https:\/\/temucotelevision.cl\/web\/wp-json\/wp\/v2\/tags?post=10648"}],"curies":[{"name":"wp","href":"https:\/\/api.w.org\/{rel}","templated":true}]}}