{"id":10643,"date":"2020-05-21T23:55:53","date_gmt":"2020-05-22T02:55:53","guid":{"rendered":"https:\/\/temucotelevision.cl\/web\/?p=10643"},"modified":"2020-05-21T23:59:31","modified_gmt":"2020-05-22T02:59:31","slug":"coronavirus-cmpc-apoya-labores-de-sanitizacion-en-la-comuna-de-victoria-%ef%bb%bf","status":"publish","type":"post","link":"https:\/\/temucotelevision.cl\/web\/2020\/05\/21\/coronavirus-cmpc-apoya-labores-de-sanitizacion-en-la-comuna-de-victoria-%ef%bb%bf\/","title":{"rendered":"Coronavirus: CMPC apoya labores de sanitizaci\u00f3n en la comuna de Victoria  \ufeff"},"content":{"rendered":"<div class=\"pvc_clear\"><\/div><p id=\"pvc_stats_10643\" class=\"pvc_stats total_only  \" data-element-id=\"10643\" style=\"\"><i class=\"pvc-stats-icon large\" aria-hidden=\"true\"><svg aria-hidden=\"true\" focusable=\"false\" data-prefix=\"far\" data-icon=\"chart-bar\" role=\"img\" xmlns=\"http:\/\/www.w3.org\/2000\/svg\" viewBox=\"0 0 512 512\" class=\"svg-inline--fa fa-chart-bar fa-w-16 fa-2x\"><path fill=\"currentColor\" d=\"M396.8 352h22.4c6.4 0 12.8-6.4 12.8-12.8V108.8c0-6.4-6.4-12.8-12.8-12.8h-22.4c-6.4 0-12.8 6.4-12.8 12.8v230.4c0 6.4 6.4 12.8 12.8 12.8zm-192 0h22.4c6.4 0 12.8-6.4 12.8-12.8V140.8c0-6.4-6.4-12.8-12.8-12.8h-22.4c-6.4 0-12.8 6.4-12.8 12.8v198.4c0 6.4 6.4 12.8 12.8 12.8zm96 0h22.4c6.4 0 12.8-6.4 12.8-12.8V204.8c0-6.4-6.4-12.8-12.8-12.8h-22.4c-6.4 0-12.8 6.4-12.8 12.8v134.4c0 6.4 6.4 12.8 12.8 12.8zM496 400H48V80c0-8.84-7.16-16-16-16H16C7.16 64 0 71.16 0 80v336c0 17.67 14.33 32 32 32h464c8.84 0 16-7.16 16-16v-16c0-8.84-7.16-16-16-16zm-387.2-48h22.4c6.4 0 12.8-6.4 12.8-12.8v-70.4c0-6.4-6.4-12.8-12.8-12.8h-22.4c-6.4 0-12.8 6.4-12.8 12.8v70.4c0 6.4 6.4 12.8 12.8 12.8z\" class=\"\"><\/path><\/svg><\/i> <img loading=\"lazy\" decoding=\"async\" width=\"16\" height=\"16\" alt=\"Loading\" src=\"https:\/\/temucotelevision.cl\/web\/wp-content\/plugins\/page-views-count\/ajax-loader-2x.gif\" border=0 \/><\/p><div class=\"pvc_clear\"><\/div>\n<p>A m\u00e1s de dos meses de la contingencia sanitaria por Covid-19 en el pa\u00eds, han sido muchas las medidas adoptadas para hacer frente a este virus. Una de estas son las llamadas sanitizaciones, que a nivel domiciliario ha implicado aumentar la rutina de limpieza dentro del hogar, adem\u00e1s de incrementar la frecuencia de lavado de manos y el uso de mascarillas al salir de casa.&nbsp;<\/p>\n\n\n\n<p>Fuera del hogar, en las calles y en los lugares de uso p\u00fablico, tambi\u00e9n la sanitizaci\u00f3n ha sido una herramienta recomendada para enfrentar esta pandemia, y en esta acci\u00f3n CMPC ha colaborado en distintas comunas del pa\u00eds. Por ello durante 15 d\u00edas, la Brigada de Interfaz de CMPC a cargo del m\u00f3vil PC Code &#8211; unidad y camioneta especializada para trabajar en incendios-, trabajar\u00e1 en esta oportunidad en la ciudad de Victoria.&nbsp;<\/p>\n\n\n\n<p>El alcalde de Victoria, Javier Jaramillo, record\u00f3 que hace poco salieron del confinamiento. \u201cYo espero que no volvamos a entrar a una cuarentena. Las instituciones hemos hecho todo lo que est\u00e1 a nuestro alcance, y si los ciudadanos comprenden que tienen que tomar todas las medidas de resguardo, vamos a poder detener los contagios. Ninguno de nosotros estaba preparado, ni con los conocimientos para enfrentar esta situaci\u00f3n, ha sido de d\u00eda a d\u00eda. Nosotros est\u00e1bamos haciendo este servicio con personal municipal con bombas de espalda y este servicio que nos aporta CMPC sin duda que nos facilita la tarea para sanitizar los espacios de mayor confluencia como, por ejemplo, nuestros terminales y los paraderos\u201d.&nbsp;<\/p>\n\n\n\n<p>El subgerente de Asuntos P\u00fablicos de CMPC Bosques, Ignacio Lira, precis\u00f3 el rol que cumplir\u00e1 la brigada forestal. \u201cLa Brigada de Interfaz que opera en temporada de incendios al mando de la camioneta PC Code, hoy, a ra\u00edz del Covid-19 ha tomado un nuevo rumbo. Esta vez, el equipo de brigadistas aplicar\u00e1 sus conocimientos y t\u00e9cnicas para colaborar en la sanitizaci\u00f3n de Victoria durante 15 d\u00edas. Esta acci\u00f3n, se suma a una serie de otras iniciativas de la compa\u00f1\u00eda, tales como, la entrega de mascarillas a trav\u00e9s de la Cenabast, el aporte de pa\u00f1ales y alcohol gel para los centros de adultos mayores, y a las cuatro cl\u00ednicas m\u00f3viles que hemos habilitado junto a Desaf\u00edo Levantemos Chile y que est\u00e1n recorriendo las regiones del Biob\u00edo y La Araucan\u00eda\u201d.&nbsp;&nbsp;<\/p>\n\n\n\n<p><strong>Brigadistas forestales en acci\u00f3n sanitaria&nbsp;<\/strong><\/p>\n\n\n\n<p>En temporada estival, la Brigada de Interfaz tiene como misi\u00f3n trabajar en la prevenci\u00f3n y el combate de incendios en los cordones ciudad \u2013 bosque.&nbsp;&nbsp;Es as\u00ed como a bordo de una camioneta \u201cPC Code\u201d dotada con qu\u00edmicos retardantes y equipamiento, los brigadistas act\u00faan en la contingencia de incendios para resguardar a las personas y a las viviendas.&nbsp;&nbsp;Sin embargo, producto de la contingencia sanitaria, actualmente esta brigada ha asumido una nueva tarea, la que tiene como objetivo sanitizar lugares de uso p\u00fablico, definidos por los municipios.&nbsp;<\/p>\n\n\n\n<p>Claudio Paredes, C\u00e9sar Zurita y Williams Arce conforman la Brigada de Interfaz de CMPC que operar\u00e1 la PC Code que recorrer\u00e1 la ciudad de Victoria. Su jefe de brigada, Claudio Paredes, coment\u00f3 la satisfacci\u00f3n que les brinda este nuevo desaf\u00edo. \u201cMe siento feliz de ayudar a la gente, y se dio la oportunidad de trabajar junto a mis compa\u00f1eros en esta contingencia sanitaria. De estar dedicados a la prevenci\u00f3n y protecci\u00f3n en temporada de incendios, ahora estamos trabajando en la pandemia y me siento orgulloso, porque me gusta lo que hago\u201d.&nbsp;<\/p>\n","protected":false},"excerpt":{"rendered":"<div class=\"pvc_clear\"><\/div>\n<p id=\"pvc_stats_10643\" class=\"pvc_stats total_only  \" data-element-id=\"10643\" style=\"\"><i class=\"pvc-stats-icon large\" aria-hidden=\"true\"><svg aria-hidden=\"true\" focusable=\"false\" data-prefix=\"far\" data-icon=\"chart-bar\" role=\"img\" xmlns=\"http:\/\/www.w3.org\/2000\/svg\" viewBox=\"0 0 512 512\" class=\"svg-inline--fa fa-chart-bar fa-w-16 fa-2x\"><path fill=\"currentColor\" d=\"M396.8 352h22.4c6.4 0 12.8-6.4 12.8-12.8V108.8c0-6.4-6.4-12.8-12.8-12.8h-22.4c-6.4 0-12.8 6.4-12.8 12.8v230.4c0 6.4 6.4 12.8 12.8 12.8zm-192 0h22.4c6.4 0 12.8-6.4 12.8-12.8V140.8c0-6.4-6.4-12.8-12.8-12.8h-22.4c-6.4 0-12.8 6.4-12.8 12.8v198.4c0 6.4 6.4 12.8 12.8 12.8zm96 0h22.4c6.4 0 12.8-6.4 12.8-12.8V204.8c0-6.4-6.4-12.8-12.8-12.8h-22.4c-6.4 0-12.8 6.4-12.8 12.8v134.4c0 6.4 6.4 12.8 12.8 12.8zM496 400H48V80c0-8.84-7.16-16-16-16H16C7.16 64 0 71.16 0 80v336c0 17.67 14.33 32 32 32h464c8.84 0 16-7.16 16-16v-16c0-8.84-7.16-16-16-16zm-387.2-48h22.4c6.4 0 12.8-6.4 12.8-12.8v-70.4c0-6.4-6.4-12.8-12.8-12.8h-22.4c-6.4 0-12.8 6.4-12.8 12.8v70.4c0 6.4 6.4 12.8 12.8 12.8z\" class=\"\"><\/path><\/svg><\/i> <img loading=\"lazy\" decoding=\"async\" width=\"16\" height=\"16\" alt=\"Loading\" src=\"https:\/\/temucotelevision.cl\/web\/wp-content\/plugins\/page-views-count\/ajax-loader-2x.gif\" border=0 \/><\/p>\n<div class=\"pvc_clear\"><\/div>\n<p>A m\u00e1s de dos meses de la contingencia sanitaria por Covid-19 en el pa\u00eds, han sido muchas las medidas adoptadas<\/p>\n","protected":false},"author":1,"featured_media":10647,"comment_status":"open","ping_status":"open","sticky":false,"template":"","format":"standard","meta":{"colormag_page_container_layout":"default_layout","colormag_page_sidebar_layout":"default_layout","footnotes":""},"categories":[15],"tags":[2216],"class_list":["post-10643","post","type-post","status-publish","format-standard","has-post-thumbnail","hentry","category-la-araucania","tag-coronavirus"],"a3_pvc":{"activated":true,"total_views":44,"today_views":0},"_links":{"self":[{"href":"https:\/\/temucotelevision.cl\/web\/wp-json\/wp\/v2\/posts\/10643","targetHints":{"allow":["GET"]}}],"collection":[{"href":"https:\/\/temucotelevision.cl\/web\/wp-json\/wp\/v2\/posts"}],"about":[{"href":"https:\/\/temucotelevision.cl\/web\/wp-json\/wp\/v2\/types\/post"}],"author":[{"embeddable":true,"href":"https:\/\/temucotelevision.cl\/web\/wp-json\/wp\/v2\/users\/1"}],"replies":[{"embeddable":true,"href":"https:\/\/temucotelevision.cl\/web\/wp-json\/wp\/v2\/comments?post=10643"}],"version-history":[{"count":2,"href":"https:\/\/temucotelevision.cl\/web\/wp-json\/wp\/v2\/posts\/10643\/revisions"}],"predecessor-version":[{"id":10645,"href":"https:\/\/temucotelevision.cl\/web\/wp-json\/wp\/v2\/posts\/10643\/revisions\/10645"}],"wp:featuredmedia":[{"embeddable":true,"href":"https:\/\/temucotelevision.cl\/web\/wp-json\/wp\/v2\/media\/10647"}],"wp:attachment":[{"href":"https:\/\/temucotelevision.cl\/web\/wp-json\/wp\/v2\/media?parent=10643"}],"wp:term":[{"taxonomy":"category","embeddable":true,"href":"https:\/\/temucotelevision.cl\/web\/wp-json\/wp\/v2\/categories?post=10643"},{"taxonomy":"post_tag","embeddable":true,"href":"https:\/\/temucotelevision.cl\/web\/wp-json\/wp\/v2\/tags?post=10643"}],"curies":[{"name":"wp","href":"https:\/\/api.w.org\/{rel}","templated":true}]}}