{"id":10639,"date":"2020-05-21T20:23:13","date_gmt":"2020-05-21T23:23:13","guid":{"rendered":"https:\/\/temucotelevision.cl\/web\/?p=10639"},"modified":"2020-05-21T20:23:15","modified_gmt":"2020-05-21T23:23:15","slug":"usuarios-pueden-realizar-tramites-y-consultas-en-materia-de-transportes-via-online-en-la-araucania%ef%bb%bf","status":"publish","type":"post","link":"https:\/\/temucotelevision.cl\/web\/2020\/05\/21\/usuarios-pueden-realizar-tramites-y-consultas-en-materia-de-transportes-via-online-en-la-araucania%ef%bb%bf\/","title":{"rendered":"Usuarios pueden realizar tr\u00e1mites y consultas en materia de Transportes v\u00eda online en La Araucan\u00eda\ufeff"},"content":{"rendered":"<div class=\"pvc_clear\"><\/div><p id=\"pvc_stats_10639\" class=\"pvc_stats total_only  \" data-element-id=\"10639\" style=\"\"><i class=\"pvc-stats-icon large\" aria-hidden=\"true\"><svg aria-hidden=\"true\" focusable=\"false\" data-prefix=\"far\" data-icon=\"chart-bar\" role=\"img\" xmlns=\"http:\/\/www.w3.org\/2000\/svg\" viewBox=\"0 0 512 512\" class=\"svg-inline--fa fa-chart-bar fa-w-16 fa-2x\"><path fill=\"currentColor\" d=\"M396.8 352h22.4c6.4 0 12.8-6.4 12.8-12.8V108.8c0-6.4-6.4-12.8-12.8-12.8h-22.4c-6.4 0-12.8 6.4-12.8 12.8v230.4c0 6.4 6.4 12.8 12.8 12.8zm-192 0h22.4c6.4 0 12.8-6.4 12.8-12.8V140.8c0-6.4-6.4-12.8-12.8-12.8h-22.4c-6.4 0-12.8 6.4-12.8 12.8v198.4c0 6.4 6.4 12.8 12.8 12.8zm96 0h22.4c6.4 0 12.8-6.4 12.8-12.8V204.8c0-6.4-6.4-12.8-12.8-12.8h-22.4c-6.4 0-12.8 6.4-12.8 12.8v134.4c0 6.4 6.4 12.8 12.8 12.8zM496 400H48V80c0-8.84-7.16-16-16-16H16C7.16 64 0 71.16 0 80v336c0 17.67 14.33 32 32 32h464c8.84 0 16-7.16 16-16v-16c0-8.84-7.16-16-16-16zm-387.2-48h22.4c6.4 0 12.8-6.4 12.8-12.8v-70.4c0-6.4-6.4-12.8-12.8-12.8h-22.4c-6.4 0-12.8 6.4-12.8 12.8v70.4c0 6.4 6.4 12.8 12.8 12.8z\" class=\"\"><\/path><\/svg><\/i> <img loading=\"lazy\" decoding=\"async\" width=\"16\" height=\"16\" alt=\"Loading\" src=\"https:\/\/temucotelevision.cl\/web\/wp-content\/plugins\/page-views-count\/ajax-loader-2x.gif\" border=0 \/><\/p><div class=\"pvc_clear\"><\/div>\n<ul class=\"wp-block-list\"><li><strong>Con el fin de continuar resguardando la salud y evitando aglomeraciones presenciales en la capital regional.<\/strong><\/li><\/ul>\n\n\n\n<p><strong>Temuco, 14 de mayo 2020.-<\/strong>&nbsp;Debido a la alerta sanitaria por Covid-19, actualmente vigente en nuestro pa\u00eds, la Secretar\u00eda regional ministerial de Transportes y Telecomunicaciones de La Araucan\u00eda ha mantenido su atenci\u00f3n a trav\u00e9s de distintas plataformas electr\u00f3nicas.<\/p>\n\n\n\n<p>Por lo anterior, el Seremi de Transportes y Telecomunicaciones de La Araucan\u00eda, Luis Cader\u00f3n Ram\u00edrez, detall\u00f3 que para efectuar solicitudes a la Secretar\u00eda Regional Ministerial de la regi\u00f3n de La Araucan\u00eda, se deben utilizar los canales digitales dispuestos para este fin.<\/p>\n\n\n\n<p>\u201cNo hemos dejado de estar operativos y por lo mismo tenemos al d\u00eda de hoy todos nuestros Tr\u00e1mites y canales de atenci\u00f3n v\u00eda on line, con el fin de continuar resguardando la seguridad de nuestros usuarios de las distintas comunas de la Regi\u00f3n de La Araucan\u00eda y as\u00ed evitar que se generen aglomeraciones en nuestras dependencias y que puedan efectuar todas sus consultas, pero qued\u00e1ndose en sus casas\u201d.&nbsp;<\/p>\n\n\n\n<p>A la vez, Calder\u00f3n explic\u00f3 que en el caso de consultas relacionadas con los servicios de transporte p\u00fablico, deben ingresar a la p\u00e1gina web www.transportescucha.cl&nbsp;&nbsp;y para que nuestros operadores puedan comunicarse con la unidad de registro ingresando sus solicitudes con la documentaci\u00f3n respectiva, al mail registroaraucania@mtt.gob.cl. Asimismo, tenemos nuestra casilla de partes de manera virtual&nbsp;<a>partesaraucania@mtt.gob.cl<\/a>. As\u00ed en la Seremi de Transportes seguimos y continuamos velando por la salud y la seguridad de nuestros usuarios\u201d.<\/p>\n","protected":false},"excerpt":{"rendered":"<div class=\"pvc_clear\"><\/div>\n<p id=\"pvc_stats_10639\" class=\"pvc_stats total_only  \" data-element-id=\"10639\" style=\"\"><i class=\"pvc-stats-icon large\" aria-hidden=\"true\"><svg aria-hidden=\"true\" focusable=\"false\" data-prefix=\"far\" data-icon=\"chart-bar\" role=\"img\" xmlns=\"http:\/\/www.w3.org\/2000\/svg\" viewBox=\"0 0 512 512\" class=\"svg-inline--fa fa-chart-bar fa-w-16 fa-2x\"><path fill=\"currentColor\" d=\"M396.8 352h22.4c6.4 0 12.8-6.4 12.8-12.8V108.8c0-6.4-6.4-12.8-12.8-12.8h-22.4c-6.4 0-12.8 6.4-12.8 12.8v230.4c0 6.4 6.4 12.8 12.8 12.8zm-192 0h22.4c6.4 0 12.8-6.4 12.8-12.8V140.8c0-6.4-6.4-12.8-12.8-12.8h-22.4c-6.4 0-12.8 6.4-12.8 12.8v198.4c0 6.4 6.4 12.8 12.8 12.8zm96 0h22.4c6.4 0 12.8-6.4 12.8-12.8V204.8c0-6.4-6.4-12.8-12.8-12.8h-22.4c-6.4 0-12.8 6.4-12.8 12.8v134.4c0 6.4 6.4 12.8 12.8 12.8zM496 400H48V80c0-8.84-7.16-16-16-16H16C7.16 64 0 71.16 0 80v336c0 17.67 14.33 32 32 32h464c8.84 0 16-7.16 16-16v-16c0-8.84-7.16-16-16-16zm-387.2-48h22.4c6.4 0 12.8-6.4 12.8-12.8v-70.4c0-6.4-6.4-12.8-12.8-12.8h-22.4c-6.4 0-12.8 6.4-12.8 12.8v70.4c0 6.4 6.4 12.8 12.8 12.8z\" class=\"\"><\/path><\/svg><\/i> <img loading=\"lazy\" decoding=\"async\" width=\"16\" height=\"16\" alt=\"Loading\" src=\"https:\/\/temucotelevision.cl\/web\/wp-content\/plugins\/page-views-count\/ajax-loader-2x.gif\" border=0 \/><\/p>\n<div class=\"pvc_clear\"><\/div>\n<p>Con el fin de continuar resguardando la salud y evitando aglomeraciones presenciales en la capital regional. Temuco, 14 de mayo<\/p>\n","protected":false},"author":1,"featured_media":10640,"comment_status":"open","ping_status":"open","sticky":false,"template":"","format":"standard","meta":{"colormag_page_container_layout":"default_layout","colormag_page_sidebar_layout":"default_layout","footnotes":""},"categories":[14],"tags":[2134,941],"class_list":["post-10639","post","type-post","status-publish","format-standard","has-post-thumbnail","hentry","category-temuco","tag-online","tag-transportes"],"a3_pvc":{"activated":true,"total_views":45,"today_views":0},"_links":{"self":[{"href":"https:\/\/temucotelevision.cl\/web\/wp-json\/wp\/v2\/posts\/10639","targetHints":{"allow":["GET"]}}],"collection":[{"href":"https:\/\/temucotelevision.cl\/web\/wp-json\/wp\/v2\/posts"}],"about":[{"href":"https:\/\/temucotelevision.cl\/web\/wp-json\/wp\/v2\/types\/post"}],"author":[{"embeddable":true,"href":"https:\/\/temucotelevision.cl\/web\/wp-json\/wp\/v2\/users\/1"}],"replies":[{"embeddable":true,"href":"https:\/\/temucotelevision.cl\/web\/wp-json\/wp\/v2\/comments?post=10639"}],"version-history":[{"count":1,"href":"https:\/\/temucotelevision.cl\/web\/wp-json\/wp\/v2\/posts\/10639\/revisions"}],"predecessor-version":[{"id":10641,"href":"https:\/\/temucotelevision.cl\/web\/wp-json\/wp\/v2\/posts\/10639\/revisions\/10641"}],"wp:featuredmedia":[{"embeddable":true,"href":"https:\/\/temucotelevision.cl\/web\/wp-json\/wp\/v2\/media\/10640"}],"wp:attachment":[{"href":"https:\/\/temucotelevision.cl\/web\/wp-json\/wp\/v2\/media?parent=10639"}],"wp:term":[{"taxonomy":"category","embeddable":true,"href":"https:\/\/temucotelevision.cl\/web\/wp-json\/wp\/v2\/categories?post=10639"},{"taxonomy":"post_tag","embeddable":true,"href":"https:\/\/temucotelevision.cl\/web\/wp-json\/wp\/v2\/tags?post=10639"}],"curies":[{"name":"wp","href":"https:\/\/api.w.org\/{rel}","templated":true}]}}