{"id":10632,"date":"2020-05-21T18:57:04","date_gmt":"2020-05-21T21:57:04","guid":{"rendered":"https:\/\/temucotelevision.cl\/web\/?p=10632"},"modified":"2020-05-21T18:57:06","modified_gmt":"2020-05-21T21:57:06","slug":"gobierno-transfirio-4-mil-927-millones-a-municipios-de-la-araucania-para-apoyar-a-familias-vulnerables-de-la-region%ef%bb%bf","status":"publish","type":"post","link":"https:\/\/temucotelevision.cl\/web\/2020\/05\/21\/gobierno-transfirio-4-mil-927-millones-a-municipios-de-la-araucania-para-apoyar-a-familias-vulnerables-de-la-region%ef%bb%bf\/","title":{"rendered":"Gobierno transfiri\u00f3 $4 mil 927 millones a municipios de La Araucan\u00eda para apoyar a familias vulnerables de la regi\u00f3n\ufeff"},"content":{"rendered":"<div class=\"pvc_clear\"><\/div><p id=\"pvc_stats_10632\" class=\"pvc_stats total_only  \" data-element-id=\"10632\" style=\"\"><i class=\"pvc-stats-icon large\" aria-hidden=\"true\"><svg aria-hidden=\"true\" focusable=\"false\" data-prefix=\"far\" data-icon=\"chart-bar\" role=\"img\" xmlns=\"http:\/\/www.w3.org\/2000\/svg\" viewBox=\"0 0 512 512\" class=\"svg-inline--fa fa-chart-bar fa-w-16 fa-2x\"><path fill=\"currentColor\" d=\"M396.8 352h22.4c6.4 0 12.8-6.4 12.8-12.8V108.8c0-6.4-6.4-12.8-12.8-12.8h-22.4c-6.4 0-12.8 6.4-12.8 12.8v230.4c0 6.4 6.4 12.8 12.8 12.8zm-192 0h22.4c6.4 0 12.8-6.4 12.8-12.8V140.8c0-6.4-6.4-12.8-12.8-12.8h-22.4c-6.4 0-12.8 6.4-12.8 12.8v198.4c0 6.4 6.4 12.8 12.8 12.8zm96 0h22.4c6.4 0 12.8-6.4 12.8-12.8V204.8c0-6.4-6.4-12.8-12.8-12.8h-22.4c-6.4 0-12.8 6.4-12.8 12.8v134.4c0 6.4 6.4 12.8 12.8 12.8zM496 400H48V80c0-8.84-7.16-16-16-16H16C7.16 64 0 71.16 0 80v336c0 17.67 14.33 32 32 32h464c8.84 0 16-7.16 16-16v-16c0-8.84-7.16-16-16-16zm-387.2-48h22.4c6.4 0 12.8-6.4 12.8-12.8v-70.4c0-6.4-6.4-12.8-12.8-12.8h-22.4c-6.4 0-12.8 6.4-12.8 12.8v70.4c0 6.4 6.4 12.8 12.8 12.8z\" class=\"\"><\/path><\/svg><\/i> <img loading=\"lazy\" decoding=\"async\" width=\"16\" height=\"16\" alt=\"Loading\" src=\"https:\/\/temucotelevision.cl\/web\/wp-content\/plugins\/page-views-count\/ajax-loader-2x.gif\" border=0 \/><\/p><div class=\"pvc_clear\"><\/div>\n<p>El gobierno ya transfiri\u00f3 recursos a los 32 municipios de La Araucan\u00eda, recursos que van en ayuda directa a las familias m\u00e1s vulnerables y que se han visto afectadas por el COVID-19.<\/p>\n\n\n\n<p>As\u00ed lo confirm\u00f3 el intendente V\u00edctor Manoli Nazal, quien explic\u00f3 que en nuestra regi\u00f3n se distribuy\u00f3 un total de \u201c4 mil 927 millones de pesos, los cuales ya est\u00e1n disponibles en las cuentas corrientes de los municipios. Con esto, como gobierno se cumple el compromiso asumido por el Presidente Pi\u00f1era para apoyar a los municipios en el combate de esta pandemia que nos afecta y que lamentablemente ha implicado que muchas familias de nuestra regi\u00f3n y el pa\u00eds tengan una disminuci\u00f3n de sus ingresos. Por lo mismo, seguimos trabajando para poder ayudarlos\u201d.<\/p>\n\n\n\n<p>Dicha ayuda se podr\u00e1 materializar en distintas \u00e1reas como la compra de alimentos b\u00e1sicos, medicamentos, insumos m\u00e9dicos b\u00e1sicos para el tratamiento de enfermedades, consultas m\u00e9dicas del \u00e1rea oncol\u00f3gica, psicol\u00f3gicas, psiqui\u00e1tricas, y otras que defina el municipio en virtud de su situaci\u00f3n particular<\/p>\n\n\n\n<p>En este sentido, el intendente Manoli agreg\u00f3 que \u201cel Gobierno est\u00e1 haciendo muchos esfuerzos para apoyar a quienes m\u00e1s lo necesitan a trav\u00e9s de diversos instrumentos. Se han presentado un paquete de medidas econ\u00f3micas que solo buscan apoyar a las familias m\u00e1s afectadas producto de la pandemia\u201d.&nbsp;&nbsp;Por su parte, Yurisan Castro, encargada regional de la Subdere, expres\u00f3 que \u201cson casi 5 mil millones que se distribuyeron en la regi\u00f3n, en base a la pobreza de cada comuna. Lo importante de este Fondo solidario es que los alcaldes podr\u00e1n distribuir los recursos y asignarlos como estimen conveniente porque ellos son la primera puerta que tienen los vecinos cuando tienen necesidades&#8221;.<\/p>\n\n\n\n<p><strong>Recursos para Emergencia Covid-19 por el Consejo Regional<\/strong><\/p>\n\n\n\n<p>Otro de los ejes contemplados dentro de este traspaso de recursos desde el Gobierno Regional a los municipios, es el financiamiento de la Comisi\u00f3n de Emergencia Covid-19 del Consejo Regional, la que es presidida por el consejero Marcelo Carrasco el cual explic\u00f3 que los recursos fueron aprobados por unanimidad por el CORE e ir\u00e1n en directo beneficio de las 32 comunas de La Araucan\u00eda \u201cLos municipios de nuestra regi\u00f3n cuentan ya con la primera cuota de $150 millones de pesos transferidos desde el Gobierno Regional para enfrentar esta emergencia, propuesta que nace en la comisi\u00f3n de emergencia del Consejo Regional de La Araucan\u00eda, propuesta que fue enviada por el Intendente y Ejecutivo del Gobierno Regional, V\u00edctor Manoli, aprobada por unanimidad por el CORE; la vida de las personas para el Consejo Regional siempre estar\u00e1 primero; esperamos que estos recursos permitan a los municipios enfrentar esta emergencia de mejor forma, de mejor manera, en forma oportuna y en forma r\u00e1pida\u201d.<\/p>\n\n\n\n<p>Por su parte, el Presidente del Consejo Regional, Alejandro Mondaca aclar\u00f3 que son en total $5mil 100 millones de pesos destinados a los municipios y valor\u00f3 la voluntad pol\u00edtica transversal de todo el cuerpo colegiado y trabajo coordinado con el Intendente Manoli, lo que permiti\u00f3 que la aprobaci\u00f3n de estos recursos se realizara en tiempo record \u201cQuiero entregar una buena noticia; que en la regi\u00f3n de La Araucan\u00eda, sus 32 municipio, van a recibir $150 millones de pesos cada uno para enfrentar esta&nbsp;&nbsp;pandemia, para llegar con esos recursos a las personas que m\u00e1s lo requieren; es por eso que nos pone contentos este trabajo transversal entre distintos consejeros y consejeras y por supuesto el Intendente V\u00edctor Manoli, que nos ha permitido llegar con recursos de la forma m\u00e1s r\u00e1pida que se hab\u00eda visto para este tipo de emergencias, es por eso que nos pone contentos que desde esta semana los municipios puedan contar con los recursos frescos y necesarios para enfrentar esta terrible pandemia que nos afecta a todos por igual\u201d.<\/p>\n\n\n\n<p>Estos recursos, son una inyecci\u00f3n al presupuesto regional existente y son provenientes del FNDR; la iniciativa fue propuesta por el CORE al Intendente y Ejecutivo del Gobierno Regional, para su posterior aprobaci\u00f3n.<\/p>\n","protected":false},"excerpt":{"rendered":"<div class=\"pvc_clear\"><\/div>\n<p id=\"pvc_stats_10632\" class=\"pvc_stats total_only  \" data-element-id=\"10632\" style=\"\"><i class=\"pvc-stats-icon large\" aria-hidden=\"true\"><svg aria-hidden=\"true\" focusable=\"false\" data-prefix=\"far\" data-icon=\"chart-bar\" role=\"img\" xmlns=\"http:\/\/www.w3.org\/2000\/svg\" viewBox=\"0 0 512 512\" class=\"svg-inline--fa fa-chart-bar fa-w-16 fa-2x\"><path fill=\"currentColor\" d=\"M396.8 352h22.4c6.4 0 12.8-6.4 12.8-12.8V108.8c0-6.4-6.4-12.8-12.8-12.8h-22.4c-6.4 0-12.8 6.4-12.8 12.8v230.4c0 6.4 6.4 12.8 12.8 12.8zm-192 0h22.4c6.4 0 12.8-6.4 12.8-12.8V140.8c0-6.4-6.4-12.8-12.8-12.8h-22.4c-6.4 0-12.8 6.4-12.8 12.8v198.4c0 6.4 6.4 12.8 12.8 12.8zm96 0h22.4c6.4 0 12.8-6.4 12.8-12.8V204.8c0-6.4-6.4-12.8-12.8-12.8h-22.4c-6.4 0-12.8 6.4-12.8 12.8v134.4c0 6.4 6.4 12.8 12.8 12.8zM496 400H48V80c0-8.84-7.16-16-16-16H16C7.16 64 0 71.16 0 80v336c0 17.67 14.33 32 32 32h464c8.84 0 16-7.16 16-16v-16c0-8.84-7.16-16-16-16zm-387.2-48h22.4c6.4 0 12.8-6.4 12.8-12.8v-70.4c0-6.4-6.4-12.8-12.8-12.8h-22.4c-6.4 0-12.8 6.4-12.8 12.8v70.4c0 6.4 6.4 12.8 12.8 12.8z\" class=\"\"><\/path><\/svg><\/i> <img loading=\"lazy\" decoding=\"async\" width=\"16\" height=\"16\" alt=\"Loading\" src=\"https:\/\/temucotelevision.cl\/web\/wp-content\/plugins\/page-views-count\/ajax-loader-2x.gif\" border=0 \/><\/p>\n<div class=\"pvc_clear\"><\/div>\n<p>El gobierno ya transfiri\u00f3 recursos a los 32 municipios de La Araucan\u00eda, recursos que van en ayuda directa a las<\/p>\n","protected":false},"author":1,"featured_media":10633,"comment_status":"open","ping_status":"open","sticky":false,"template":"","format":"standard","meta":{"colormag_page_container_layout":"default_layout","colormag_page_sidebar_layout":"default_layout","footnotes":""},"categories":[14],"tags":[147,210],"class_list":["post-10632","post","type-post","status-publish","format-standard","has-post-thumbnail","hentry","category-temuco","tag-familias","tag-recursos"],"a3_pvc":{"activated":true,"total_views":28,"today_views":0},"_links":{"self":[{"href":"https:\/\/temucotelevision.cl\/web\/wp-json\/wp\/v2\/posts\/10632","targetHints":{"allow":["GET"]}}],"collection":[{"href":"https:\/\/temucotelevision.cl\/web\/wp-json\/wp\/v2\/posts"}],"about":[{"href":"https:\/\/temucotelevision.cl\/web\/wp-json\/wp\/v2\/types\/post"}],"author":[{"embeddable":true,"href":"https:\/\/temucotelevision.cl\/web\/wp-json\/wp\/v2\/users\/1"}],"replies":[{"embeddable":true,"href":"https:\/\/temucotelevision.cl\/web\/wp-json\/wp\/v2\/comments?post=10632"}],"version-history":[{"count":1,"href":"https:\/\/temucotelevision.cl\/web\/wp-json\/wp\/v2\/posts\/10632\/revisions"}],"predecessor-version":[{"id":10634,"href":"https:\/\/temucotelevision.cl\/web\/wp-json\/wp\/v2\/posts\/10632\/revisions\/10634"}],"wp:featuredmedia":[{"embeddable":true,"href":"https:\/\/temucotelevision.cl\/web\/wp-json\/wp\/v2\/media\/10633"}],"wp:attachment":[{"href":"https:\/\/temucotelevision.cl\/web\/wp-json\/wp\/v2\/media?parent=10632"}],"wp:term":[{"taxonomy":"category","embeddable":true,"href":"https:\/\/temucotelevision.cl\/web\/wp-json\/wp\/v2\/categories?post=10632"},{"taxonomy":"post_tag","embeddable":true,"href":"https:\/\/temucotelevision.cl\/web\/wp-json\/wp\/v2\/tags?post=10632"}],"curies":[{"name":"wp","href":"https:\/\/api.w.org\/{rel}","templated":true}]}}