{"id":10623,"date":"2020-05-21T17:05:35","date_gmt":"2020-05-21T20:05:35","guid":{"rendered":"https:\/\/temucotelevision.cl\/web\/?p=10623"},"modified":"2020-05-21T18:19:40","modified_gmt":"2020-05-21T21:19:40","slug":"sujetos-incendia-un-camion-en-la-ruta-que-une-victoria-traiguen-al-menos-un-detenido-reconocido-por-el-conductor","status":"publish","type":"post","link":"https:\/\/temucotelevision.cl\/web\/2020\/05\/21\/sujetos-incendia-un-camion-en-la-ruta-que-une-victoria-traiguen-al-menos-un-detenido-reconocido-por-el-conductor\/","title":{"rendered":"Sujetos incendian un cami\u00f3n en la ruta que une Victoria &#8211; Traigu\u00e9n, al menos un detenido reconocido por el conductor"},"content":{"rendered":"<div class=\"pvc_clear\"><\/div><p id=\"pvc_stats_10623\" class=\"pvc_stats total_only  \" data-element-id=\"10623\" style=\"\"><i class=\"pvc-stats-icon large\" aria-hidden=\"true\"><svg aria-hidden=\"true\" focusable=\"false\" data-prefix=\"far\" data-icon=\"chart-bar\" role=\"img\" xmlns=\"http:\/\/www.w3.org\/2000\/svg\" viewBox=\"0 0 512 512\" class=\"svg-inline--fa fa-chart-bar fa-w-16 fa-2x\"><path fill=\"currentColor\" d=\"M396.8 352h22.4c6.4 0 12.8-6.4 12.8-12.8V108.8c0-6.4-6.4-12.8-12.8-12.8h-22.4c-6.4 0-12.8 6.4-12.8 12.8v230.4c0 6.4 6.4 12.8 12.8 12.8zm-192 0h22.4c6.4 0 12.8-6.4 12.8-12.8V140.8c0-6.4-6.4-12.8-12.8-12.8h-22.4c-6.4 0-12.8 6.4-12.8 12.8v198.4c0 6.4 6.4 12.8 12.8 12.8zm96 0h22.4c6.4 0 12.8-6.4 12.8-12.8V204.8c0-6.4-6.4-12.8-12.8-12.8h-22.4c-6.4 0-12.8 6.4-12.8 12.8v134.4c0 6.4 6.4 12.8 12.8 12.8zM496 400H48V80c0-8.84-7.16-16-16-16H16C7.16 64 0 71.16 0 80v336c0 17.67 14.33 32 32 32h464c8.84 0 16-7.16 16-16v-16c0-8.84-7.16-16-16-16zm-387.2-48h22.4c6.4 0 12.8-6.4 12.8-12.8v-70.4c0-6.4-6.4-12.8-12.8-12.8h-22.4c-6.4 0-12.8 6.4-12.8 12.8v70.4c0 6.4 6.4 12.8 12.8 12.8z\" class=\"\"><\/path><\/svg><\/i> <img loading=\"lazy\" decoding=\"async\" width=\"16\" height=\"16\" alt=\"Loading\" src=\"https:\/\/temucotelevision.cl\/web\/wp-content\/plugins\/page-views-count\/ajax-loader-2x.gif\" border=0 \/><\/p><div class=\"pvc_clear\"><\/div>\n<p>Este medio d\u00eda un nuevo ataque incendiario se registro en la ruta que une Victoria &#8211; Traigu\u00e9n, dejando un cami\u00f3n 3\/4 en combusti\u00f3n.<\/p>\n\n\n\n<p>Hechos:<\/p>\n\n\n\n<p>A eso de las 12:48 hrs a la altura del kil\u00f3metro 4, un grupo de 3 sujetos sujetos interceptan el cami\u00f3n 3\/4, obligando a descender al conductor, quemando la cabina de la m\u00e1quina.<\/p>\n\n\n\n<p>Posteriormente se dan a la fuga en una camioneta y al llegar personal territorial, se despliega un operativo junto con el conductor, logrando detener a uno de los antisociales, reconocido por el chofer del cami\u00f3n.<\/p>\n\n\n\n<p>en desarrollo&#8230;<\/p>\n\n\n\n<p>Adem\u00e1s reportan la quema de una escuela particular en horas de anoche, sector la Turbina.<\/p>\n\n\n\n<p>Un robo de camioneta de la empresa Codiner la que habr\u00edan chocado contra un port\u00f3n en un predio.<\/p>\n\n\n\n<p>En el atentado al cami\u00f3n 3\/4 habr\u00edan tres detenidos, preliminarmente se uno de los detenidos ser\u00eda el padre del menor que acompa\u00f1aba a Catrillanca en el tractor cuando falleci\u00f3.<\/p>\n\n\n\n<iframe loading=\"lazy\" src=\"https:\/\/www.facebook.com\/plugins\/post.php?href=https%3A%2F%2Fwww.facebook.com%2FaprachiIe%2Fposts%2F993330504419557%3A0&#038;width=500\" width=\"500\" height=\"753\" style=\"border:none;overflow:hidden\" scrolling=\"no\" frameborder=\"0\" allowTransparency=\"true\" allow=\"encrypted-media\"><\/iframe>\n\n\n\n<iframe loading=\"lazy\" src=\"https:\/\/www.facebook.com\/plugins\/post.php?href=https%3A%2F%2Fwww.facebook.com%2FaprachiIe%2Fposts%2F993369941082280&#038;width=500\" width=\"500\" height=\"776\" style=\"border:none;overflow:hidden\" scrolling=\"no\" frameborder=\"0\" allowTransparency=\"true\" allow=\"encrypted-media\"><\/iframe>\n","protected":false},"excerpt":{"rendered":"<div class=\"pvc_clear\"><\/div>\n<p id=\"pvc_stats_10623\" class=\"pvc_stats total_only  \" data-element-id=\"10623\" style=\"\"><i class=\"pvc-stats-icon large\" aria-hidden=\"true\"><svg aria-hidden=\"true\" focusable=\"false\" data-prefix=\"far\" data-icon=\"chart-bar\" role=\"img\" xmlns=\"http:\/\/www.w3.org\/2000\/svg\" viewBox=\"0 0 512 512\" class=\"svg-inline--fa fa-chart-bar fa-w-16 fa-2x\"><path fill=\"currentColor\" d=\"M396.8 352h22.4c6.4 0 12.8-6.4 12.8-12.8V108.8c0-6.4-6.4-12.8-12.8-12.8h-22.4c-6.4 0-12.8 6.4-12.8 12.8v230.4c0 6.4 6.4 12.8 12.8 12.8zm-192 0h22.4c6.4 0 12.8-6.4 12.8-12.8V140.8c0-6.4-6.4-12.8-12.8-12.8h-22.4c-6.4 0-12.8 6.4-12.8 12.8v198.4c0 6.4 6.4 12.8 12.8 12.8zm96 0h22.4c6.4 0 12.8-6.4 12.8-12.8V204.8c0-6.4-6.4-12.8-12.8-12.8h-22.4c-6.4 0-12.8 6.4-12.8 12.8v134.4c0 6.4 6.4 12.8 12.8 12.8zM496 400H48V80c0-8.84-7.16-16-16-16H16C7.16 64 0 71.16 0 80v336c0 17.67 14.33 32 32 32h464c8.84 0 16-7.16 16-16v-16c0-8.84-7.16-16-16-16zm-387.2-48h22.4c6.4 0 12.8-6.4 12.8-12.8v-70.4c0-6.4-6.4-12.8-12.8-12.8h-22.4c-6.4 0-12.8 6.4-12.8 12.8v70.4c0 6.4 6.4 12.8 12.8 12.8z\" class=\"\"><\/path><\/svg><\/i> <img loading=\"lazy\" decoding=\"async\" width=\"16\" height=\"16\" alt=\"Loading\" src=\"https:\/\/temucotelevision.cl\/web\/wp-content\/plugins\/page-views-count\/ajax-loader-2x.gif\" border=0 \/><\/p>\n<div class=\"pvc_clear\"><\/div>\n<p>Este medio d\u00eda un nuevo ataque incendiario se registro en la ruta que une Victoria &#8211; Traigu\u00e9n, dejando un cami\u00f3n<\/p>\n","protected":false},"author":1,"featured_media":10630,"comment_status":"open","ping_status":"open","sticky":false,"template":"","format":"standard","meta":{"colormag_page_container_layout":"default_layout","colormag_page_sidebar_layout":"default_layout","footnotes":""},"categories":[15],"tags":[231,79],"class_list":["post-10623","post","type-post","status-publish","format-standard","has-post-thumbnail","hentry","category-la-araucania","tag-atentado","tag-detenido"],"a3_pvc":{"activated":true,"total_views":74,"today_views":0},"_links":{"self":[{"href":"https:\/\/temucotelevision.cl\/web\/wp-json\/wp\/v2\/posts\/10623","targetHints":{"allow":["GET"]}}],"collection":[{"href":"https:\/\/temucotelevision.cl\/web\/wp-json\/wp\/v2\/posts"}],"about":[{"href":"https:\/\/temucotelevision.cl\/web\/wp-json\/wp\/v2\/types\/post"}],"author":[{"embeddable":true,"href":"https:\/\/temucotelevision.cl\/web\/wp-json\/wp\/v2\/users\/1"}],"replies":[{"embeddable":true,"href":"https:\/\/temucotelevision.cl\/web\/wp-json\/wp\/v2\/comments?post=10623"}],"version-history":[{"count":5,"href":"https:\/\/temucotelevision.cl\/web\/wp-json\/wp\/v2\/posts\/10623\/revisions"}],"predecessor-version":[{"id":10631,"href":"https:\/\/temucotelevision.cl\/web\/wp-json\/wp\/v2\/posts\/10623\/revisions\/10631"}],"wp:featuredmedia":[{"embeddable":true,"href":"https:\/\/temucotelevision.cl\/web\/wp-json\/wp\/v2\/media\/10630"}],"wp:attachment":[{"href":"https:\/\/temucotelevision.cl\/web\/wp-json\/wp\/v2\/media?parent=10623"}],"wp:term":[{"taxonomy":"category","embeddable":true,"href":"https:\/\/temucotelevision.cl\/web\/wp-json\/wp\/v2\/categories?post=10623"},{"taxonomy":"post_tag","embeddable":true,"href":"https:\/\/temucotelevision.cl\/web\/wp-json\/wp\/v2\/tags?post=10623"}],"curies":[{"name":"wp","href":"https:\/\/api.w.org\/{rel}","templated":true}]}}