{"id":10616,"date":"2020-05-21T15:25:46","date_gmt":"2020-05-21T18:25:46","guid":{"rendered":"https:\/\/temucotelevision.cl\/web\/?p=10616"},"modified":"2020-05-21T15:25:49","modified_gmt":"2020-05-21T18:25:49","slug":"nos-toca-a-nosotros-cuidar-la-primera-linea-de-la-salud","status":"publish","type":"post","link":"https:\/\/temucotelevision.cl\/web\/2020\/05\/21\/nos-toca-a-nosotros-cuidar-la-primera-linea-de-la-salud\/","title":{"rendered":"Nos toca a nosotros cuidar la primera l\u00ednea de la salud"},"content":{"rendered":"<div class=\"pvc_clear\"><\/div><p id=\"pvc_stats_10616\" class=\"pvc_stats total_only  \" data-element-id=\"10616\" style=\"\"><i class=\"pvc-stats-icon large\" aria-hidden=\"true\"><svg aria-hidden=\"true\" focusable=\"false\" data-prefix=\"far\" data-icon=\"chart-bar\" role=\"img\" xmlns=\"http:\/\/www.w3.org\/2000\/svg\" viewBox=\"0 0 512 512\" class=\"svg-inline--fa fa-chart-bar fa-w-16 fa-2x\"><path fill=\"currentColor\" d=\"M396.8 352h22.4c6.4 0 12.8-6.4 12.8-12.8V108.8c0-6.4-6.4-12.8-12.8-12.8h-22.4c-6.4 0-12.8 6.4-12.8 12.8v230.4c0 6.4 6.4 12.8 12.8 12.8zm-192 0h22.4c6.4 0 12.8-6.4 12.8-12.8V140.8c0-6.4-6.4-12.8-12.8-12.8h-22.4c-6.4 0-12.8 6.4-12.8 12.8v198.4c0 6.4 6.4 12.8 12.8 12.8zm96 0h22.4c6.4 0 12.8-6.4 12.8-12.8V204.8c0-6.4-6.4-12.8-12.8-12.8h-22.4c-6.4 0-12.8 6.4-12.8 12.8v134.4c0 6.4 6.4 12.8 12.8 12.8zM496 400H48V80c0-8.84-7.16-16-16-16H16C7.16 64 0 71.16 0 80v336c0 17.67 14.33 32 32 32h464c8.84 0 16-7.16 16-16v-16c0-8.84-7.16-16-16-16zm-387.2-48h22.4c6.4 0 12.8-6.4 12.8-12.8v-70.4c0-6.4-6.4-12.8-12.8-12.8h-22.4c-6.4 0-12.8 6.4-12.8 12.8v70.4c0 6.4 6.4 12.8 12.8 12.8z\" class=\"\"><\/path><\/svg><\/i> <img loading=\"lazy\" decoding=\"async\" width=\"16\" height=\"16\" alt=\"Loading\" src=\"https:\/\/temucotelevision.cl\/web\/wp-content\/plugins\/page-views-count\/ajax-loader-2x.gif\" border=0 \/><\/p><div class=\"pvc_clear\"><\/div>\n<p>Problemas con el cumplimiento de metas, una carga adicional a su salud mental, y la falta de elementos de protecci\u00f3n personal fueron algunas de las necesidades que plantearon representantes de distintos gremios y funcionarios de la salud al diputado por La Araucan\u00eda Ricardo Celis, durante una reuni\u00f3n virtual.<\/p>\n\n\n\n<p>\u201cLos trabajadores de la salud, quienes trabajan largos turnos, que se exponen a infecciones por COVID-19, y que al llegar a casa expone a su familia, muchas veces compuesta por adultos mayores, necesitan tener todas las facilidades para poder desarrollar su trabajo con tranquilidad\u201c declar\u00f3 el parlamentario, quien conoce muy de cerca su realidad al ser tambi\u00e9n m\u00e9dico.\u00a0<\/p>\n\n\n\n<p>\u201cHe estado en contacto con los gremios de la salud para dar a conocer algunos temas relacionados a como ven esta situaci\u00f3n. Y producto de esas reuniones he podido determinar que existen muchas inquietudes en distintos temas sensibles a los cuales es necesario hacerles frente si queremos proteger a nuestra denominada y apreciada primera l\u00ednea\u201d se\u00f1al\u00f3 el legislador.<\/p>\n\n\n\n<p>En relaci\u00f3n al cumplimiento de metas, fue una de las principales preocupaciones expresadas por los asistentes: \u201cEl temor a no poder cumplirlas en tiempos de pandemia claramente genera una carga adicional a la salud mental de los trabajadores de salud, pudiendo producirse ausentismo, licencias, y gente que no podr\u00e1 ser atendida. Necesitamos buscar pronto un equivalente al cumplimiento de meta que permita que los funcionarios, que ya arriesgan diariamente su salud y la de sus familiares, tener tranquilidad en sus remuneraciones\u201d dijo a los presentes.<\/p>\n\n\n\n<p>Celis finaliz\u00f3 comentando: \u201cHay que entregar los elementos de protecci\u00f3n personal necesarios a los trabajadores y en el est\u00e1ndar de calidad que exigen las normas SUSESO. En esta situaci\u00f3n la mayor inversi\u00f3n se tiene que hacer en la gente, y veo que las autoridades no quieren entenderlo\u201d y destac\u00f3 la necesidad de actuar unidos ante solicitudes gremiales: \u201cLas necesidades y requerimientos de los gremios de la salud se tienen que expresar de forma coordinada e integrada entre directivos y funcionarios. Este es un tema que debe convocar a todos los profesionales de la salud, pues tienen el mismo tipo de presi\u00f3n y el mismo tipo de riesgos. \u201c<\/p>\n","protected":false},"excerpt":{"rendered":"<div class=\"pvc_clear\"><\/div>\n<p id=\"pvc_stats_10616\" class=\"pvc_stats total_only  \" data-element-id=\"10616\" style=\"\"><i class=\"pvc-stats-icon large\" aria-hidden=\"true\"><svg aria-hidden=\"true\" focusable=\"false\" data-prefix=\"far\" data-icon=\"chart-bar\" role=\"img\" xmlns=\"http:\/\/www.w3.org\/2000\/svg\" viewBox=\"0 0 512 512\" class=\"svg-inline--fa fa-chart-bar fa-w-16 fa-2x\"><path fill=\"currentColor\" d=\"M396.8 352h22.4c6.4 0 12.8-6.4 12.8-12.8V108.8c0-6.4-6.4-12.8-12.8-12.8h-22.4c-6.4 0-12.8 6.4-12.8 12.8v230.4c0 6.4 6.4 12.8 12.8 12.8zm-192 0h22.4c6.4 0 12.8-6.4 12.8-12.8V140.8c0-6.4-6.4-12.8-12.8-12.8h-22.4c-6.4 0-12.8 6.4-12.8 12.8v198.4c0 6.4 6.4 12.8 12.8 12.8zm96 0h22.4c6.4 0 12.8-6.4 12.8-12.8V204.8c0-6.4-6.4-12.8-12.8-12.8h-22.4c-6.4 0-12.8 6.4-12.8 12.8v134.4c0 6.4 6.4 12.8 12.8 12.8zM496 400H48V80c0-8.84-7.16-16-16-16H16C7.16 64 0 71.16 0 80v336c0 17.67 14.33 32 32 32h464c8.84 0 16-7.16 16-16v-16c0-8.84-7.16-16-16-16zm-387.2-48h22.4c6.4 0 12.8-6.4 12.8-12.8v-70.4c0-6.4-6.4-12.8-12.8-12.8h-22.4c-6.4 0-12.8 6.4-12.8 12.8v70.4c0 6.4 6.4 12.8 12.8 12.8z\" class=\"\"><\/path><\/svg><\/i> <img loading=\"lazy\" decoding=\"async\" width=\"16\" height=\"16\" alt=\"Loading\" src=\"https:\/\/temucotelevision.cl\/web\/wp-content\/plugins\/page-views-count\/ajax-loader-2x.gif\" border=0 \/><\/p>\n<div class=\"pvc_clear\"><\/div>\n<p>Problemas con el cumplimiento de metas, una carga adicional a su salud mental, y la falta de elementos de protecci\u00f3n<\/p>\n","protected":false},"author":1,"featured_media":10617,"comment_status":"open","ping_status":"open","sticky":false,"template":"","format":"standard","meta":{"colormag_page_container_layout":"default_layout","colormag_page_sidebar_layout":"default_layout","footnotes":""},"categories":[84],"tags":[2304,131],"class_list":["post-10616","post","type-post","status-publish","format-standard","has-post-thumbnail","hentry","category-politica","tag-covid-19","tag-salud"],"a3_pvc":{"activated":true,"total_views":17,"today_views":0},"_links":{"self":[{"href":"https:\/\/temucotelevision.cl\/web\/wp-json\/wp\/v2\/posts\/10616","targetHints":{"allow":["GET"]}}],"collection":[{"href":"https:\/\/temucotelevision.cl\/web\/wp-json\/wp\/v2\/posts"}],"about":[{"href":"https:\/\/temucotelevision.cl\/web\/wp-json\/wp\/v2\/types\/post"}],"author":[{"embeddable":true,"href":"https:\/\/temucotelevision.cl\/web\/wp-json\/wp\/v2\/users\/1"}],"replies":[{"embeddable":true,"href":"https:\/\/temucotelevision.cl\/web\/wp-json\/wp\/v2\/comments?post=10616"}],"version-history":[{"count":1,"href":"https:\/\/temucotelevision.cl\/web\/wp-json\/wp\/v2\/posts\/10616\/revisions"}],"predecessor-version":[{"id":10618,"href":"https:\/\/temucotelevision.cl\/web\/wp-json\/wp\/v2\/posts\/10616\/revisions\/10618"}],"wp:featuredmedia":[{"embeddable":true,"href":"https:\/\/temucotelevision.cl\/web\/wp-json\/wp\/v2\/media\/10617"}],"wp:attachment":[{"href":"https:\/\/temucotelevision.cl\/web\/wp-json\/wp\/v2\/media?parent=10616"}],"wp:term":[{"taxonomy":"category","embeddable":true,"href":"https:\/\/temucotelevision.cl\/web\/wp-json\/wp\/v2\/categories?post=10616"},{"taxonomy":"post_tag","embeddable":true,"href":"https:\/\/temucotelevision.cl\/web\/wp-json\/wp\/v2\/tags?post=10616"}],"curies":[{"name":"wp","href":"https:\/\/api.w.org\/{rel}","templated":true}]}}