{"id":10413,"date":"2020-05-14T00:35:15","date_gmt":"2020-05-14T03:35:15","guid":{"rendered":"https:\/\/temucotelevision.cl\/web\/?p=10413"},"modified":"2020-05-14T00:35:17","modified_gmt":"2020-05-14T03:35:17","slug":"diputado-rathgeb-por-aprobacion-de-ingreso-familiar-de-emergencia-primo-el-sentido-comun%ef%bb%bf","status":"publish","type":"post","link":"https:\/\/temucotelevision.cl\/web\/2020\/05\/14\/diputado-rathgeb-por-aprobacion-de-ingreso-familiar-de-emergencia-primo-el-sentido-comun%ef%bb%bf\/","title":{"rendered":"Diputado Rathgeb por aprobaci\u00f3n de Ingreso Familiar de Emergencia: \u201cPrim\u00f3 el sentido com\u00fan\u201d\ufeff"},"content":{"rendered":"<div class=\"pvc_clear\"><\/div><p id=\"pvc_stats_10413\" class=\"pvc_stats total_only  \" data-element-id=\"10413\" style=\"\"><i class=\"pvc-stats-icon large\" aria-hidden=\"true\"><svg aria-hidden=\"true\" focusable=\"false\" data-prefix=\"far\" data-icon=\"chart-bar\" role=\"img\" xmlns=\"http:\/\/www.w3.org\/2000\/svg\" viewBox=\"0 0 512 512\" class=\"svg-inline--fa fa-chart-bar fa-w-16 fa-2x\"><path fill=\"currentColor\" d=\"M396.8 352h22.4c6.4 0 12.8-6.4 12.8-12.8V108.8c0-6.4-6.4-12.8-12.8-12.8h-22.4c-6.4 0-12.8 6.4-12.8 12.8v230.4c0 6.4 6.4 12.8 12.8 12.8zm-192 0h22.4c6.4 0 12.8-6.4 12.8-12.8V140.8c0-6.4-6.4-12.8-12.8-12.8h-22.4c-6.4 0-12.8 6.4-12.8 12.8v198.4c0 6.4 6.4 12.8 12.8 12.8zm96 0h22.4c6.4 0 12.8-6.4 12.8-12.8V204.8c0-6.4-6.4-12.8-12.8-12.8h-22.4c-6.4 0-12.8 6.4-12.8 12.8v134.4c0 6.4 6.4 12.8 12.8 12.8zM496 400H48V80c0-8.84-7.16-16-16-16H16C7.16 64 0 71.16 0 80v336c0 17.67 14.33 32 32 32h464c8.84 0 16-7.16 16-16v-16c0-8.84-7.16-16-16-16zm-387.2-48h22.4c6.4 0 12.8-6.4 12.8-12.8v-70.4c0-6.4-6.4-12.8-12.8-12.8h-22.4c-6.4 0-12.8 6.4-12.8 12.8v70.4c0 6.4 6.4 12.8 12.8 12.8z\" class=\"\"><\/path><\/svg><\/i> <img loading=\"lazy\" decoding=\"async\" width=\"16\" height=\"16\" alt=\"Loading\" src=\"https:\/\/temucotelevision.cl\/web\/wp-content\/plugins\/page-views-count\/ajax-loader-2x.gif\" border=0 \/><\/p><div class=\"pvc_clear\"><\/div>\n<p><strong>El congresista valor\u00f3 que el proyecto se haya aprobado en ambas C\u00e1maras y de esta manera 4,5 millones de chilenos resulten favorecidos con esta iniciativa impulsada por el Ejecutivo en momentos complejos por la pandemia del Coronavirus.<\/strong><\/p>\n\n\n\n<p>Tras las modificaciones al proyecto de ley original del Ingreso Familiar de Emergencia (IFE) agregadas en el veto presidencial fueran aprobadas por la C\u00e1mara de Diputados, el Senado tambi\u00e9n respald\u00f3 la iniciativa, la que ser\u00e1 despachada y este beneficio comenzar\u00e1 a pagarse a fin de mes.<\/p>\n\n\n\n<p>El diputado de Renovaci\u00f3n Nacional por La Araucan\u00eda, Jorge Rathgeb Schifferli, valor\u00f3 que se haya dado luz verde a la propuesta presentada por el Gobierno del Presidente Sebasti\u00e1n Pi\u00f1era, la que beneficiar\u00e1 a 4,5 millones de chilenos.<\/p>\n\n\n\n<p>La iniciativa favorecer\u00e1 de esta forma, a las personas pertenecientes al 60% de hogares m\u00e1s vulnerables seg\u00fan la Calificaci\u00f3n Socioecon\u00f3mica del Registro Social de Hogares que, recibir\u00e1n un aporte de $65.000 a fines de mayo; $55.250 en junio, y $45.500 en julio. Estos dos \u00faltimos montos tambi\u00e9n ser\u00e1n percibidos por los pensionados mayores de 70 a\u00f1os que vivan solos.<\/p>\n\n\n\n<p>Para el congresista es importante que se haya aprobado el veto presidencial y que en el debate se haya llegado un acuerdo a pesar de la discusi\u00f3n que se dio en los \u00faltimos d\u00edas sobre el tema.<\/p>\n\n\n\n<p>\u201cAc\u00e1 prim\u00f3 el sentido com\u00fan y era lo que se necesitaba por el bien del pa\u00eds. El haber rechazado la iniciativa significaba dejar sin recursos a millones de chilenos que requieren este aporte de manera urgente debido a la pandemia del Coronavirus, por lo cual se valora la aprobaci\u00f3n, que va directo al bolsillo de los hogares, que no sufrir\u00e1 ning\u00fan descuento y que ser\u00e1 entregado a partir de fines de este mes\u201d, puntualiz\u00f3 el congresista.<\/p>\n\n\n\n<p>El parlamentario destac\u00f3 que el Ejecutivo sigue pensando en la ciudadan\u00eda en medio de esta crisis sanitaria, entregando un beneficio hist\u00f3rico en t\u00e9rminos de recursos, con un mecanismo distinto que ya no es por carga, sino que por miembro del grupo familiar, y que asciende a 800 millones de d\u00f3lares y que va destinado a 4,5 millones de chilenos.<\/p>\n","protected":false},"excerpt":{"rendered":"<div class=\"pvc_clear\"><\/div>\n<p id=\"pvc_stats_10413\" class=\"pvc_stats total_only  \" data-element-id=\"10413\" style=\"\"><i class=\"pvc-stats-icon large\" aria-hidden=\"true\"><svg aria-hidden=\"true\" focusable=\"false\" data-prefix=\"far\" data-icon=\"chart-bar\" role=\"img\" xmlns=\"http:\/\/www.w3.org\/2000\/svg\" viewBox=\"0 0 512 512\" class=\"svg-inline--fa fa-chart-bar fa-w-16 fa-2x\"><path fill=\"currentColor\" d=\"M396.8 352h22.4c6.4 0 12.8-6.4 12.8-12.8V108.8c0-6.4-6.4-12.8-12.8-12.8h-22.4c-6.4 0-12.8 6.4-12.8 12.8v230.4c0 6.4 6.4 12.8 12.8 12.8zm-192 0h22.4c6.4 0 12.8-6.4 12.8-12.8V140.8c0-6.4-6.4-12.8-12.8-12.8h-22.4c-6.4 0-12.8 6.4-12.8 12.8v198.4c0 6.4 6.4 12.8 12.8 12.8zm96 0h22.4c6.4 0 12.8-6.4 12.8-12.8V204.8c0-6.4-6.4-12.8-12.8-12.8h-22.4c-6.4 0-12.8 6.4-12.8 12.8v134.4c0 6.4 6.4 12.8 12.8 12.8zM496 400H48V80c0-8.84-7.16-16-16-16H16C7.16 64 0 71.16 0 80v336c0 17.67 14.33 32 32 32h464c8.84 0 16-7.16 16-16v-16c0-8.84-7.16-16-16-16zm-387.2-48h22.4c6.4 0 12.8-6.4 12.8-12.8v-70.4c0-6.4-6.4-12.8-12.8-12.8h-22.4c-6.4 0-12.8 6.4-12.8 12.8v70.4c0 6.4 6.4 12.8 12.8 12.8z\" class=\"\"><\/path><\/svg><\/i> <img loading=\"lazy\" decoding=\"async\" width=\"16\" height=\"16\" alt=\"Loading\" src=\"https:\/\/temucotelevision.cl\/web\/wp-content\/plugins\/page-views-count\/ajax-loader-2x.gif\" border=0 \/><\/p>\n<div class=\"pvc_clear\"><\/div>\n<p>El congresista valor\u00f3 que el proyecto se haya aprobado en ambas C\u00e1maras y de esta manera 4,5 millones de chilenos<\/p>\n","protected":false},"author":1,"featured_media":9926,"comment_status":"open","ping_status":"open","sticky":false,"template":"","format":"standard","meta":{"colormag_page_container_layout":"default_layout","colormag_page_sidebar_layout":"default_layout","footnotes":""},"categories":[84],"tags":[154,321],"class_list":["post-10413","post","type-post","status-publish","format-standard","has-post-thumbnail","hentry","category-politica","tag-diputado","tag-emergencia"],"a3_pvc":{"activated":true,"total_views":35,"today_views":0},"_links":{"self":[{"href":"https:\/\/temucotelevision.cl\/web\/wp-json\/wp\/v2\/posts\/10413","targetHints":{"allow":["GET"]}}],"collection":[{"href":"https:\/\/temucotelevision.cl\/web\/wp-json\/wp\/v2\/posts"}],"about":[{"href":"https:\/\/temucotelevision.cl\/web\/wp-json\/wp\/v2\/types\/post"}],"author":[{"embeddable":true,"href":"https:\/\/temucotelevision.cl\/web\/wp-json\/wp\/v2\/users\/1"}],"replies":[{"embeddable":true,"href":"https:\/\/temucotelevision.cl\/web\/wp-json\/wp\/v2\/comments?post=10413"}],"version-history":[{"count":1,"href":"https:\/\/temucotelevision.cl\/web\/wp-json\/wp\/v2\/posts\/10413\/revisions"}],"predecessor-version":[{"id":10414,"href":"https:\/\/temucotelevision.cl\/web\/wp-json\/wp\/v2\/posts\/10413\/revisions\/10414"}],"wp:featuredmedia":[{"embeddable":true,"href":"https:\/\/temucotelevision.cl\/web\/wp-json\/wp\/v2\/media\/9926"}],"wp:attachment":[{"href":"https:\/\/temucotelevision.cl\/web\/wp-json\/wp\/v2\/media?parent=10413"}],"wp:term":[{"taxonomy":"category","embeddable":true,"href":"https:\/\/temucotelevision.cl\/web\/wp-json\/wp\/v2\/categories?post=10413"},{"taxonomy":"post_tag","embeddable":true,"href":"https:\/\/temucotelevision.cl\/web\/wp-json\/wp\/v2\/tags?post=10413"}],"curies":[{"name":"wp","href":"https:\/\/api.w.org\/{rel}","templated":true}]}}